{"id":350,"date":"2016-12-01T07:59:05","date_gmt":"2016-12-01T06:59:05","guid":{"rendered":"http:\/\/5.45.101.177\/haut-allier\/usagers-transportse\/index.php\/2016\/12\/01\/la-fiche-horaire-clermont-ferrand350\/"},"modified":"2016-12-01T07:59:05","modified_gmt":"2016-12-01T06:59:05","slug":"la-fiche-horaire-clermont-ferrand350","status":"publish","type":"post","link":"https:\/\/usagers-transports.haut-allier.eu\/index.php\/2016\/12\/01\/la-fiche-horaire-clermont-ferrand350\/","title":{"rendered":"La fiche horaire Clermont Ferrand N\u00eemes Marseille \u00e0 partir du 11 d\u00e9cembre 2016"},"content":{"rendered":"<p>La SNCF vient de publier les horaires jusqu&rsquo;au 1er juillet 2017.<br \/>\n&nbsp;<br \/>\n<img loading=\"lazy\" decoding=\"async\" class=\" aligncenter size-full wp-image-2025\" src=\"http:\/\/5.45.101.177\/haut-allier\/usagers-transportse\/wp-content\/uploads\/2016\/12\/cl-nim.jpg\" alt=\"cl-nim.jpg\" align=\"center\" width=\"586\" height=\"429\" srcset=\"https:\/\/usagers-transports.haut-allier.eu\/wp-content\/uploads\/2016\/12\/cl-nim.jpg 586w, https:\/\/usagers-transports.haut-allier.eu\/wp-content\/uploads\/2016\/12\/cl-nim-300x220.jpg 300w\" sizes=\"auto, (max-width: 586px) 100vw, 586px\" \/><br \/>\n&nbsp;<br \/>\n<img loading=\"lazy\" decoding=\"async\" class=\" aligncenter size-full wp-image-2026\" src=\"http:\/\/5.45.101.177\/haut-allier\/usagers-transportse\/wp-content\/uploads\/2016\/12\/nim-cl.jpg\" alt=\"nim-cl.jpg\" align=\"center\" width=\"513\" height=\"432\" srcset=\"https:\/\/usagers-transports.haut-allier.eu\/wp-content\/uploads\/2016\/12\/nim-cl.jpg 513w, https:\/\/usagers-transports.haut-allier.eu\/wp-content\/uploads\/2016\/12\/nim-cl-300x253.jpg 300w\" sizes=\"auto, (max-width: 513px) 100vw, 513px\" \/><br \/>\n&nbsp;<br \/>\nPas de changements notables sur les horaires pr\u00e9c\u00e9dents.<br \/>\n&nbsp;<br \/>\nEsp\u00e9rons qu&rsquo;\u00e0 cette date Alleyras verra l&rsquo;Intercit\u00e9s Le C\u00e9venol s&rsquo;y arr\u00eater comme nous l&rsquo;avons maintes fois demand\u00e9.<br \/>\n&nbsp;<br \/>\n<a href=\"http:\/\/cdn.ter.sncf.com\/medias\/PDF\/auvergne\/I30%20E16%20V%20du%2001%20juil_tcm52-10235_tcm52-10234.pdf\"><strong>La fiche sur le site TER.<\/strong><\/a><\/p>\n","protected":false},"excerpt":{"rendered":"<p>La SNCF vient de publier les horaires jusqu&rsquo;au 1er juillet 2017. &nbsp; &nbsp; &nbsp; Pas de changements notables<\/p>\n","protected":false},"author":1,"featured_media":2024,"comment_status":"closed","ping_status":"open","sticky":false,"template":"","format":"standard","meta":{"footnotes":""},"categories":[3],"tags":[],"class_list":["post-350","post","type-post","status-publish","format-standard","has-post-thumbnail","hentry","category-en-train"],"_links":{"self":[{"href":"https:\/\/usagers-transports.haut-allier.eu\/index.php\/wp-json\/wp\/v2\/posts\/350","targetHints":{"allow":["GET"]}}],"collection":[{"href":"https:\/\/usagers-transports.haut-allier.eu\/index.php\/wp-json\/wp\/v2\/posts"}],"about":[{"href":"https:\/\/usagers-transports.haut-allier.eu\/index.php\/wp-json\/wp\/v2\/types\/post"}],"author":[{"embeddable":true,"href":"https:\/\/usagers-transports.haut-allier.eu\/index.php\/wp-json\/wp\/v2\/users\/1"}],"replies":[{"embeddable":true,"href":"https:\/\/usagers-transports.haut-allier.eu\/index.php\/wp-json\/wp\/v2\/comments?post=350"}],"version-history":[{"count":0,"href":"https:\/\/usagers-transports.haut-allier.eu\/index.php\/wp-json\/wp\/v2\/posts\/350\/revisions"}],"wp:featuredmedia":[{"embeddable":true,"href":"https:\/\/usagers-transports.haut-allier.eu\/index.php\/wp-json\/wp\/v2\/media\/2024"}],"wp:attachment":[{"href":"https:\/\/usagers-transports.haut-allier.eu\/index.php\/wp-json\/wp\/v2\/media?parent=350"}],"wp:term":[{"taxonomy":"category","embeddable":true,"href":"https:\/\/usagers-transports.haut-allier.eu\/index.php\/wp-json\/wp\/v2\/categories?post=350"},{"taxonomy":"post_tag","embeddable":true,"href":"https:\/\/usagers-transports.haut-allier.eu\/index.php\/wp-json\/wp\/v2\/tags?post=350"}],"curies":[{"name":"wp","href":"https:\/\/api.w.org\/{rel}","templated":true}]}}