{"id":351,"date":"2016-12-02T14:39:25","date_gmt":"2016-12-02T13:39:25","guid":{"rendered":"http:\/\/5.45.101.177\/haut-allier\/usagers-transportse\/index.php\/2016\/12\/02\/auvergne-rhone-alpes-le-delegue351\/"},"modified":"2016-12-02T14:39:25","modified_gmt":"2016-12-02T13:39:25","slug":"auvergne-rhone-alpes-le-delegue351","status":"publish","type":"post","link":"https:\/\/usagers-transports.haut-allier.eu\/index.php\/2016\/12\/02\/auvergne-rhone-alpes-le-delegue351\/","title":{"rendered":"Auvergne Rh\u00f4ne Alpes : le d\u00e9l\u00e9gu\u00e9 aux transports veut rencontrer les usagers des trains&#8230; \u00e0 l&rsquo;a\u00e9roport"},"content":{"rendered":"<p><strong>Ou comment organiser une rencontre avec des gens que l&rsquo;on ne veut pas voir&#8230;<\/strong><br \/>\n&nbsp;<br \/>\nPatrick Mignola, le vice pr\u00e9sident charg\u00e9 des transports \u00e0 la r\u00e9gion, daigne enfin rencontrer les organisations d&rsquo;usagers du train apr\u00e8s <strong>un an de silence<\/strong> et de refus de les \u00e9couter. Jamais une r\u00e9ponse \u00e0 nos courriers, aucun signe de consid\u00e9ration.<br \/>\n&nbsp;<br \/>\nPour bien signifier leur grande importance \u00e0 ses yeux, et \u00e0 ceux de son chef, le vice-pr\u00e9sident de Les R\u00e9publicains LW, un peu en d\u00e9samour actuellement \u00e0 Paris car r\u00e9cemment r\u00e9trograd\u00e9 par son parti [mode allusion OFF], rien n&rsquo;a \u00e9t\u00e9 trouv\u00e9 de mieux qu&rsquo;un rendez-vous \u00e0 l&rsquo;a\u00e9roport de Lyon Saint-Exup\u00e9ry. Un a\u00e9roport excentr\u00e9, dot\u00e9 d&rsquo;une gare TGV Paris Marseille excentr\u00e9e, non connect\u00e9e au r\u00e9seau des trains r\u00e9gionaux ce qui emp\u00eache toute venue par ce biais, de plus \u00e9loign\u00e9e du centre ville. Ainsi il est assur\u00e9 de la plus mauvaise couverture m\u00e9diatique locale, et de la non venue de la plupart des groupes d&rsquo;usagers. Ceux de Montlu\u00e7on dans l&rsquo;Allier par exemple devraient passer par Paris pour redescendre sur Lyon Saint-Exup\u00e9ry ! On peut difficilement se moquer plus d&rsquo;eux.<br \/>\n&nbsp;<br \/>\nLa date, l&rsquo;heure de la r\u00e9union et la dur\u00e9e ont \u00e9t\u00e9 judicieusement choisies :<br \/>\n&#8211; dans 7 jours seulement, pas suffisant pour beaucoup pour planifier un emploi du temps,<br \/>\n&#8211; un jeudi \u00e0 14h30 en pleine apr\u00e8s-midi,<br \/>\n&#8211; la dur\u00e9e : 2 heures. Le calcul a \u00e9t\u00e9 fait : pour le tour de table souhait\u00e9 cela laisse moins de 2 minutes de parole \u00e0 chaque organisation.<br \/>\n&nbsp;<\/p>\n<p><strong>La plupart des groupements d&rsquo;usagers d\u00e9clinent l&rsquo;invitation<\/strong><br \/>\n&nbsp;<br \/>\nLa moutarde est donc mont\u00e9e au nez de beaucoup d&rsquo;entre elles et d\u00e9j\u00e0 12 ont annonc\u00e9 leur non participation et demandent un rendez-vous plus adapt\u00e9. A cet instant ce sont ADEPLUS, ADULST 4269, ASURAIL, GEXRAIL, AERE, le tr&rsquo;AIN, ASULGV, ADUT, 2RATL, Le Cod\u00e9rail de Montlu\u00e7on, le Collectif des Usagers des transports du Haut Allier, les Usagers de la ligne 53 Chamb\u00e9ry-Modane AU53.<br \/>\n&nbsp;<br \/>\nLe d\u00e9l\u00e9gu\u00e9 dont on parle doit nous tenir au courant lors de cette rencontre \u00ab\u00a0des principaux dossiers Transport de la r\u00e9gion\u00a0\u00bb. Tr\u00e8s bien.<br \/>\n&nbsp;<br \/>\n<strong>Rappelons que c&rsquo;est la bonne gestion des transports ferroviaires de la r\u00e9gion (TER) qui nous int\u00e9resse, que les lignes du massif central sont dans une situation plus qu&rsquo;alarmante, que le service fourni par le prestataire SNCF se d\u00e9grade de jour en jour,  et que c&rsquo;est de la comp\u00e9tence de la r\u00e9gion de prendre des d\u00e9cisions pour y rem\u00e9dier. Vite. <\/strong><br \/>\n&nbsp;<\/p>\n<p><strong>[Mise \u00e0 jour du 2 d\u00e9cembre \u00e0 17h40]<\/strong><br \/>\n&nbsp;<br \/>\nLa r\u00e9union vient juste d&rsquo;\u00eatre report\u00e9e le lundi 16 janvier \u00e0 17h. au si\u00e8ge de la R\u00e9gion \u00e0 Lyon Confluence. C&rsquo;est mieux !<\/p>\n","protected":false},"excerpt":{"rendered":"<p>Ou comment organiser une rencontre avec des gens que l&rsquo;on ne veut pas voir&#8230; &nbsp; Patrick Mignola, le<\/p>\n","protected":false},"author":1,"featured_media":2027,"comment_status":"closed","ping_status":"open","sticky":false,"template":"","format":"standard","meta":{"footnotes":""},"categories":[3],"tags":[],"class_list":["post-351","post","type-post","status-publish","format-standard","has-post-thumbnail","hentry","category-en-train"],"_links":{"self":[{"href":"https:\/\/usagers-transports.haut-allier.eu\/index.php\/wp-json\/wp\/v2\/posts\/351","targetHints":{"allow":["GET"]}}],"collection":[{"href":"https:\/\/usagers-transports.haut-allier.eu\/index.php\/wp-json\/wp\/v2\/posts"}],"about":[{"href":"https:\/\/usagers-transports.haut-allier.eu\/index.php\/wp-json\/wp\/v2\/types\/post"}],"author":[{"embeddable":true,"href":"https:\/\/usagers-transports.haut-allier.eu\/index.php\/wp-json\/wp\/v2\/users\/1"}],"replies":[{"embeddable":true,"href":"https:\/\/usagers-transports.haut-allier.eu\/index.php\/wp-json\/wp\/v2\/comments?post=351"}],"version-history":[{"count":0,"href":"https:\/\/usagers-transports.haut-allier.eu\/index.php\/wp-json\/wp\/v2\/posts\/351\/revisions"}],"wp:featuredmedia":[{"embeddable":true,"href":"https:\/\/usagers-transports.haut-allier.eu\/index.php\/wp-json\/wp\/v2\/media\/2027"}],"wp:attachment":[{"href":"https:\/\/usagers-transports.haut-allier.eu\/index.php\/wp-json\/wp\/v2\/media?parent=351"}],"wp:term":[{"taxonomy":"category","embeddable":true,"href":"https:\/\/usagers-transports.haut-allier.eu\/index.php\/wp-json\/wp\/v2\/categories?post=351"},{"taxonomy":"post_tag","embeddable":true,"href":"https:\/\/usagers-transports.haut-allier.eu\/index.php\/wp-json\/wp\/v2\/tags?post=351"}],"curies":[{"name":"wp","href":"https:\/\/api.w.org\/{rel}","templated":true}]}}