{"id":352,"date":"2016-12-12T11:35:46","date_gmt":"2016-12-12T10:35:46","guid":{"rendered":"http:\/\/5.45.101.177\/haut-allier\/usagers-transportse\/index.php\/2016\/12\/12\/le-train-moins-cher-que-le-bus352\/"},"modified":"2016-12-12T11:35:46","modified_gmt":"2016-12-12T10:35:46","slug":"le-train-moins-cher-que-le-bus352","status":"publish","type":"post","link":"https:\/\/usagers-transports.haut-allier.eu\/index.php\/2016\/12\/12\/le-train-moins-cher-que-le-bus352\/","title":{"rendered":"Le train moins cher que le bus : N\u00eemes Langogne 5 ou Clermont 15 euros"},"content":{"rendered":"<p>En plus confortable et au tarif normal, sans conditions d&rsquo;abonnements ou de cartes. Apr\u00e8s la foire d&#8217;empoigne d&rsquo;il y a un an o\u00f9 les autocaristes Macron vendaient leurs billets \u00e0 perte, et apr\u00e8s les <a href=\"http:\/\/www.ladepeche.fr\/article\/2016\/11\/19\/2461958-cars-macron-le-groupe-megabus-se-retrouve-en-faillite.html\"><em>premi\u00e8res faillites<\/em><\/a> voil\u00e0 que bizarrement les tarifs bus augmentent&#8230; alors que la SNCF et les r\u00e9gions continuent \u00e0 faire des efforts sur le train. Intercit\u00e9s propose des tarifs incitatifs avec par exemple un nombre, certes toujours limit\u00e9, de places \u00e0 15 euros entre Clermont Ferrand et N\u00eemes (mais il faut r\u00e9server deux mois avant&#8230;). Les prix affich\u00e9s variant sur le trajet de 15 \u00e0 123, le plus souvent le billet \u00e9tant quand m\u00eame propos\u00e9 entre 46 et 90 euros !  Langogne N\u00eemes est propos\u00e9 en Intercit\u00e9s \u00e0 13 euros \u00e0 certaines dates, il faut s&rsquo;y prendre t\u00f4t. Les prix en bus, avec Flexibus, de Clermont \u00e0 N\u00eemes varient eux aussi de 46 euros \u00e0 la veille de No\u00ebl \u00e0 23 euros \u00e0 la mi janvier. On peut r\u00e9sumer en disant qu&rsquo;\u00e0 peu de choses pr\u00e8s les tarifs rivalisent.<br \/>\n&nbsp;<\/p>\n<p><em>Nous avons quand m\u00eame trouv\u00e9 un Clermont N\u00eemes \u00e0 21 euros le 24 d\u00e9cembre mais il faut attendre deux mois pour le m\u00eame trajet \u00e0 15 euros&#8230;<\/em><br \/>\n<img loading=\"lazy\" decoding=\"async\" class=\" aligncenter size-full wp-image-2029\" src=\"http:\/\/5.45.101.177\/haut-allier\/usagers-transportse\/wp-content\/uploads\/2016\/12\/Selectionnez_votre_aller_Clermont_Ferrand_Nimes-a.png\" alt=\"Selectionnez_votre_aller_Clermont_Ferrand_Nimes-a.png\" align=\"center\" width=\"673\" height=\"407\" srcset=\"https:\/\/usagers-transports.haut-allier.eu\/wp-content\/uploads\/2016\/12\/Selectionnez_votre_aller_Clermont_Ferrand_Nimes-a.png 673w, https:\/\/usagers-transports.haut-allier.eu\/wp-content\/uploads\/2016\/12\/Selectionnez_votre_aller_Clermont_Ferrand_Nimes-a-300x181.png 300w\" sizes=\"auto, (max-width: 673px) 100vw, 673px\" \/><br \/>\n<img loading=\"lazy\" decoding=\"async\" class=\" aligncenter size-full wp-image-2030\" src=\"http:\/\/5.45.101.177\/haut-allier\/usagers-transportse\/wp-content\/uploads\/2016\/12\/Selectionnez_votre_aller_Clermont_Ferrand_Nimesb.png\" alt=\"Selectionnez_votre_aller_Clermont_Ferrand_Nimesb.png\" align=\"center\" width=\"686\" height=\"457\" srcset=\"https:\/\/usagers-transports.haut-allier.eu\/wp-content\/uploads\/2016\/12\/Selectionnez_votre_aller_Clermont_Ferrand_Nimesb.png 686w, https:\/\/usagers-transports.haut-allier.eu\/wp-content\/uploads\/2016\/12\/Selectionnez_votre_aller_Clermont_Ferrand_Nimesb-300x200.png 300w\" sizes=\"auto, (max-width: 686px) 100vw, 686px\" \/><br \/>\n&nbsp;<\/p>\n<p><em>Le Langogne N\u00eemes lui est \u00e0 13 euros vers fin f\u00e9vrier&#8230;<\/em><br \/>\n<img loading=\"lazy\" decoding=\"async\" class=\" aligncenter size-full wp-image-2031\" src=\"http:\/\/5.45.101.177\/haut-allier\/usagers-transportse\/wp-content\/uploads\/2016\/12\/Selectionnez_votre_aller_Langogne_Nimes.png\" alt=\"Selectionnez_votre_aller_Langogne_Nimes.png\" align=\"center\" width=\"800\" height=\"450\" srcset=\"https:\/\/usagers-transports.haut-allier.eu\/wp-content\/uploads\/2016\/12\/Selectionnez_votre_aller_Langogne_Nimes.png 800w, https:\/\/usagers-transports.haut-allier.eu\/wp-content\/uploads\/2016\/12\/Selectionnez_votre_aller_Langogne_Nimes-300x169.png 300w, https:\/\/usagers-transports.haut-allier.eu\/wp-content\/uploads\/2016\/12\/Selectionnez_votre_aller_Langogne_Nimes-768x432.png 768w\" sizes=\"auto, (max-width: 800px) 100vw, 800px\" \/><br \/>\n&nbsp;<\/p>\n<p><em>Quand au bus c&rsquo;est pas brillant sur Clermont N\u00eemes avant No\u00ebl&#8230;<\/em><br \/>\n<img loading=\"lazy\" decoding=\"async\" class=\" aligncenter size-full wp-image-2032\" src=\"http:\/\/5.45.101.177\/haut-allier\/usagers-transportse\/wp-content\/uploads\/2016\/12\/Voyage_en_bus_de_Clermont_Ferrand_a_Nimes_le_23-12-2016.png\" alt=\"Voyage_en_bus_de_Clermont_Ferrand_a_Nimes_le_23-12-2016.png\" align=\"center\" width=\"595\" height=\"436\" srcset=\"https:\/\/usagers-transports.haut-allier.eu\/wp-content\/uploads\/2016\/12\/Voyage_en_bus_de_Clermont_Ferrand_a_Nimes_le_23-12-2016.png 595w, https:\/\/usagers-transports.haut-allier.eu\/wp-content\/uploads\/2016\/12\/Voyage_en_bus_de_Clermont_Ferrand_a_Nimes_le_23-12-2016-300x220.png 300w\" sizes=\"auto, (max-width: 595px) 100vw, 595px\" \/><br \/>\n&nbsp;<\/p>\n<p><em>C&rsquo;est un peu mieux \u00e0 fin janvier<\/em><br \/>\n<img loading=\"lazy\" decoding=\"async\" class=\" aligncenter size-full wp-image-2033\" src=\"http:\/\/5.45.101.177\/haut-allier\/usagers-transportse\/wp-content\/uploads\/2016\/12\/Voyage_en_bus_de_Clermont_Ferrand_a_Nimes_le_21-01-2017.png\" alt=\"Voyage_en_bus_de_Clermont_Ferrand_a_Nimes_le_21-01-2017.png\" align=\"center\" width=\"601\" height=\"499\" srcset=\"https:\/\/usagers-transports.haut-allier.eu\/wp-content\/uploads\/2016\/12\/Voyage_en_bus_de_Clermont_Ferrand_a_Nimes_le_21-01-2017.png 601w, https:\/\/usagers-transports.haut-allier.eu\/wp-content\/uploads\/2016\/12\/Voyage_en_bus_de_Clermont_Ferrand_a_Nimes_le_21-01-2017-300x249.png 300w\" sizes=\"auto, (max-width: 601px) 100vw, 601px\" \/><br \/>\n&nbsp;<\/p>\n<p><strong>Le Langogne N\u00eemes \u00e0 5 euros !<\/strong><\/p>\n<p>Mais mieux que les \u00ab\u00a0bons plans\u00a0\u00bb propos\u00e9s aujourd&rsquo;hui dans un article de <a href=\"http:\/\/www.midilibre.fr\/2016\/12\/10\/le-cevenol-devient-tres-attractif-pour-les-langonais,1438259.php\"><em>Midi Libre<\/em><\/a>, nous avons trouv\u00e9 bien mieux que le seul Intercit\u00e9s \u00e0 15 euros en f\u00e9vrier sur ce parcours : il suffit de prendre un TER normal jusqu&rsquo;\u00e0 La Bastide Saint-Laurent co\u00fbt : 4 euros voire 3 euros avec l&rsquo;Intercit\u00e9s, <\/p>\n<p><img loading=\"lazy\" decoding=\"async\" class=\" aligncenter size-full wp-image-2034\" src=\"http:\/\/5.45.101.177\/haut-allier\/usagers-transportse\/wp-content\/uploads\/2016\/12\/Selectionnez_votre_aller_Langogne_La_Bastide_Saint_Laurent_les_Bains.png\" alt=\"Selectionnez_votre_aller_Langogne_La_Bastide_Saint_Laurent_les_Bains.png\" align=\"center\" width=\"673\" height=\"499\" srcset=\"https:\/\/usagers-transports.haut-allier.eu\/wp-content\/uploads\/2016\/12\/Selectionnez_votre_aller_Langogne_La_Bastide_Saint_Laurent_les_Bains.png 673w, https:\/\/usagers-transports.haut-allier.eu\/wp-content\/uploads\/2016\/12\/Selectionnez_votre_aller_Langogne_La_Bastide_Saint_Laurent_les_Bains-300x222.png 300w\" sizes=\"auto, (max-width: 673px) 100vw, 673px\" \/><\/p>\n<p>&#8230;puis d&rsquo;acheter un billet \u00e0 1 euro Labastide N\u00eemes sur <a href=\"https:\/\/www.train1euro.fr\/\"><strong>ce site<\/strong><\/a> au moins la veille du d\u00e9part. Co\u00fbt total : 4 \u00e0 5 euros. Et ce pratiquement tout le temps. <\/p>\n<p><img loading=\"lazy\" decoding=\"async\" class=\" aligncenter size-full wp-image-2035\" src=\"http:\/\/5.45.101.177\/haut-allier\/usagers-transportse\/wp-content\/uploads\/2016\/12\/Train_a_1EUR.png\" alt=\"Train_a_1EUR.png\" align=\"center\" width=\"792\" height=\"493\" srcset=\"https:\/\/usagers-transports.haut-allier.eu\/wp-content\/uploads\/2016\/12\/Train_a_1EUR.png 792w, https:\/\/usagers-transports.haut-allier.eu\/wp-content\/uploads\/2016\/12\/Train_a_1EUR-300x187.png 300w, https:\/\/usagers-transports.haut-allier.eu\/wp-content\/uploads\/2016\/12\/Train_a_1EUR-768x478.png 768w\" sizes=\"auto, (max-width: 792px) 100vw, 792px\" \/><\/p>\n<p><strong>13 euros au mieux dans deux mois moins 4 euros tout le temps = 9 euros de gagn\u00e9s que vous pourrez utiliser pour votre petit d\u00e9jeuner \u00e0 Labastide. Merci qui ? <\/strong><br \/>\n&nbsp;<\/p>\n<p><strong>Quant au tarif \u00e0 un euro qui n&rsquo;est pas pratiqu\u00e9 partout sur les lignes r\u00e9gionales de Loz\u00e8re (pas \u00e0 Langogne ni Chapeauroux, ni Luc) malgr\u00e9 nos demandes r\u00e9it\u00e9r\u00e9es \u00e0 la r\u00e9gion d&rsquo;abord Languedoc Roussillon et maintenant Occitanie, rien ne bouge. Il semble que cela g\u00eane certains int\u00e9r\u00eats autocaristes, la liaison Langogne La Bastide s&rsquo;effectuant la plupart du temps en bus.<\/strong><\/p>\n","protected":false},"excerpt":{"rendered":"<p>En plus confortable et au tarif normal, sans conditions d&rsquo;abonnements ou de cartes. Apr\u00e8s la foire d&#8217;empoigne d&rsquo;il<\/p>\n","protected":false},"author":1,"featured_media":2028,"comment_status":"closed","ping_status":"open","sticky":false,"template":"","format":"standard","meta":{"footnotes":""},"categories":[3],"tags":[],"class_list":["post-352","post","type-post","status-publish","format-standard","has-post-thumbnail","hentry","category-en-train"],"_links":{"self":[{"href":"https:\/\/usagers-transports.haut-allier.eu\/index.php\/wp-json\/wp\/v2\/posts\/352","targetHints":{"allow":["GET"]}}],"collection":[{"href":"https:\/\/usagers-transports.haut-allier.eu\/index.php\/wp-json\/wp\/v2\/posts"}],"about":[{"href":"https:\/\/usagers-transports.haut-allier.eu\/index.php\/wp-json\/wp\/v2\/types\/post"}],"author":[{"embeddable":true,"href":"https:\/\/usagers-transports.haut-allier.eu\/index.php\/wp-json\/wp\/v2\/users\/1"}],"replies":[{"embeddable":true,"href":"https:\/\/usagers-transports.haut-allier.eu\/index.php\/wp-json\/wp\/v2\/comments?post=352"}],"version-history":[{"count":0,"href":"https:\/\/usagers-transports.haut-allier.eu\/index.php\/wp-json\/wp\/v2\/posts\/352\/revisions"}],"wp:featuredmedia":[{"embeddable":true,"href":"https:\/\/usagers-transports.haut-allier.eu\/index.php\/wp-json\/wp\/v2\/media\/2028"}],"wp:attachment":[{"href":"https:\/\/usagers-transports.haut-allier.eu\/index.php\/wp-json\/wp\/v2\/media?parent=352"}],"wp:term":[{"taxonomy":"category","embeddable":true,"href":"https:\/\/usagers-transports.haut-allier.eu\/index.php\/wp-json\/wp\/v2\/categories?post=352"},{"taxonomy":"post_tag","embeddable":true,"href":"https:\/\/usagers-transports.haut-allier.eu\/index.php\/wp-json\/wp\/v2\/tags?post=352"}],"curies":[{"name":"wp","href":"https:\/\/api.w.org\/{rel}","templated":true}]}}