{"id":353,"date":"2016-12-14T13:21:58","date_gmt":"2016-12-14T12:21:58","guid":{"rendered":"http:\/\/5.45.101.177\/haut-allier\/usagers-transportse\/index.php\/2016\/12\/14\/les-trains-cevenol-et-aubrac-sont353\/"},"modified":"2016-12-14T13:21:58","modified_gmt":"2016-12-14T12:21:58","slug":"les-trains-cevenol-et-aubrac-sont353","status":"publish","type":"post","link":"https:\/\/usagers-transports.haut-allier.eu\/index.php\/2016\/12\/14\/les-trains-cevenol-et-aubrac-sont353\/","title":{"rendered":"Les trains C\u00e9venol et Aubrac sont sauv\u00e9s ! Ce que la r\u00e9gion Occitanie a obtenu [avec l&rsquo;accord officiel]"},"content":{"rendered":"<p>Avant m\u00eame que la Restitution des Etats g\u00e9n\u00e9raux du Rail ait lieu le quotidien r\u00e9gional de Toulouse nous apprend que :<br \/>\n&nbsp;<br \/>\n<strong>Ligne des C\u00e9vennes Clermont-Ferrand N\u00eemes : <\/strong> l&rsquo;Intercit\u00e9s passe sous la coupe de la r\u00e9gion Occitanie, pour l&rsquo;instant pas de nouvelle d&rsquo;Auvergne Rh\u00f4ne Alpes, \u00e0 compter du 1er janvier 2018. Et, nous en avions tous r\u00eav\u00e9, cette r\u00e9gion a obtenu de l&rsquo;\u00e9tat en compensation <strong>le remplacement du mat\u00e9riel roulant par 3 rames Alstom Coradia Liner<\/strong> financ\u00e9es donc par ce dernier.<br \/>\n&nbsp;<br \/>\nL&rsquo;\u00e9tat versera \u00e9galement une contribution de fonctionnement \u00e0 la r\u00e9gion. L&rsquo;\u00e9tat et la R\u00e9gion Occitanie s&rsquo;engagent aussi \u00e0 renforcer les investissements pour p\u00e9renniser les infrastructures de la ligne, \u00e0 hauteur de 43 M\u20ac avec SNCF R\u00e9seau.<br \/>\n&nbsp;<br \/>\n<img loading=\"lazy\" decoding=\"async\" class=\" aligncenter size-full wp-image-2037\" src=\"http:\/\/5.45.101.177\/haut-allier\/usagers-transportse\/wp-content\/uploads\/2016\/12\/coradia-3.jpg\" alt=\"coradia-3.jpg\" align=\"center\" width=\"720\" height=\"450\" srcset=\"https:\/\/usagers-transports.haut-allier.eu\/wp-content\/uploads\/2016\/12\/coradia-3.jpg 720w, https:\/\/usagers-transports.haut-allier.eu\/wp-content\/uploads\/2016\/12\/coradia-3-300x188.jpg 300w\" sizes=\"auto, (max-width: 720px) 100vw, 720px\" \/><br \/>\n&nbsp;<br \/>\n&nbsp;<br \/>\n<strong>Ligne de l&rsquo;Aubrac Clermont-Ferrand B\u00e9ziers : <\/strong> Occitanie et \u00e9tat vont la g\u00e9rer en commun \u00e0 titre exp\u00e9rimental \u00e0 partir du 1er janvier 2017 pour une dur\u00e9e de 2 ans. Le d\u00e9ficit de cette ligne sera financ\u00e9 durant cette p\u00e9riode \u00e0 parit\u00e9. Les 2 ans termin\u00e9s, l&rsquo;\u00e9tat d\u00e9cidera de la suite \u00e0 donner&#8230;<br \/>\n&nbsp;<br \/>\n<strong>De tr\u00e8s bonnes nouvelles donc surtout pour le C\u00e9venol qui va redevenir attractif.<\/strong><br \/>\n&nbsp;<br \/>\n&nbsp;<br \/>\nL&rsquo;article de la D\u00e9p\u00eache du Midi : <a href=\"http:\/\/www.ladepeche.fr\/article\/2016\/12\/14\/2478844-accord-entre-etat-region-lignes-ferroviaires-cevenol-aubrac.html\"><em>Accord entre l&rsquo;Etat et la r\u00e9gion sur les lignes ferroviaires \u00ab\u00a0Le C\u00e9venol\u00a0\u00bb et \u00ab\u00a0l&rsquo;Aubrac\u00a0\u00bb<\/em><\/a><br \/>\n&nbsp;<br \/>\n<img loading=\"lazy\" decoding=\"async\" class=\" aligncenter size-full wp-image-2038\" src=\"http:\/\/5.45.101.177\/haut-allier\/usagers-transportse\/wp-content\/uploads\/2016\/12\/depeche-cevenol-aubrac-sauves-14dec2016.jpg\" alt=\"depeche-cevenol-aubrac-sauves-14dec2016.jpg\" align=\"center\" width=\"607\" height=\"628\" srcset=\"https:\/\/usagers-transports.haut-allier.eu\/wp-content\/uploads\/2016\/12\/depeche-cevenol-aubrac-sauves-14dec2016.jpg 607w, https:\/\/usagers-transports.haut-allier.eu\/wp-content\/uploads\/2016\/12\/depeche-cevenol-aubrac-sauves-14dec2016-290x300.jpg 290w\" sizes=\"auto, (max-width: 607px) 100vw, 607px\" \/><br \/>\n&nbsp;<br \/>\nL&rsquo;accord en question est lisible ici m\u00eame :<br \/>\n&nbsp;<br \/>\n<a href=\"http:\/\/5.45.101.177\/haut-allier\/usagers-transportse\/wp-content\/uploads\/2016\/12\/CP_-_Accord_TET_Etat-Region_Occitanie_-_14-12-16.pdf\">CP_-_Accord_TET_Etat-Region_Occitanie_-_14-12-16.pdf<\/a><br \/>\n&nbsp;<br \/>\n<em>Dans la presse :<\/em><br \/>\n&nbsp;<br \/>\n&#8211; Zoom d&rsquo;ici du 14\/12 \u00e0 20h : <a href=\"http:\/\/www.zoomdici.fr\/actualite\/Le-train-Cevenol-sauve-id155469.html\">Le train C\u00e9venol sauv\u00e9<\/a>.<br \/>\n&nbsp;<br \/>\n<img loading=\"lazy\" decoding=\"async\" class=\" aligncenter size-full wp-image-2040\" src=\"http:\/\/5.45.101.177\/haut-allier\/usagers-transportse\/wp-content\/uploads\/2016\/12\/joxi_screenshot_1481733965181a.png\" alt=\"joxi_screenshot_1481733965181a.png\" align=\"center\" width=\"569\" height=\"659\" srcset=\"https:\/\/usagers-transports.haut-allier.eu\/wp-content\/uploads\/2016\/12\/joxi_screenshot_1481733965181a.png 569w, https:\/\/usagers-transports.haut-allier.eu\/wp-content\/uploads\/2016\/12\/joxi_screenshot_1481733965181a-259x300.png 259w\" sizes=\"auto, (max-width: 569px) 100vw, 569px\" \/><br \/>\n<img loading=\"lazy\" decoding=\"async\" class=\" aligncenter size-full wp-image-2041\" src=\"http:\/\/5.45.101.177\/haut-allier\/usagers-transportse\/wp-content\/uploads\/2016\/12\/joxi_screenshot_1481733965181b.png\" alt=\"joxi_screenshot_1481733965181b.png\" align=\"center\" width=\"800\" height=\"659\" srcset=\"https:\/\/usagers-transports.haut-allier.eu\/wp-content\/uploads\/2016\/12\/joxi_screenshot_1481733965181b.png 800w, https:\/\/usagers-transports.haut-allier.eu\/wp-content\/uploads\/2016\/12\/joxi_screenshot_1481733965181b-300x247.png 300w, https:\/\/usagers-transports.haut-allier.eu\/wp-content\/uploads\/2016\/12\/joxi_screenshot_1481733965181b-768x633.png 768w\" sizes=\"auto, (max-width: 800px) 100vw, 800px\" \/><\/p>\n<p>&#8211; Econostrum : <a href=\"http:\/\/www.econostrum.info\/L-Etat-accepte-d-aider-deux-lignes-de-trains-en-Occitanie_a22608.html\">L&rsquo;Etat accepte d&rsquo;aider deux lignes de trains en Occitanie<\/a><\/p>\n<p>&#8211; Mobilicit\u00e9s : <a href=\"http:\/\/www.mobilicites.com\/011-5701-TET-un-accord-a-ete-trouve-entre-l-Etat-et-la-Region-Occitanie-Pyrenees-Mediterranee.html\">TET un accord a \u00e9t\u00e9 trouv\u00e9 entre l\u2019\u00c9tat et la r\u00e9gion Occitanie<\/a><\/p>\n<p>&#8211; France TV Info : <a href=\"http:\/\/france3-regions.francetvinfo.fr\/languedoc-roussillon\/herault\/montpellier-metropole\/montpellier\/train-cevenol-entre-clermont-ferrand-nimes-sauve-region-occitanie-1155365.html\">Le train C\u00e9venol entre Clermont-Ferrand et N\u00eemes sauv\u00e9 par la r\u00e9gion Occitanie<\/a><\/p>\n<p>&#8211; Localtis : <a href=\"http:\/\/www.localtis.info\/cs\/ContentServer?pagename=Localtis\/LOCActu\/ArticleActualite&#038;jid=1250272201216&#038;cid=1250271999443\">Accord entre l&rsquo;Etat et la r\u00e9gion Occitanie pour deux lignes de trains Intercit\u00e9s<\/a><\/p>\n<p>&#8211; Midi Libre du 15 d\u00e9cembre : Rail : <a href=\"http:\/\/www.midilibre.fr\/2016\/12\/15\/rail-la-region-remet-sur-les-rails-les-lignes-du-cevenol-et-de-l-aubrac,1440766.php\">la R\u00e9gion remet sur les rails les lignes du C\u00e9venol et de l\u2019Aubrac<\/a><br \/>\n&nbsp;<\/p>\n<p><strong>Les pr\u00e9cisions de Jean-Luc Gibelin, d\u00e9l\u00e9gu\u00e9 aux transports de la r\u00e9gion Occitanie, sur France Bleu Gard Loz\u00e8re le 16 d\u00e9cembre \u00e0 7h50 :<\/strong><br \/>\n&nbsp;<br \/>\n<a href=\"http:\/\/5.45.101.177\/haut-allier\/usagers-transportse\/wp-content\/uploads\/2016\/12\/vlc-record-2016-12-16-07h51m37s-http___direct-francebleu-fr_live_fbgardlozere-midfi-mp3-.mp3\">vlc-record-2016-12-16-07h51m37s-http___direct-francebleu-fr_live_fbgardlozere-midfi-mp3-.mp3<\/a><br \/>\n&nbsp;<\/p>\n<p><strong>La r\u00e9action d&rsquo;usagers sur France Bleu Gard Loz\u00e8re dans la Ligne Ouverte du 16 d\u00e9cembre \u00e0 8h15 :<\/strong><br \/>\n&nbsp;<br \/>\n<a href=\"http:\/\/5.45.101.177\/haut-allier\/usagers-transportse\/wp-content\/uploads\/2016\/12\/usagers-transports-haut-allier-eu-fbgardlozere-ligne-ouverte-16dec2016.mp3\">usagers-transports-haut-allier-eu-fbgardlozere-ligne-ouverte-16dec2016.mp3<\/a><\/p>\n","protected":false},"excerpt":{"rendered":"<p>Avant m\u00eame que la Restitution des Etats g\u00e9n\u00e9raux du Rail ait lieu le quotidien r\u00e9gional de Toulouse nous<\/p>\n","protected":false},"author":1,"featured_media":2036,"comment_status":"closed","ping_status":"open","sticky":false,"template":"","format":"standard","meta":{"footnotes":""},"categories":[3],"tags":[],"class_list":["post-353","post","type-post","status-publish","format-standard","has-post-thumbnail","hentry","category-en-train"],"_links":{"self":[{"href":"https:\/\/usagers-transports.haut-allier.eu\/index.php\/wp-json\/wp\/v2\/posts\/353","targetHints":{"allow":["GET"]}}],"collection":[{"href":"https:\/\/usagers-transports.haut-allier.eu\/index.php\/wp-json\/wp\/v2\/posts"}],"about":[{"href":"https:\/\/usagers-transports.haut-allier.eu\/index.php\/wp-json\/wp\/v2\/types\/post"}],"author":[{"embeddable":true,"href":"https:\/\/usagers-transports.haut-allier.eu\/index.php\/wp-json\/wp\/v2\/users\/1"}],"replies":[{"embeddable":true,"href":"https:\/\/usagers-transports.haut-allier.eu\/index.php\/wp-json\/wp\/v2\/comments?post=353"}],"version-history":[{"count":0,"href":"https:\/\/usagers-transports.haut-allier.eu\/index.php\/wp-json\/wp\/v2\/posts\/353\/revisions"}],"wp:featuredmedia":[{"embeddable":true,"href":"https:\/\/usagers-transports.haut-allier.eu\/index.php\/wp-json\/wp\/v2\/media\/2036"}],"wp:attachment":[{"href":"https:\/\/usagers-transports.haut-allier.eu\/index.php\/wp-json\/wp\/v2\/media?parent=353"}],"wp:term":[{"taxonomy":"category","embeddable":true,"href":"https:\/\/usagers-transports.haut-allier.eu\/index.php\/wp-json\/wp\/v2\/categories?post=353"},{"taxonomy":"post_tag","embeddable":true,"href":"https:\/\/usagers-transports.haut-allier.eu\/index.php\/wp-json\/wp\/v2\/tags?post=353"}],"curies":[{"name":"wp","href":"https:\/\/api.w.org\/{rel}","templated":true}]}}