{"id":355,"date":"2016-12-16T17:23:45","date_gmt":"2016-12-16T16:23:45","guid":{"rendered":"http:\/\/5.45.101.177\/haut-allier\/usagers-transportse\/index.php\/2016\/12\/16\/un-calendrier-pour-la-reouverture355\/"},"modified":"2016-12-16T17:23:45","modified_gmt":"2016-12-16T16:23:45","slug":"un-calendrier-pour-la-reouverture355","status":"publish","type":"post","link":"https:\/\/usagers-transports.haut-allier.eu\/index.php\/2016\/12\/16\/un-calendrier-pour-la-reouverture355\/","title":{"rendered":"Un calendrier pour la r\u00e9ouverture aux voyageurs de la ligne SNCF de fret rive droite du Rh\u00f4ne"},"content":{"rendered":"<p>On ne peut que saluer l&rsquo;\u00e9coute positive et la prise en compte courageuse des actions des usagers de la r\u00e9gion Occitanie. Cel\u00e0 nous avait \u00e9chapp\u00e9 mercredi dernier lors de la <a href=\"http:\/\/usagers-transports.haut-allier.eu\/?etats-generaux-du-rail-les,354\"><em>restitution des Etats g\u00e9n\u00e9raux du rail<\/em><\/a> mais des assurances ont \u00e9t\u00e9 donn\u00e9es avec un calendrier pr\u00e9cis \u00e0 l&rsquo;association des riverains de la rive droite du Rh\u00f4ne. On pourra \u00e9couter \u00e0 ce sujet Jean-Luc Gibelin sur le sujet <a href=\"http:\/\/usagers-transports.haut-allier.eu\/?les-trains-cevenol-et-aubrac-sont,353\"><strong>ce matin vendredi \u00e0 France Bleu Gard Loz\u00e8re (fin de page)<\/strong><\/a>.<br \/>\n&nbsp;<br \/>\n<img loading=\"lazy\" decoding=\"async\" class=\" aligncenter size-full wp-image-2052\" src=\"http:\/\/5.45.101.177\/haut-allier\/usagers-transportse\/wp-content\/uploads\/2016\/12\/gardrhodobj.jpg\" alt=\"gardrhodobj.jpg\" align=\"center\" width=\"591\" height=\"798\" srcset=\"https:\/\/usagers-transports.haut-allier.eu\/wp-content\/uploads\/2016\/12\/gardrhodobj.jpg 591w, https:\/\/usagers-transports.haut-allier.eu\/wp-content\/uploads\/2016\/12\/gardrhodobj-222x300.jpg 222w\" sizes=\"auto, (max-width: 591px) 100vw, 591px\" \/><br \/>\n&nbsp;<br \/>\nC&rsquo;est un article d&rsquo;Objectif Gard.<br \/>\n&nbsp;<br \/>\nMalgr\u00e9 nos <a href=\"http:\/\/usagers-transports.haut-allier.eu\/?chouette-la-region-occitanie-nous,347\"><strong>craintes <\/strong><\/a> d&rsquo;il y a quinze jours la volont\u00e9 politique de cette nouvelle r\u00e9gion. Une p\u00e9riode de collaboration saine s&rsquo;ouvre avec l&rsquo;autorit\u00e9 organisatrice. Nous souhaitons fortement que l&rsquo;\u00e9coute de la SNCF soit aussi positive et abandonne l&rsquo;habituelle langue de bois. Il y aura du boulot. Du boulot aussi par la r\u00e9gion Auvergne Rh\u00f4ne Alpes qui va devoir cog\u00e9rer, d&rsquo;apr\u00e8s ce que nous avons compris, le TET C\u00e9venol, son pr\u00e9sident et son d\u00e9l\u00e9gu\u00e9 aux transports pr\u00e9f\u00e9rant satisfaire leurs amis politiques plut\u00f4t qu&rsquo;\u00e9couter les usagers.<\/p>\n","protected":false},"excerpt":{"rendered":"<p>On ne peut que saluer l&rsquo;\u00e9coute positive et la prise en compte courageuse des actions des usagers de<\/p>\n","protected":false},"author":1,"featured_media":2051,"comment_status":"closed","ping_status":"open","sticky":false,"template":"","format":"standard","meta":{"footnotes":""},"categories":[3],"tags":[],"class_list":["post-355","post","type-post","status-publish","format-standard","has-post-thumbnail","hentry","category-en-train"],"_links":{"self":[{"href":"https:\/\/usagers-transports.haut-allier.eu\/index.php\/wp-json\/wp\/v2\/posts\/355","targetHints":{"allow":["GET"]}}],"collection":[{"href":"https:\/\/usagers-transports.haut-allier.eu\/index.php\/wp-json\/wp\/v2\/posts"}],"about":[{"href":"https:\/\/usagers-transports.haut-allier.eu\/index.php\/wp-json\/wp\/v2\/types\/post"}],"author":[{"embeddable":true,"href":"https:\/\/usagers-transports.haut-allier.eu\/index.php\/wp-json\/wp\/v2\/users\/1"}],"replies":[{"embeddable":true,"href":"https:\/\/usagers-transports.haut-allier.eu\/index.php\/wp-json\/wp\/v2\/comments?post=355"}],"version-history":[{"count":0,"href":"https:\/\/usagers-transports.haut-allier.eu\/index.php\/wp-json\/wp\/v2\/posts\/355\/revisions"}],"wp:featuredmedia":[{"embeddable":true,"href":"https:\/\/usagers-transports.haut-allier.eu\/index.php\/wp-json\/wp\/v2\/media\/2051"}],"wp:attachment":[{"href":"https:\/\/usagers-transports.haut-allier.eu\/index.php\/wp-json\/wp\/v2\/media?parent=355"}],"wp:term":[{"taxonomy":"category","embeddable":true,"href":"https:\/\/usagers-transports.haut-allier.eu\/index.php\/wp-json\/wp\/v2\/categories?post=355"},{"taxonomy":"post_tag","embeddable":true,"href":"https:\/\/usagers-transports.haut-allier.eu\/index.php\/wp-json\/wp\/v2\/tags?post=355"}],"curies":[{"name":"wp","href":"https:\/\/api.w.org\/{rel}","templated":true}]}}