{"id":356,"date":"2016-12-22T08:43:12","date_gmt":"2016-12-22T07:43:12","guid":{"rendered":"http:\/\/5.45.101.177\/haut-allier\/usagers-transportse\/index.php\/2016\/12\/22\/gorges-du-haut-allier-nouvelle356\/"},"modified":"2016-12-22T08:43:12","modified_gmt":"2016-12-22T07:43:12","slug":"gorges-du-haut-allier-nouvelle356","status":"publish","type":"post","link":"https:\/\/usagers-transports.haut-allier.eu\/index.php\/2016\/12\/22\/gorges-du-haut-allier-nouvelle356\/","title":{"rendered":"Gorges du Haut-Allier : nouvelle halte du train Intercit\u00e9s C\u00e9venol \u00e0 partir de juillet 2017"},"content":{"rendered":"<p>La r\u00e9ponse \u00e0 notre demande de nouvel arr\u00eat \u00e0 Alleyras est arriv\u00e9e de la direction Intercit\u00e9s \u00e0 Paris dont voici un extrait :<br \/>\n&nbsp;<br \/>\n<img loading=\"lazy\" decoding=\"async\" class=\" aligncenter size-full wp-image-2054\" src=\"http:\/\/5.45.101.177\/haut-allier\/usagers-transportse\/wp-content\/uploads\/2016\/12\/alleyras-capitale-info-19dec2016-arrets-cevenol.jpg\" alt=\"alleyras-capitale-info-19dec2016-arrets-cevenol.jpg\" align=\"center\" width=\"800\" height=\"323\" srcset=\"https:\/\/usagers-transports.haut-allier.eu\/wp-content\/uploads\/2016\/12\/alleyras-capitale-info-19dec2016-arrets-cevenol.jpg 800w, https:\/\/usagers-transports.haut-allier.eu\/wp-content\/uploads\/2016\/12\/alleyras-capitale-info-19dec2016-arrets-cevenol-300x121.jpg 300w, https:\/\/usagers-transports.haut-allier.eu\/wp-content\/uploads\/2016\/12\/alleyras-capitale-info-19dec2016-arrets-cevenol-768x310.jpg 768w\" sizes=\"auto, (max-width: 800px) 100vw, 800px\" \/><br \/>\n&nbsp;<br \/>\nCette r\u00e9ponse est strat\u00e9giquement importante car les r\u00e9gions vont reprendre la gestion de ces trains en 2018 et il \u00e9tait de loin pr\u00e9f\u00e9rable que notre demande soit trait\u00e9e par l\u2019actuelle autorit\u00e9 organisatrice, la SNCF, plut\u00f4t qu\u2019avec la future, la r\u00e9gion Auvergne Rh\u00f4ne Alpes sourde au dialogue avec les usagers depuis sa cr\u00e9ation.<br \/>\n&nbsp;<br \/>\nLe fait que la mise en place des deux arr\u00eats du train TET soit faite \u00e0 titre exp\u00e9rimental sur les deux mois d\u2019\u00e9t\u00e9 est \u00e0 rapprocher de la m\u00eame exp\u00e9rience faite l&rsquo;\u00e9t\u00e9 dernier \u00e0 Monistrol d\u2019Allier : qui a \u00e9t\u00e9 d\u00e9finitivement \u00e9tendue \u00e0 l\u2019ann\u00e9e par la SNCF.<br \/>\n&nbsp;<br \/>\nComme vous le savez le train du C\u00e9venol va faire l\u2019objet d\u2019un remplacement par les nouvelles rames Alsthom de type Coradia Liner, train en standart en bi-mode de motorisation, \u00e9lectrique et gasole, parfaitement adapt\u00e9 au rallongement souhait\u00e9 par la r\u00e9gion Occitanie vers Marseille. M\u00eame s&rsquo;ils ne sont pas encore l\u00e0 en juillet prochain.<br \/>\n&nbsp;<br \/>\nNul doute que ces deux nouveaux arr\u00eats auront le succ\u00e8s m\u00e9rit\u00e9.<br \/>\n&nbsp;<\/p>\n","protected":false},"excerpt":{"rendered":"<p>La r\u00e9ponse \u00e0 notre demande de nouvel arr\u00eat \u00e0 Alleyras est arriv\u00e9e de la direction Intercit\u00e9s \u00e0 Paris<\/p>\n","protected":false},"author":1,"featured_media":2053,"comment_status":"closed","ping_status":"open","sticky":false,"template":"","format":"standard","meta":{"footnotes":""},"categories":[3],"tags":[],"class_list":["post-356","post","type-post","status-publish","format-standard","has-post-thumbnail","hentry","category-en-train"],"_links":{"self":[{"href":"https:\/\/usagers-transports.haut-allier.eu\/index.php\/wp-json\/wp\/v2\/posts\/356","targetHints":{"allow":["GET"]}}],"collection":[{"href":"https:\/\/usagers-transports.haut-allier.eu\/index.php\/wp-json\/wp\/v2\/posts"}],"about":[{"href":"https:\/\/usagers-transports.haut-allier.eu\/index.php\/wp-json\/wp\/v2\/types\/post"}],"author":[{"embeddable":true,"href":"https:\/\/usagers-transports.haut-allier.eu\/index.php\/wp-json\/wp\/v2\/users\/1"}],"replies":[{"embeddable":true,"href":"https:\/\/usagers-transports.haut-allier.eu\/index.php\/wp-json\/wp\/v2\/comments?post=356"}],"version-history":[{"count":0,"href":"https:\/\/usagers-transports.haut-allier.eu\/index.php\/wp-json\/wp\/v2\/posts\/356\/revisions"}],"wp:featuredmedia":[{"embeddable":true,"href":"https:\/\/usagers-transports.haut-allier.eu\/index.php\/wp-json\/wp\/v2\/media\/2053"}],"wp:attachment":[{"href":"https:\/\/usagers-transports.haut-allier.eu\/index.php\/wp-json\/wp\/v2\/media?parent=356"}],"wp:term":[{"taxonomy":"category","embeddable":true,"href":"https:\/\/usagers-transports.haut-allier.eu\/index.php\/wp-json\/wp\/v2\/categories?post=356"},{"taxonomy":"post_tag","embeddable":true,"href":"https:\/\/usagers-transports.haut-allier.eu\/index.php\/wp-json\/wp\/v2\/tags?post=356"}],"curies":[{"name":"wp","href":"https:\/\/api.w.org\/{rel}","templated":true}]}}