{"id":357,"date":"2017-01-06T10:13:28","date_gmt":"2017-01-06T09:13:28","guid":{"rendered":"http:\/\/5.45.101.177\/haut-allier\/usagers-transportse\/index.php\/2017\/01\/06\/il-y-a-150-ans-l-ouverture-de-la357\/"},"modified":"2017-01-06T10:13:28","modified_gmt":"2017-01-06T09:13:28","slug":"il-y-a-150-ans-l-ouverture-de-la357","status":"publish","type":"post","link":"https:\/\/usagers-transports.haut-allier.eu\/index.php\/2017\/01\/06\/il-y-a-150-ans-l-ouverture-de-la357\/","title":{"rendered":"Il y a 150 ans l&rsquo;ouverture de la ligne du C\u00e9venol La Grand&rsquo;Combe Villefort"},"content":{"rendered":"<p>3 jours de f\u00eate pour la comm\u00e9morer sont pr\u00e9vus cet \u00e9t\u00e9 les 30 juin, 1er et 2 juillet 2017.<br \/>\n&nbsp;<br \/>\nL&rsquo;ouverture de la Ligne des C\u00e9vennes entre Grand&rsquo;Combe-la-Levade et Villefort a eu lieu en 1867, soit il y a tout juste 150 ans ! Ainsi c&rsquo;\u00e9tait la premi\u00e8re fois que la Loz\u00e8re \u00e9tait accessible par le train ! La ligne des Causses ne l&rsquo;a atteint que plus tard (1883) et Mende d\u00fb attendre 1884 via Le Monastier et 1902 via La Bastide.<br \/>\n&nbsp;<br \/>\nVoici ce qui est envisag\u00e9 :<br \/>\n&nbsp;<\/p>\n<p>-Vendredi 30 juin \u00e0 Chamborigaud (30) : film sur la Ligne des C\u00e9vennes, suivie d\u2019un d\u00e9bat.<br \/>\n&#8211; Samedi 1er juillet \u00e0 Chamborigaud (30) : Grande f\u00eate du C\u00e9venol. Train \u00e0 vapeur, expos de peintures, mod\u00e9lisme ferroviaire et r\u00e9seau miniature sur route pour visiter le village, repas champ\u00eatre. Le soir Son et lumi\u00e8re au viaduc avec spectacle vivant.<br \/>\n&#8211; Dimanche 2 juillet \u00e0 Chamborigaud (30) : Grande f\u00eate du train C\u00e9venol avec Fanfare, groupes folkloriques&#8230;<br \/>\n&nbsp;<\/p>\n<p>L&rsquo;initiative de cet \u00e9v\u00e9nement revient \u00e0 la municipalit\u00e9 de Chamborigaud. Elle est soutenue par l&rsquo;ensemble des associations et collectifs de d\u00e9fense de la ligne.<br \/>\n&nbsp;<\/p>\n<p>Et on nous souffle que pour le centenaire, en 1967, il y avait eu la Crampton en sp\u00e9cial guest star, qui s&rsquo;\u00e9tait pavan\u00e9e une bonne partie de l&rsquo;apr\u00e8s-midi sur le viaduc du Lu\u00ebch.<\/p>\n","protected":false},"excerpt":{"rendered":"<p>3 jours de f\u00eate pour la comm\u00e9morer sont pr\u00e9vus cet \u00e9t\u00e9 les 30 juin, 1er et 2 juillet<\/p>\n","protected":false},"author":1,"featured_media":2055,"comment_status":"closed","ping_status":"open","sticky":false,"template":"","format":"standard","meta":{"footnotes":""},"categories":[3],"tags":[],"class_list":["post-357","post","type-post","status-publish","format-standard","has-post-thumbnail","hentry","category-en-train"],"_links":{"self":[{"href":"https:\/\/usagers-transports.haut-allier.eu\/index.php\/wp-json\/wp\/v2\/posts\/357","targetHints":{"allow":["GET"]}}],"collection":[{"href":"https:\/\/usagers-transports.haut-allier.eu\/index.php\/wp-json\/wp\/v2\/posts"}],"about":[{"href":"https:\/\/usagers-transports.haut-allier.eu\/index.php\/wp-json\/wp\/v2\/types\/post"}],"author":[{"embeddable":true,"href":"https:\/\/usagers-transports.haut-allier.eu\/index.php\/wp-json\/wp\/v2\/users\/1"}],"replies":[{"embeddable":true,"href":"https:\/\/usagers-transports.haut-allier.eu\/index.php\/wp-json\/wp\/v2\/comments?post=357"}],"version-history":[{"count":0,"href":"https:\/\/usagers-transports.haut-allier.eu\/index.php\/wp-json\/wp\/v2\/posts\/357\/revisions"}],"wp:featuredmedia":[{"embeddable":true,"href":"https:\/\/usagers-transports.haut-allier.eu\/index.php\/wp-json\/wp\/v2\/media\/2055"}],"wp:attachment":[{"href":"https:\/\/usagers-transports.haut-allier.eu\/index.php\/wp-json\/wp\/v2\/media?parent=357"}],"wp:term":[{"taxonomy":"category","embeddable":true,"href":"https:\/\/usagers-transports.haut-allier.eu\/index.php\/wp-json\/wp\/v2\/categories?post=357"},{"taxonomy":"post_tag","embeddable":true,"href":"https:\/\/usagers-transports.haut-allier.eu\/index.php\/wp-json\/wp\/v2\/tags?post=357"}],"curies":[{"name":"wp","href":"https:\/\/api.w.org\/{rel}","templated":true}]}}