{"id":360,"date":"2017-01-09T20:44:58","date_gmt":"2017-01-09T19:44:58","guid":{"rendered":"http:\/\/5.45.101.177\/haut-allier\/usagers-transportse\/index.php\/2017\/01\/09\/un-nouveau-recueil-sur-les-voies360\/"},"modified":"2017-01-09T20:44:58","modified_gmt":"2017-01-09T19:44:58","slug":"un-nouveau-recueil-sur-les-voies360","status":"publish","type":"post","link":"https:\/\/usagers-transports.haut-allier.eu\/index.php\/2017\/01\/09\/un-nouveau-recueil-sur-les-voies360\/","title":{"rendered":"Un nouveau recueil sur les voies ferr\u00e9es en Ard\u00e8che"},"content":{"rendered":"<p>L&rsquo;Ard\u00e8che est le premier d\u00e9partement sans train de voyageurs depuis 1968 mais a une riche histoire du chemin de fer depuis l\u2019invention de la chaudi\u00e8re tubulaire par Marc Seguin n\u00e9 \u00e0 Annonay.<br \/>\n&nbsp;<br \/>\nL\u2019association M\u00e9moire d\u2019Ard\u00e8che et Temps Pr\u00e9sent a publi\u00e9 cet automne son cahier n\u00b0132 traitant des voies ferr\u00e9es en Ard\u00e8che. Il est disponible en commande sur le <a href=\"http:\/\/www.memoire-ardeche.com\/cahiers\/132.htm\"><strong>site de l\u2019association<\/strong><\/a>.<br \/>\n&nbsp;<br \/>\nQuelques images extraites de ce travail exemplaire traitant ici de la construction de la ligne Le Puy en Velay Lamastre, la Transc\u00e9venole, qui ne verra jamais le jour. Ci dessous la construction du viaduc de la Recoum\u00e8ne au Monastier sur Gazeille.<br \/>\n&nbsp;<br \/>\n<em>La mise en place d&rsquo;une vo\u00fbte en bois&#8230; <\/em><br \/>\n<img loading=\"lazy\" decoding=\"async\" class=\" aligncenter size-full wp-image-2062\" src=\"http:\/\/5.45.101.177\/haut-allier\/usagers-transportse\/wp-content\/uploads\/2017\/01\/viaduc-recoumene-00.jpg\" alt=\"viaduc-recoumene-00.jpg\" align=\"center\" width=\"388\" height=\"608\" srcset=\"https:\/\/usagers-transports.haut-allier.eu\/wp-content\/uploads\/2017\/01\/viaduc-recoumene-00.jpg 388w, https:\/\/usagers-transports.haut-allier.eu\/wp-content\/uploads\/2017\/01\/viaduc-recoumene-00-191x300.jpg 191w\" sizes=\"auto, (max-width: 388px) 100vw, 388px\" \/><br \/>\n&nbsp;<br \/>\n<em>&#8230;qui supporteront les blocs de pierre<\/em><br \/>\n<img loading=\"lazy\" decoding=\"async\" class=\" aligncenter size-full wp-image-2063\" src=\"http:\/\/5.45.101.177\/haut-allier\/usagers-transportse\/wp-content\/uploads\/2017\/01\/viaduc-recoumene-01.jpg\" alt=\"viaduc-recoumene-01.jpg\" align=\"center\" width=\"338\" height=\"472\" srcset=\"https:\/\/usagers-transports.haut-allier.eu\/wp-content\/uploads\/2017\/01\/viaduc-recoumene-01.jpg 338w, https:\/\/usagers-transports.haut-allier.eu\/wp-content\/uploads\/2017\/01\/viaduc-recoumene-01-215x300.jpg 215w\" sizes=\"auto, (max-width: 338px) 100vw, 338px\" \/><br \/>\n&nbsp;<br \/>\n<em>L&rsquo;ensemble des vo\u00fbtes en bois du viaduc<\/em><br \/>\n<img loading=\"lazy\" decoding=\"async\" class=\" aligncenter size-full wp-image-2064\" src=\"http:\/\/5.45.101.177\/haut-allier\/usagers-transportse\/wp-content\/uploads\/2017\/01\/viaduc-recoumene-02.jpg\" alt=\"viaduc-recoumene-02.jpg\" align=\"center\" width=\"797\" height=\"428\" srcset=\"https:\/\/usagers-transports.haut-allier.eu\/wp-content\/uploads\/2017\/01\/viaduc-recoumene-02.jpg 797w, https:\/\/usagers-transports.haut-allier.eu\/wp-content\/uploads\/2017\/01\/viaduc-recoumene-02-300x161.jpg 300w, https:\/\/usagers-transports.haut-allier.eu\/wp-content\/uploads\/2017\/01\/viaduc-recoumene-02-768x412.jpg 768w\" sizes=\"auto, (max-width: 797px) 100vw, 797px\" \/><br \/>\n&nbsp;<br \/>\n<em>Une pens\u00e9e \u00e9mue pour ces hommes, nos grands parents parfois, des \u00e9trangers souvent, italiens ou polonais, qui ont construit tous ces ouvrages d&rsquo;art au p\u00e9ril de leur vie. Eux l&rsquo;ont fait ici pour rien<\/em><br \/>\n<img loading=\"lazy\" decoding=\"async\" class=\" aligncenter size-full wp-image-2065\" src=\"http:\/\/5.45.101.177\/haut-allier\/usagers-transportse\/wp-content\/uploads\/2017\/01\/viaduc-recoumene-03.jpg\" alt=\"viaduc-recoumene-03.jpg\" align=\"center\" width=\"800\" height=\"489\" srcset=\"https:\/\/usagers-transports.haut-allier.eu\/wp-content\/uploads\/2017\/01\/viaduc-recoumene-03.jpg 800w, https:\/\/usagers-transports.haut-allier.eu\/wp-content\/uploads\/2017\/01\/viaduc-recoumene-03-300x183.jpg 300w, https:\/\/usagers-transports.haut-allier.eu\/wp-content\/uploads\/2017\/01\/viaduc-recoumene-03-768x469.jpg 768w\" sizes=\"auto, (max-width: 800px) 100vw, 800px\" \/><br \/>\n&nbsp;<\/p>\n","protected":false},"excerpt":{"rendered":"<p>L&rsquo;Ard\u00e8che est le premier d\u00e9partement sans train de voyageurs depuis 1968 mais a une riche histoire du chemin<\/p>\n","protected":false},"author":1,"featured_media":2061,"comment_status":"closed","ping_status":"open","sticky":false,"template":"","format":"standard","meta":{"footnotes":""},"categories":[3],"tags":[],"class_list":["post-360","post","type-post","status-publish","format-standard","has-post-thumbnail","hentry","category-en-train"],"_links":{"self":[{"href":"https:\/\/usagers-transports.haut-allier.eu\/index.php\/wp-json\/wp\/v2\/posts\/360","targetHints":{"allow":["GET"]}}],"collection":[{"href":"https:\/\/usagers-transports.haut-allier.eu\/index.php\/wp-json\/wp\/v2\/posts"}],"about":[{"href":"https:\/\/usagers-transports.haut-allier.eu\/index.php\/wp-json\/wp\/v2\/types\/post"}],"author":[{"embeddable":true,"href":"https:\/\/usagers-transports.haut-allier.eu\/index.php\/wp-json\/wp\/v2\/users\/1"}],"replies":[{"embeddable":true,"href":"https:\/\/usagers-transports.haut-allier.eu\/index.php\/wp-json\/wp\/v2\/comments?post=360"}],"version-history":[{"count":0,"href":"https:\/\/usagers-transports.haut-allier.eu\/index.php\/wp-json\/wp\/v2\/posts\/360\/revisions"}],"wp:featuredmedia":[{"embeddable":true,"href":"https:\/\/usagers-transports.haut-allier.eu\/index.php\/wp-json\/wp\/v2\/media\/2061"}],"wp:attachment":[{"href":"https:\/\/usagers-transports.haut-allier.eu\/index.php\/wp-json\/wp\/v2\/media?parent=360"}],"wp:term":[{"taxonomy":"category","embeddable":true,"href":"https:\/\/usagers-transports.haut-allier.eu\/index.php\/wp-json\/wp\/v2\/categories?post=360"},{"taxonomy":"post_tag","embeddable":true,"href":"https:\/\/usagers-transports.haut-allier.eu\/index.php\/wp-json\/wp\/v2\/tags?post=360"}],"curies":[{"name":"wp","href":"https:\/\/api.w.org\/{rel}","templated":true}]}}