{"id":361,"date":"2017-01-17T08:00:40","date_gmt":"2017-01-17T07:00:40","guid":{"rendered":"http:\/\/5.45.101.177\/haut-allier\/usagers-transportse\/index.php\/2017\/01\/17\/grand-froid-et-verglas-les-usagers361\/"},"modified":"2026-09-01T15:54:07","modified_gmt":"2026-09-01T13:54:07","slug":"grand-froid-et-verglas-les-usagers361","status":"publish","type":"post","link":"https:\/\/usagers-transports.haut-allier.eu\/index.php\/2017\/01\/17\/grand-froid-et-verglas-les-usagers361\/","title":{"rendered":"Grand froid et verglas : les usagers priv\u00e9s de trains entre Brioude et Langogne toute cette semaine [MAJ]"},"content":{"rendered":"<strong>S&rsquo;il existe une utilit\u00e9 pour les trains en zone de montagne c&rsquo;est bien par grand froid et l&rsquo;hiver lorsque les routes sont enneig\u00e9es, verglac\u00e9es et les cols ferm\u00e9s ou difficilement franchissables. <\/strong> \n&nbsp;\nMais non, la direction SNCF de Clermont-Ferrand profite des \u00e9pisodes m\u00e9t\u00e9o difficiles pour annuler la circulation des trains dans le Haut Allier, entre Brioude et Langogne jusqu&rsquo;\u00e0 la fin de la semaine, sous le pr\u00e9texte officiel d&rsquo;<em> indisponibilit\u00e9 de mat\u00e9riel<\/em>. On se fiche de qui l\u00e0 ? \n&nbsp;\n<img loading=\"lazy\" decoding=\"async\" class=\" aligncenter size-full wp-image-2067\" src=\"http:\/\/5.45.101.177\/haut-allier\/usagers-transportse\/wp-content\/uploads\/2017\/01\/joxi_screenshot_1484566542588.png\" alt=\"joxi_screenshot_1484566542588.png\" align=\"center\" width=\"592\" height=\"151\" srcset=\"https:\/\/usagers-transports.haut-allier.eu\/wp-content\/uploads\/2017\/01\/joxi_screenshot_1484566542588.png 592w, https:\/\/usagers-transports.haut-allier.eu\/wp-content\/uploads\/2017\/01\/joxi_screenshot_1484566542588-300x77.png 300w\" sizes=\"auto, (max-width: 592px) 100vw, 592px\" \/>\n&nbsp;\n<em>Tous les pr\u00e9textes sont bons pour la SNCF qui prouve encore aujourd&rsquo;hui son inefficacit\u00e9 et son manque de pr\u00e9visions<\/em>\n<img loading=\"lazy\" decoding=\"async\" class=\" aligncenter size-full wp-image-2068\" src=\"http:\/\/5.45.101.177\/haut-allier\/usagers-transportse\/wp-content\/uploads\/2017\/01\/joxi_screenshot_1484566146347.png\" alt=\"joxi_screenshot_1484566146347.png\" align=\"center\" width=\"492\" height=\"274\" srcset=\"https:\/\/usagers-transports.haut-allier.eu\/wp-content\/uploads\/2017\/01\/joxi_screenshot_1484566146347.png 492w, https:\/\/usagers-transports.haut-allier.eu\/wp-content\/uploads\/2017\/01\/joxi_screenshot_1484566146347-300x167.png 300w\" sizes=\"auto, (max-width: 492px) 100vw, 492px\" \/>\n&nbsp;\nLe pire est ceci : la SNCF r\u00e9gionale a d\u00e9cid\u00e9 de faire circuler des autocars entre Clermont-Ferrand et Langogne tous les soirs jusqu&rsquo;\u00e0 samedi prochain !\n&nbsp;\n<em>Etat des routes ce mardi matin<\/em>\n<img loading=\"lazy\" decoding=\"async\" class=\" aligncenter size-full wp-image-2069\" src=\"http:\/\/5.45.101.177\/haut-allier\/usagers-transportse\/wp-content\/uploads\/2017\/01\/joxi_screenshot_1484640678894.png\" alt=\"joxi_screenshot_1484640678894.png\" align=\"center\" width=\"296\" height=\"265\" \/>\n&nbsp;\nElle indique dans son communiqu\u00e9 avoir, une fois de plus, des difficult\u00e9s de \u00ab\u00a0production\u00a0\u00bb ! En effet, hier soir lundi 16 janvier 2017 le TER 873995 Clermont-Ferrand > N\u00eemes a \u00e9t\u00e9 supprim\u00e9 sans pr\u00e9avis laissant de nombreux voyageurs en carafe dans les C\u00e9vennes.\n&nbsp;\nPr\u00e9vision de mardi 17 \u00e0 samedi 21 janvier : les TER du soir 873994 &#038; 873995 Clermont-Ferrand <> N\u00eemes ne circuleront qu&rsquo;entre N\u00eemes et Langogne et seront substitu\u00e9s par des autocars entre Langogne et Clermont-Ferrand.\n&nbsp;\nOfficiellement du mat\u00e9riel serait \u00ab\u00a0en panne\u00a0\u00bb ! Depuis des ann\u00e9es on constate que les mat\u00e9riels circulant entre Clermont-Ferrand et N\u00eemes servent de variables d&rsquo;ajustement, ce qui est d&rsquo;autant plus inacceptable quand l&rsquo;offre est aussi limit\u00e9e \u00e0 3 AR quotidiens.\n&nbsp;\n<em>Haut Allier : des gares d\u00e9sert\u00e9es par les trains en plein frimas. Merci \u00e0 la SNCF pour le service<\/em>\n<img loading=\"lazy\" decoding=\"async\" class=\" aligncenter size-full wp-image-2070\" src=\"http:\/\/5.45.101.177\/haut-allier\/usagers-transportse\/wp-content\/uploads\/2017\/01\/IMG_1808.jpg\" alt=\"IMG_1808.jpg\" align=\"center\" width=\"800\" height=\"600\" srcset=\"https:\/\/usagers-transports.haut-allier.eu\/wp-content\/uploads\/2017\/01\/IMG_1808.jpg 800w, https:\/\/usagers-transports.haut-allier.eu\/wp-content\/uploads\/2017\/01\/IMG_1808-300x225.jpg 300w, https:\/\/usagers-transports.haut-allier.eu\/wp-content\/uploads\/2017\/01\/IMG_1808-768x576.jpg 768w\" sizes=\"auto, (max-width: 800px) 100vw, 800px\" \/>\n&nbsp;\n<strong>Proposer de circuler en autocar sur les plateaux du Velay dans des conditions hivernales difficiles et lorsqu&rsquo;il fait nuit en fin de journ\u00e9e rel\u00e8ve de l&rsquo;inconscience et MET clairement EN DANGER LES VOYAGEURS ! En particulier ceux d\u00e9sirant de rendre \u00e0 Monistrol-d&rsquo;Allier, Alleyras et Chapeauroux, gares pour lesquelles le transporteur leur propose de terminer leur parcours en&#8230; taxi !<\/strong>\n&nbsp;\nIl est imp\u00e9ratif que la SNCF se ressaisisse pour assurer la s\u00e9curit\u00e9 des circulations et ne pas risquer l&rsquo;accident.\n&nbsp;\n<em>La fiche horaire publi\u00e9e ce lundi :<\/em>\n&nbsp;\n<img loading=\"lazy\" decoding=\"async\" class=\" aligncenter size-full wp-image-1608\" src=\"http:\/\/5.45.101.177\/haut-allier\/usagers-transportse\/wp-content\/uploads\/2015\/05\/image.jpg\" alt=\"image.jpg\" align=\"center\" width=\"566\" height=\"800\" srcset=\"https:\/\/usagers-transports.haut-allier.eu\/wp-content\/uploads\/2015\/05\/image.jpg 566w, https:\/\/usagers-transports.haut-allier.eu\/wp-content\/uploads\/2015\/05\/image-212x300.jpg 212w\" sizes=\"auto, (max-width: 566px) 100vw, 566px\" \/>\n&nbsp;\n<strong>[MAJ du 17 janvier 13h00]<\/strong>\n&nbsp;\nNotre collectif vient d&rsquo;\u00e9crire \u00e0 la direction SNCF Auvergne et Occitanie :\n&nbsp;\n<a href=\"http:\/\/5.45.101.177\/haut-allier\/usagers-transportse\/wp-content\/uploads\/2017\/01\/lettre-usagers-transports-haut-allier-sncf-clermont-ferrand-chastel-17janvier2017-2.pdf\">lettre-usagers-transports-haut-allier-sncf-clermont-ferrand-chastel-17janvier2017-2.pdf<\/a>\n&nbsp;\n&nbsp;\n<strong>[MAJ du 18 janvier 17h00]<\/strong>\n&nbsp;\nR\u00e9ponse de la SNCF dans l&rsquo;article de la Montagne du 18 janvier : <a href=\"http:\/\/www.lamontagne.fr\/brioude\/transport\/haute-loire\/2017\/01\/18\/ligne-clermont-nimes-deux-liaisons-perturbees-jusqu-au-21-janvier_12247581.html\">Ligne Clermont-N\u00eemes : deux liaisons perturb\u00e9es jusqu&rsquo;au 21 janvier.<\/a>\n&nbsp;\n<img loading=\"lazy\" decoding=\"async\" class=\" aligncenter size-full wp-image-2072\" src=\"http:\/\/5.45.101.177\/haut-allier\/usagers-transportse\/wp-content\/uploads\/2017\/01\/joxi_screenshot_1484756291728-a.jpg\" alt=\"joxi_screenshot_1484756291728-a.jpg\" align=\"center\" width=\"606\" height=\"746\" srcset=\"https:\/\/usagers-transports.haut-allier.eu\/wp-content\/uploads\/2017\/01\/joxi_screenshot_1484756291728-a.jpg 606w, https:\/\/usagers-transports.haut-allier.eu\/wp-content\/uploads\/2017\/01\/joxi_screenshot_1484756291728-a-244x300.jpg 244w\" sizes=\"auto, (max-width: 606px) 100vw, 606px\" \/>\n<img loading=\"lazy\" decoding=\"async\" class=\" aligncenter size-full wp-image-2073\" src=\"http:\/\/5.45.101.177\/haut-allier\/usagers-transportse\/wp-content\/uploads\/2017\/01\/joxi_screenshot_1484756291728-b.jpg\" alt=\"joxi_screenshot_1484756291728-b.jpg\" align=\"center\" width=\"606\" height=\"648\" srcset=\"https:\/\/usagers-transports.haut-allier.eu\/wp-content\/uploads\/2017\/01\/joxi_screenshot_1484756291728-b.jpg 606w, https:\/\/usagers-transports.haut-allier.eu\/wp-content\/uploads\/2017\/01\/joxi_screenshot_1484756291728-b-281x300.jpg 281w\" sizes=\"auto, (max-width: 606px) 100vw, 606px\" \/>\n<img loading=\"lazy\" decoding=\"async\" class=\" aligncenter size-full wp-image-2074\" src=\"http:\/\/5.45.101.177\/haut-allier\/usagers-transportse\/wp-content\/uploads\/2017\/01\/joxi_screenshot_1484756291728-c.jpg\" alt=\"joxi_screenshot_1484756291728-c.jpg\" align=\"center\" width=\"606\" height=\"636\" srcset=\"https:\/\/usagers-transports.haut-allier.eu\/wp-content\/uploads\/2017\/01\/joxi_screenshot_1484756291728-c.jpg 606w, https:\/\/usagers-transports.haut-allier.eu\/wp-content\/uploads\/2017\/01\/joxi_screenshot_1484756291728-c-286x300.jpg 286w\" sizes=\"auto, (max-width: 606px) 100vw, 606px\" \/>\n&nbsp;\n&nbsp;\n<strong>Autres r\u00e9actions dans la presse :<\/strong>\n&nbsp;\n&#8211; La Comm\u00e8re 43 du 17 janvier : <a href=\"http:\/\/www.lacommere43.fr\/actualites\/item\/5390-ligne-cevenole-les-usagers-reclament-le-retablissement-des-trains.html\">Ligne C\u00e9venole : les usagers r\u00e9clament le r\u00e9tablissement des trains<\/a>\n&nbsp;\n<img loading=\"lazy\" decoding=\"async\" class=\" aligncenter size-full wp-image-2075\" src=\"http:\/\/5.45.101.177\/haut-allier\/usagers-transportse\/wp-content\/uploads\/2017\/01\/joxi_screenshot_1484757903507.png\" alt=\"joxi_screenshot_1484757903507.png\" align=\"center\" width=\"473\" height=\"800\" srcset=\"https:\/\/usagers-transports.haut-allier.eu\/wp-content\/uploads\/2017\/01\/joxi_screenshot_1484757903507.png 473w, https:\/\/usagers-transports.haut-allier.eu\/wp-content\/uploads\/2017\/01\/joxi_screenshot_1484757903507-177x300.png 177w\" sizes=\"auto, (max-width: 473px) 100vw, 473px\" \/>\n&nbsp;\n\n&#8211; Midi Libre du 19 janvier : <a href=\"http:\/\/www.midilibre.fr\/2017\/01\/18\/lozere-plus-de-train-dans-le-haut-allier,1454848.php\">Loz\u00e8re &#8211; plus de train dans le haut Allier<\/a>\n&nbsp;\n<img loading=\"lazy\" decoding=\"async\" class=\" aligncenter size-full wp-image-2076\" src=\"http:\/\/5.45.101.177\/haut-allier\/usagers-transportse\/wp-content\/uploads\/2017\/01\/joxi_screenshot_1484814459905-a.jpg\" alt=\"joxi_screenshot_1484814459905-a.jpg\" align=\"center\" width=\"602\" height=\"800\" srcset=\"https:\/\/usagers-transports.haut-allier.eu\/wp-content\/uploads\/2017\/01\/joxi_screenshot_1484814459905-a.jpg 602w, https:\/\/usagers-transports.haut-allier.eu\/wp-content\/uploads\/2017\/01\/joxi_screenshot_1484814459905-a-226x300.jpg 226w\" sizes=\"auto, (max-width: 602px) 100vw, 602px\" \/>\n<img loading=\"lazy\" decoding=\"async\" class=\" aligncenter size-full wp-image-2077\" src=\"http:\/\/5.45.101.177\/haut-allier\/usagers-transportse\/wp-content\/uploads\/2017\/01\/joxi_screenshot_1484814459905-b.jpg\" alt=\"joxi_screenshot_1484814459905-b.jpg\" align=\"center\" width=\"602\" height=\"598\" srcset=\"https:\/\/usagers-transports.haut-allier.eu\/wp-content\/uploads\/2017\/01\/joxi_screenshot_1484814459905-b.jpg 602w, https:\/\/usagers-transports.haut-allier.eu\/wp-content\/uploads\/2017\/01\/joxi_screenshot_1484814459905-b-300x298.jpg 300w, https:\/\/usagers-transports.haut-allier.eu\/wp-content\/uploads\/2017\/01\/joxi_screenshot_1484814459905-b-150x150.jpg 150w\" sizes=\"auto, (max-width: 602px) 100vw, 602px\" \/>\n&nbsp;\n\n&#8211; France 3 Auvergne journal de 12h00 du 19 janvier :  <a href=\"http:\/\/france3-regions.francetvinfo.fr\/auvergne\/puy-de-dome\/grand-clermont\/clermont-ferrand\/ligne-sncf-clermont-ferrand-nimes-perturbee-usagers-protestent-1178343.html\">La ligne SNCF Clermont-Ferrand N\u00eemes perturb\u00e9e : Les usagers protestent<\/a>\n&nbsp;\n<img loading=\"lazy\" decoding=\"async\" class=\" aligncenter size-full wp-image-2078\" src=\"http:\/\/5.45.101.177\/haut-allier\/usagers-transportse\/wp-content\/uploads\/2017\/01\/joxi_screenshot_1484839541708a.png\" alt=\"joxi_screenshot_1484839541708a.png\" align=\"center\" width=\"800\" height=\"794\" srcset=\"https:\/\/usagers-transports.haut-allier.eu\/wp-content\/uploads\/2017\/01\/joxi_screenshot_1484839541708a.png 800w, https:\/\/usagers-transports.haut-allier.eu\/wp-content\/uploads\/2017\/01\/joxi_screenshot_1484839541708a-300x298.png 300w, https:\/\/usagers-transports.haut-allier.eu\/wp-content\/uploads\/2017\/01\/joxi_screenshot_1484839541708a-150x150.png 150w, https:\/\/usagers-transports.haut-allier.eu\/wp-content\/uploads\/2017\/01\/joxi_screenshot_1484839541708a-768x762.png 768w\" sizes=\"auto, (max-width: 800px) 100vw, 800px\" \/>\n<img loading=\"lazy\" decoding=\"async\" class=\" aligncenter size-full wp-image-2079\" src=\"http:\/\/5.45.101.177\/haut-allier\/usagers-transportse\/wp-content\/uploads\/2017\/01\/joxi_screenshot_1484839541708b.png\" alt=\"joxi_screenshot_1484839541708b.png\" align=\"center\" width=\"800\" height=\"463\" srcset=\"https:\/\/usagers-transports.haut-allier.eu\/wp-content\/uploads\/2017\/01\/joxi_screenshot_1484839541708b.png 800w, https:\/\/usagers-transports.haut-allier.eu\/wp-content\/uploads\/2017\/01\/joxi_screenshot_1484839541708b-300x174.png 300w, https:\/\/usagers-transports.haut-allier.eu\/wp-content\/uploads\/2017\/01\/joxi_screenshot_1484839541708b-768x444.png 768w\" sizes=\"auto, (max-width: 800px) 100vw, 800px\" \/>\n&nbsp;\n<iframe loading=\"lazy\" width=\"544\" height=\"306\" src=\"\/\/embedftv-a.akamaihd.net\/e75ebf442d2ff14026b412de50642bbd\" frameborder=\"0\" scrolling=\"no\" allowfullscreen><\/iframe><br \/><a href=\"http:\/\/france3-regions.francetvinfo.fr\/auvergne\/puy-de-dome\/grand-clermont\/clermont-ferrand\/ligne-sncf-clermont-ferrand-nimes-perturbee-usagers-protestent-1178343.html\" target=\"_blank\">La ligne SNCF Clermont-N\u00eemes perturb\u00e9e : Les usagers en col\u00e8re<\/a>\n<p>&nbsp;<\/p>\n\n\t<figure class=\"wp-block-gallery columns-1 is-cropped wp-block-gallery-1 is-layout-flex wp-block-gallery-is-layout-flex\">\n\t\t<ul class=\"blocks-gallery-grid\">\n\t\t\t<li class=\"blocks-gallery-item\">\n\t\t\t\t<figure>\n\t\t\t\t\t\t\t\t\t\t\t<img loading=\"lazy\" decoding=\"async\" width=\"606\" height=\"746\" src=\"http:\/\/5.45.101.177\/haut-allier\/usagers-transportse\/wp-content\/uploads\/2017\/01\/joxi_screenshot_1484756291728-a-2.jpg\"\n\t\t\t\t\t\t alt=\"joxi_screenshot_1484756291728-a-2.jpg\"\n\t\t\t\t\t\t data-id=\"2080\"\n\t\t\t\t\t\t data-full-url=\"http:\/\/5.45.101.177\/haut-allier\/usagers-transportse\/wp-content\/uploads\/2017\/01\/joxi_screenshot_1484756291728-a-2.jpg\"\n\t\t\t\t\t\t data-link=\"http:\/\/5.45.101.177\/haut-allier\/usagers-transportse\/attachment-joxi_screenshot_1484756291728-a-2-jpg\/\"\n\t\t\t\t\t\t class=\"wp-image-2080\" srcset=\"https:\/\/usagers-transports.haut-allier.eu\/wp-content\/uploads\/2017\/01\/joxi_screenshot_1484756291728-a-2.jpg 606w, https:\/\/usagers-transports.haut-allier.eu\/wp-content\/uploads\/2017\/01\/joxi_screenshot_1484756291728-a-2-244x300.jpg 244w\" sizes=\"auto, (max-width: 606px) 100vw, 606px\" \/>\n\t\t\t\t<\/figure>\n\t\t\t<\/li>\n\t\t<\/ul>\n\t<\/figure>\n","protected":false},"excerpt":{"rendered":"<p>S&rsquo;il existe une utilit\u00e9 pour les trains en zone de montagne c&rsquo;est bien par grand froid et l&rsquo;hiver<\/p>\n","protected":false},"author":1,"featured_media":2066,"comment_status":"closed","ping_status":"open","sticky":false,"template":"","format":"standard","meta":{"footnotes":""},"categories":[3],"tags":[],"class_list":["post-361","post","type-post","status-publish","format-standard","has-post-thumbnail","hentry","category-en-train"],"_links":{"self":[{"href":"https:\/\/usagers-transports.haut-allier.eu\/index.php\/wp-json\/wp\/v2\/posts\/361","targetHints":{"allow":["GET"]}}],"collection":[{"href":"https:\/\/usagers-transports.haut-allier.eu\/index.php\/wp-json\/wp\/v2\/posts"}],"about":[{"href":"https:\/\/usagers-transports.haut-allier.eu\/index.php\/wp-json\/wp\/v2\/types\/post"}],"author":[{"embeddable":true,"href":"https:\/\/usagers-transports.haut-allier.eu\/index.php\/wp-json\/wp\/v2\/users\/1"}],"replies":[{"embeddable":true,"href":"https:\/\/usagers-transports.haut-allier.eu\/index.php\/wp-json\/wp\/v2\/comments?post=361"}],"version-history":[{"count":1,"href":"https:\/\/usagers-transports.haut-allier.eu\/index.php\/wp-json\/wp\/v2\/posts\/361\/revisions"}],"predecessor-version":[{"id":2081,"href":"https:\/\/usagers-transports.haut-allier.eu\/index.php\/wp-json\/wp\/v2\/posts\/361\/revisions\/2081"}],"wp:featuredmedia":[{"embeddable":true,"href":"https:\/\/usagers-transports.haut-allier.eu\/index.php\/wp-json\/wp\/v2\/media\/2066"}],"wp:attachment":[{"href":"https:\/\/usagers-transports.haut-allier.eu\/index.php\/wp-json\/wp\/v2\/media?parent=361"}],"wp:term":[{"taxonomy":"category","embeddable":true,"href":"https:\/\/usagers-transports.haut-allier.eu\/index.php\/wp-json\/wp\/v2\/categories?post=361"},{"taxonomy":"post_tag","embeddable":true,"href":"https:\/\/usagers-transports.haut-allier.eu\/index.php\/wp-json\/wp\/v2\/tags?post=361"}],"curies":[{"name":"wp","href":"https:\/\/api.w.org\/{rel}","templated":true}]}}