{"id":363,"date":"2017-01-21T09:59:07","date_gmt":"2017-01-21T08:59:07","guid":{"rendered":"http:\/\/5.45.101.177\/haut-allier\/usagers-transportse\/index.php\/2017\/01\/21\/sncf-et-haut-allier-le-train-du363\/"},"modified":"2026-09-01T15:54:07","modified_gmt":"2026-09-01T13:54:07","slug":"sncf-et-haut-allier-le-train-du363","status":"publish","type":"post","link":"https:\/\/usagers-transports.haut-allier.eu\/index.php\/2017\/01\/21\/sncf-et-haut-allier-le-train-du363\/","title":{"rendered":"SNCF et Haut-Allier : le train du soir encore supprim\u00e9 pour deux semaines !"},"content":{"rendered":"Nous vous en parlions <a href=\"http:\/\/usagers-transports.haut-allier.eu\/ecrire\/?exec=articles&#038;id_article=361\">ici<\/a>, la SNCF a supprim\u00e9 le train du soir depuis lundi 16 janvier, le trafic devait reprendre aujourd&rsquo;hui samedi 21. C&rsquo;\u00e9tait sans compter la brillante organisation de la soci\u00e9t\u00e9 dite ferroviaire : les usagers entre Clermont-Ferrand et N\u00eemes en reprendront pour deux semaines !\n&nbsp;\nLes usagers et les \u00e9lus vous le savez ont protest\u00e9 vigoureusement mais rien n&rsquo;y fait.\n&nbsp;\nCe qui nous d\u00e9pla\u00eet c&rsquo;est l&rsquo;arrogance de l&rsquo;incapable transporteur qui r\u00e9pond \u00e0 nos protestations en disant que le bus est totalement habilit\u00e9 \u00e0 remplacer la liaison. La preuve : <strong>la plupart des usagers REFUSENT de monter dans ces bus et d\u00e9cident de se d\u00e9brouiller par leurs propres moyens<\/strong>. C&rsquo;est \u00e7a aussi l&rsquo;art de tuer une liaison. Et la soci\u00e9t\u00e9 de transports le sait parfaitement.  \n&nbsp;\n<img loading=\"lazy\" decoding=\"async\" class=\" aligncenter size-full wp-image-2083\" src=\"http:\/\/5.45.101.177\/haut-allier\/usagers-transportse\/wp-content\/uploads\/2017\/01\/L08-_CLE_NI_du_220117_V2_tcm72-105036_tcm72-109255.jpg\" alt=\"L08-_CLE_NI_du_220117_V2_tcm72-105036_tcm72-109255.jpg\" align=\"center\" width=\"562\" height=\"794\" srcset=\"https:\/\/usagers-transports.haut-allier.eu\/wp-content\/uploads\/2017\/01\/L08-_CLE_NI_du_220117_V2_tcm72-105036_tcm72-109255.jpg 562w, https:\/\/usagers-transports.haut-allier.eu\/wp-content\/uploads\/2017\/01\/L08-_CLE_NI_du_220117_V2_tcm72-105036_tcm72-109255-212x300.jpg 212w\" sizes=\"auto, (max-width: 562px) 100vw, 562px\" \/>\n&nbsp;\n<img loading=\"lazy\" decoding=\"async\" class=\" aligncenter size-full wp-image-2084\" src=\"http:\/\/5.45.101.177\/haut-allier\/usagers-transportse\/wp-content\/uploads\/2017\/01\/L08-_CLE_NI_du_2301_au_050217_V2_tcm72-105036_tcm72-117140.jpg\" alt=\"L08-_CLE_NI_du_2301_au_050217_V2_tcm72-105036_tcm72-117140.jpg\" align=\"center\" width=\"562\" height=\"794\" srcset=\"https:\/\/usagers-transports.haut-allier.eu\/wp-content\/uploads\/2017\/01\/L08-_CLE_NI_du_2301_au_050217_V2_tcm72-105036_tcm72-117140.jpg 562w, https:\/\/usagers-transports.haut-allier.eu\/wp-content\/uploads\/2017\/01\/L08-_CLE_NI_du_2301_au_050217_V2_tcm72-105036_tcm72-117140-212x300.jpg 212w\" sizes=\"auto, (max-width: 562px) 100vw, 562px\" \/>\n&nbsp;\nCe que nous trouvons inacceptable c&rsquo;est que du mat\u00e9riel, une rame, sur des lignes aux allers retours nombreux en journ\u00e9e ne puisse pas \u00eatre provisoirement affect\u00e9 au parcours du Haut Allier qui n&rsquo;a que 3 aller retours par jour. C&rsquo;est la preuve d&rsquo;une gestion scl\u00e9ros\u00e9e du trafic.  \n&nbsp;\nD&rsquo;autre part d&rsquo;autres liaisons sont \u00e9galement affect\u00e9es : Clermont Montlu\u00e7on, Clermont Le puy en Velay, Visiblement au lieu de trouver des solutions et de r\u00e9parer leurs machines la SNCF pr\u00e9f\u00e8re le bus.\n&nbsp;\n<img loading=\"lazy\" decoding=\"async\" class=\" aligncenter size-full wp-image-2085\" src=\"http:\/\/5.45.101.177\/haut-allier\/usagers-transportse\/wp-content\/uploads\/2017\/01\/joxi_screenshot_1484988249085.png\" alt=\"joxi_screenshot_1484988249085.png\" align=\"center\" width=\"584\" height=\"608\" srcset=\"https:\/\/usagers-transports.haut-allier.eu\/wp-content\/uploads\/2017\/01\/joxi_screenshot_1484988249085.png 584w, https:\/\/usagers-transports.haut-allier.eu\/wp-content\/uploads\/2017\/01\/joxi_screenshot_1484988249085-288x300.png 288w\" sizes=\"auto, (max-width: 584px) 100vw, 584px\" \/>\n&nbsp;\n<strong>Dans les m\u00e9dias : <\/strong> \n&nbsp;\n&#8211; France Bleu Pays d&rsquo;Auvergne du 20 janvier 16h : <a href=\"https:\/\/www.francebleu.fr\/infos\/transports\/le-train-du-soir-encore-supprime-pendant-deux-semaines-sur-la-ligne-du-cevenol-1484922552\">Le train du soir encore supprim\u00e9 pendant deux semaines sur la ligne du C\u00e9venol.<\/a>\n&nbsp;\n<img loading=\"lazy\" decoding=\"async\" class=\" aligncenter size-full wp-image-2086\" src=\"http:\/\/5.45.101.177\/haut-allier\/usagers-transportse\/wp-content\/uploads\/2017\/01\/joxi_screenshot_1484989534556a.png\" alt=\"joxi_screenshot_1484989534556a.png\" align=\"center\" width=\"720\" height=\"694\" srcset=\"https:\/\/usagers-transports.haut-allier.eu\/wp-content\/uploads\/2017\/01\/joxi_screenshot_1484989534556a.png 720w, https:\/\/usagers-transports.haut-allier.eu\/wp-content\/uploads\/2017\/01\/joxi_screenshot_1484989534556a-300x289.png 300w\" sizes=\"auto, (max-width: 720px) 100vw, 720px\" \/>\n<img loading=\"lazy\" decoding=\"async\" class=\" aligncenter size-full wp-image-2087\" src=\"http:\/\/5.45.101.177\/haut-allier\/usagers-transportse\/wp-content\/uploads\/2017\/01\/joxi_screenshot_1484989534556b.png\" alt=\"joxi_screenshot_1484989534556b.png\" align=\"center\" width=\"720\" height=\"342\" srcset=\"https:\/\/usagers-transports.haut-allier.eu\/wp-content\/uploads\/2017\/01\/joxi_screenshot_1484989534556b.png 720w, https:\/\/usagers-transports.haut-allier.eu\/wp-content\/uploads\/2017\/01\/joxi_screenshot_1484989534556b-300x143.png 300w\" sizes=\"auto, (max-width: 720px) 100vw, 720px\" \/>\n&nbsp;\n\n&#8211; Le Progr\u00e8s du 21 janvier : <a href=\"http:\/\/www.leprogres.fr\/societe\/2017\/01\/21\/les-perturbations-se-poursuivent-sur-la-ligne-du-cevenol-jusqu-au-5-fevrier\">Les perturbations se poursuivent sur la ligne du C\u00e9venol jusqu\u2019au 5 f\u00e9vrier<\/a>\n&nbsp;\n<img loading=\"lazy\" decoding=\"async\" class=\" aligncenter size-full wp-image-2088\" src=\"http:\/\/5.45.101.177\/haut-allier\/usagers-transportse\/wp-content\/uploads\/2017\/01\/joxi_screenshot_1485004510241.png\" alt=\"joxi_screenshot_1485004510241.png\" align=\"center\" width=\"659\" height=\"600\" srcset=\"https:\/\/usagers-transports.haut-allier.eu\/wp-content\/uploads\/2017\/01\/joxi_screenshot_1485004510241.png 659w, https:\/\/usagers-transports.haut-allier.eu\/wp-content\/uploads\/2017\/01\/joxi_screenshot_1485004510241-300x273.png 300w\" sizes=\"auto, (max-width: 659px) 100vw, 659px\" \/><p>&nbsp;<\/p>\n\n\t<figure class=\"wp-block-gallery columns-1 is-cropped wp-block-gallery-1 is-layout-flex wp-block-gallery-is-layout-flex\">\n\t\t<ul class=\"blocks-gallery-grid\">\n\t\t\t<li class=\"blocks-gallery-item\">\n\t\t\t\t<figure>\n\t\t\t\t\t\t\t\t\t\t\t<img loading=\"lazy\" decoding=\"async\" width=\"591\" height=\"607\" src=\"http:\/\/5.45.101.177\/haut-allier\/usagers-transportse\/wp-content\/uploads\/2017\/01\/joxi_screenshot_1484987830786.png\"\n\t\t\t\t\t\t alt=\"joxi_screenshot_1484987830786.png\"\n\t\t\t\t\t\t data-id=\"2089\"\n\t\t\t\t\t\t data-full-url=\"http:\/\/5.45.101.177\/haut-allier\/usagers-transportse\/wp-content\/uploads\/2017\/01\/joxi_screenshot_1484987830786.png\"\n\t\t\t\t\t\t data-link=\"http:\/\/5.45.101.177\/haut-allier\/usagers-transportse\/attachment-joxi_screenshot_1484987830786-png\/\"\n\t\t\t\t\t\t class=\"wp-image-2089\" srcset=\"https:\/\/usagers-transports.haut-allier.eu\/wp-content\/uploads\/2017\/01\/joxi_screenshot_1484987830786.png 591w, https:\/\/usagers-transports.haut-allier.eu\/wp-content\/uploads\/2017\/01\/joxi_screenshot_1484987830786-292x300.png 292w\" sizes=\"auto, (max-width: 591px) 100vw, 591px\" \/>\n\t\t\t\t<\/figure>\n\t\t\t<\/li>\n\t\t<\/ul>\n\t<\/figure>\n","protected":false},"excerpt":{"rendered":"<p>Nous vous en parlions ici, la SNCF a supprim\u00e9 le train du soir depuis lundi 16 janvier, le<\/p>\n","protected":false},"author":1,"featured_media":2082,"comment_status":"closed","ping_status":"open","sticky":false,"template":"","format":"standard","meta":{"footnotes":""},"categories":[3],"tags":[],"class_list":["post-363","post","type-post","status-publish","format-standard","has-post-thumbnail","hentry","category-en-train"],"_links":{"self":[{"href":"https:\/\/usagers-transports.haut-allier.eu\/index.php\/wp-json\/wp\/v2\/posts\/363","targetHints":{"allow":["GET"]}}],"collection":[{"href":"https:\/\/usagers-transports.haut-allier.eu\/index.php\/wp-json\/wp\/v2\/posts"}],"about":[{"href":"https:\/\/usagers-transports.haut-allier.eu\/index.php\/wp-json\/wp\/v2\/types\/post"}],"author":[{"embeddable":true,"href":"https:\/\/usagers-transports.haut-allier.eu\/index.php\/wp-json\/wp\/v2\/users\/1"}],"replies":[{"embeddable":true,"href":"https:\/\/usagers-transports.haut-allier.eu\/index.php\/wp-json\/wp\/v2\/comments?post=363"}],"version-history":[{"count":1,"href":"https:\/\/usagers-transports.haut-allier.eu\/index.php\/wp-json\/wp\/v2\/posts\/363\/revisions"}],"predecessor-version":[{"id":2090,"href":"https:\/\/usagers-transports.haut-allier.eu\/index.php\/wp-json\/wp\/v2\/posts\/363\/revisions\/2090"}],"wp:featuredmedia":[{"embeddable":true,"href":"https:\/\/usagers-transports.haut-allier.eu\/index.php\/wp-json\/wp\/v2\/media\/2082"}],"wp:attachment":[{"href":"https:\/\/usagers-transports.haut-allier.eu\/index.php\/wp-json\/wp\/v2\/media?parent=363"}],"wp:term":[{"taxonomy":"category","embeddable":true,"href":"https:\/\/usagers-transports.haut-allier.eu\/index.php\/wp-json\/wp\/v2\/categories?post=363"},{"taxonomy":"post_tag","embeddable":true,"href":"https:\/\/usagers-transports.haut-allier.eu\/index.php\/wp-json\/wp\/v2\/tags?post=363"}],"curies":[{"name":"wp","href":"https:\/\/api.w.org\/{rel}","templated":true}]}}