{"id":364,"date":"2017-01-25T08:39:54","date_gmt":"2017-01-25T07:39:54","guid":{"rendered":"http:\/\/5.45.101.177\/haut-allier\/usagers-transportse\/index.php\/2017\/01\/25\/suppression-de-ter-sur-la-ligne-du364\/"},"modified":"2017-01-25T08:39:54","modified_gmt":"2017-01-25T07:39:54","slug":"suppression-de-ter-sur-la-ligne-du364","status":"publish","type":"post","link":"https:\/\/usagers-transports.haut-allier.eu\/index.php\/2017\/01\/25\/suppression-de-ter-sur-la-ligne-du364\/","title":{"rendered":"Suppression de TER sur la ligne du C\u00e9venol par grand froid : un choix d\u00e9lib\u00e9r\u00e9 de SNCF pas une panne !"},"content":{"rendered":"<p>En effet tel que nous l&rsquo;apprend un article d&rsquo;un journal de Tours les rames TER sont con\u00e7ues pour \u00eatre abrit\u00e9es par grand froid et SNCF ne veut pas investir dans des hangars. Les risques de gel sont \u00e9lev\u00e9s au dessous de -5\u00b0 (durites etc.) et les proc\u00e9dures de mises en route de ces rames diesel sont plus compliqu\u00e9es que sur un camion par exemple.<br \/>\n&nbsp;<br \/>\nToutes les rames TER ne sont la plupart du temps pas \u00e0 l&rsquo;abri, c&rsquo;est s\u00fbrement le cas \u00e0 Clermont-Ferrand. La SNCF d&rsquo;Indre et Loire a trouv\u00e9 la parade pour ne pas abriter ni d\u00e9placer de personnel une ou deux heures avant la mise en route : <strong>elle laisse tourner les moteurs diesel toute la nuit !<\/strong> Ce qui est on\u00e9reux, polluant et bruyant pour le voisinage aussi&#8230;<br \/>\n&nbsp;<br \/>\n<strong>Et bien SNCF Auvergne a choisi de ni faire l&rsquo;effort d&rsquo;abriter nos rames, ni de mettre du personnel avant le d\u00e9part, ni de d\u00e9penser du carburant la nuit : la ligne des C\u00e9vennes n&rsquo;en vaut pas le coup. Autrement dit il faut s&rsquo;attendre dans le futur \u00e0 ces suppressions quand il fera des temp\u00e9ratures d&rsquo;hiver. Les habitants du Haut-Allier peuvent se payer la voiture et les routes verglac\u00e9es ! Ainsi la ligne des C\u00e9vennes n&rsquo;aura plus aucune utilit\u00e9 en hiver. Le projet d&rsquo;\u00e9limination de la soci\u00e9t\u00e9 dite ferroviaire est toujours l\u00e0, en latence. <\/strong><br \/>\n&nbsp;<br \/>\nVoici donc une explication claire. Merci \u00e0 Jean-Louis Roche d&rsquo;avoir relay\u00e9 cette info provenant d&rsquo;une autre r\u00e9gion.<br \/>\n&nbsp;<br \/>\nVoici l&rsquo;article de la Nouvelle R\u00e9publique qui explique tout ceci : <a href=\"http:\/\/www.lanouvellerepublique.fr\/Indre-et-Loire\/Actualite\/Environnement\/n\/Contenus\/Articles\/2017\/01\/21\/Les-moteurs-des-TER-tournent-toute-la-nuit-a-cause-du-froid-2975520\">Les moteurs des TER tournent toute la nuit \u00e0 cause du froid<\/a><br \/>\n&nbsp;<br \/>\n<img loading=\"lazy\" decoding=\"async\" class=\" aligncenter size-full wp-image-2092\" src=\"http:\/\/5.45.101.177\/haut-allier\/usagers-transportse\/wp-content\/uploads\/2017\/01\/joxi_screenshot_1485327699347a.png\" alt=\"joxi_screenshot_1485327699347a.png\" align=\"center\" width=\"600\" height=\"770\" srcset=\"https:\/\/usagers-transports.haut-allier.eu\/wp-content\/uploads\/2017\/01\/joxi_screenshot_1485327699347a.png 600w, https:\/\/usagers-transports.haut-allier.eu\/wp-content\/uploads\/2017\/01\/joxi_screenshot_1485327699347a-234x300.png 234w\" sizes=\"auto, (max-width: 600px) 100vw, 600px\" \/><br \/>\n<img loading=\"lazy\" decoding=\"async\" class=\" aligncenter size-full wp-image-2093\" src=\"http:\/\/5.45.101.177\/haut-allier\/usagers-transportse\/wp-content\/uploads\/2017\/01\/joxi_screenshot_1485327699347b.png\" alt=\"joxi_screenshot_1485327699347b.png\" align=\"center\" width=\"600\" height=\"554\" srcset=\"https:\/\/usagers-transports.haut-allier.eu\/wp-content\/uploads\/2017\/01\/joxi_screenshot_1485327699347b.png 600w, https:\/\/usagers-transports.haut-allier.eu\/wp-content\/uploads\/2017\/01\/joxi_screenshot_1485327699347b-300x277.png 300w\" sizes=\"auto, (max-width: 600px) 100vw, 600px\" \/><br \/>\n&nbsp;<br \/>\nR\u00e9action d&rsquo;un usager averti : <em>\u00ab\u00a0Apr\u00e8s les feuilles \u00e0 l&rsquo;automne, le froid en hiver et toute l&rsquo;ann\u00e9e le non-shuntage &#8230; qu&rsquo;on nous remette nos vieux Picasso rouges et cr\u00e8mes et nos X 2800 bleus et blancs en service !\u00a0\u00bb<\/em><br \/>\n&nbsp;<\/p>\n","protected":false},"excerpt":{"rendered":"<p>En effet tel que nous l&rsquo;apprend un article d&rsquo;un journal de Tours les rames TER sont con\u00e7ues pour<\/p>\n","protected":false},"author":1,"featured_media":2091,"comment_status":"closed","ping_status":"open","sticky":false,"template":"","format":"standard","meta":{"footnotes":""},"categories":[3],"tags":[],"class_list":["post-364","post","type-post","status-publish","format-standard","has-post-thumbnail","hentry","category-en-train"],"_links":{"self":[{"href":"https:\/\/usagers-transports.haut-allier.eu\/index.php\/wp-json\/wp\/v2\/posts\/364","targetHints":{"allow":["GET"]}}],"collection":[{"href":"https:\/\/usagers-transports.haut-allier.eu\/index.php\/wp-json\/wp\/v2\/posts"}],"about":[{"href":"https:\/\/usagers-transports.haut-allier.eu\/index.php\/wp-json\/wp\/v2\/types\/post"}],"author":[{"embeddable":true,"href":"https:\/\/usagers-transports.haut-allier.eu\/index.php\/wp-json\/wp\/v2\/users\/1"}],"replies":[{"embeddable":true,"href":"https:\/\/usagers-transports.haut-allier.eu\/index.php\/wp-json\/wp\/v2\/comments?post=364"}],"version-history":[{"count":0,"href":"https:\/\/usagers-transports.haut-allier.eu\/index.php\/wp-json\/wp\/v2\/posts\/364\/revisions"}],"wp:featuredmedia":[{"embeddable":true,"href":"https:\/\/usagers-transports.haut-allier.eu\/index.php\/wp-json\/wp\/v2\/media\/2091"}],"wp:attachment":[{"href":"https:\/\/usagers-transports.haut-allier.eu\/index.php\/wp-json\/wp\/v2\/media?parent=364"}],"wp:term":[{"taxonomy":"category","embeddable":true,"href":"https:\/\/usagers-transports.haut-allier.eu\/index.php\/wp-json\/wp\/v2\/categories?post=364"},{"taxonomy":"post_tag","embeddable":true,"href":"https:\/\/usagers-transports.haut-allier.eu\/index.php\/wp-json\/wp\/v2\/tags?post=364"}],"curies":[{"name":"wp","href":"https:\/\/api.w.org\/{rel}","templated":true}]}}