{"id":365,"date":"2017-01-26T13:15:02","date_gmt":"2017-01-26T12:15:02","guid":{"rendered":"http:\/\/5.45.101.177\/haut-allier\/usagers-transportse\/index.php\/2017\/01\/26\/ligne-du-cevenol-le-passage-a365\/"},"modified":"2017-01-26T13:15:02","modified_gmt":"2017-01-26T12:15:02","slug":"ligne-du-cevenol-le-passage-a365","status":"publish","type":"post","link":"https:\/\/usagers-transports.haut-allier.eu\/index.php\/2017\/01\/26\/ligne-du-cevenol-le-passage-a365\/","title":{"rendered":"Ligne du C\u00e9venol : le passage \u00e0 niveaux d&rsquo;Alleyras en partie d\u00e9truit par la DDE de Haute-Loire [MAJ]"},"content":{"rendered":"<p>On savait que le d\u00e9partement de Haute-Loire n&rsquo;\u00e9tait pas particuli\u00e8rement pr\u00e9occup\u00e9 par le devenir de la ligne Clermont-Ferrand N\u00eemes, ni par les villages travers\u00e9s, on l&rsquo;a vu \u00e0 l&rsquo;oeuvre r\u00e9cemment concernant l&rsquo;\u00e9boulement de la d\u00e9partementale 40. Mais l\u00e0 c&rsquo;est direct : ses camions s&rsquo;attaquent directement aux installations de la SNCF : le passage \u00e0 niveau du Pont d&rsquo;Alleyras vient d&rsquo;\u00eatre s\u00e9rieusement endommag\u00e9 ce jeudi matin. Les barri\u00e8res gauches ont \u00e9t\u00e9 emport\u00e9es par un engin des services routiers du d\u00e9partement de Haute-Loire. Une des barri\u00e8res droite est tordue, les autres ont disparu, c&rsquo;est visible sur cette photo :<br \/>\n&nbsp;<br \/>\n <img loading=\"lazy\" decoding=\"async\" class=\" aligncenter size-full wp-image-2095\" src=\"http:\/\/5.45.101.177\/haut-allier\/usagers-transportse\/wp-content\/uploads\/2017\/01\/IMGP0844.jpg\" alt=\"IMGP0844.jpg\" align=\"center\" width=\"800\" height=\"511\" srcset=\"https:\/\/usagers-transports.haut-allier.eu\/wp-content\/uploads\/2017\/01\/IMGP0844.jpg 800w, https:\/\/usagers-transports.haut-allier.eu\/wp-content\/uploads\/2017\/01\/IMGP0844-300x192.jpg 300w, https:\/\/usagers-transports.haut-allier.eu\/wp-content\/uploads\/2017\/01\/IMGP0844-768x491.jpg 768w\" sizes=\"auto, (max-width: 800px) 100vw, 800px\" \/><br \/>\n&nbsp;<br \/>\nOh si le camion de d\u00e9neigement de la DDE a gliss\u00e9 vous pourrez sans doute vous dire que cela en dit long sur l&rsquo;entretien des routes dans les gorges en p\u00e9riode hivernale ! Le train express r\u00e9gional du matin a du en tous cas forcer le passage pour pouvoir repartir de son arr\u00eat en gare.<br \/>\n&nbsp;<br \/>\n<img loading=\"lazy\" decoding=\"async\" class=\" aligncenter size-full wp-image-2096\" src=\"http:\/\/5.45.101.177\/haut-allier\/usagers-transportse\/wp-content\/uploads\/2017\/01\/IMGP0843.jpg\" alt=\"IMGP0843.jpg\" align=\"center\" width=\"800\" height=\"600\" srcset=\"https:\/\/usagers-transports.haut-allier.eu\/wp-content\/uploads\/2017\/01\/IMGP0843.jpg 800w, https:\/\/usagers-transports.haut-allier.eu\/wp-content\/uploads\/2017\/01\/IMGP0843-300x225.jpg 300w, https:\/\/usagers-transports.haut-allier.eu\/wp-content\/uploads\/2017\/01\/IMGP0843-768x576.jpg 768w\" sizes=\"auto, (max-width: 800px) 100vw, 800px\" \/><br \/>\n&nbsp;<br \/>\nLe passage \u00e0 niveau DEVRAIT \u00eatre r\u00e9par\u00e9 cette apr\u00e8s-midi par la SNCF. Sauf si une avalanche neigeuse survient sur la voie&#8230; et l\u00e0 nous conseillons \u00e0 la SNCF de s&#8217;empresser \u00e0 fermer les circulations ferroviaires pendant que le d\u00e9partement 43 se torturera au moins 10 mois pour se demander si cela vaut la peine de d\u00e9blayer. Ca arrangera tout ce beau petit monde.<br \/>\n&nbsp;<br \/>\n<img loading=\"lazy\" decoding=\"async\" class=\" aligncenter size-full wp-image-2097\" src=\"http:\/\/5.45.101.177\/haut-allier\/usagers-transportse\/wp-content\/uploads\/2017\/01\/IMGP0845.jpg\" alt=\"IMGP0845.jpg\" align=\"center\" width=\"800\" height=\"600\" srcset=\"https:\/\/usagers-transports.haut-allier.eu\/wp-content\/uploads\/2017\/01\/IMGP0845.jpg 800w, https:\/\/usagers-transports.haut-allier.eu\/wp-content\/uploads\/2017\/01\/IMGP0845-300x225.jpg 300w, https:\/\/usagers-transports.haut-allier.eu\/wp-content\/uploads\/2017\/01\/IMGP0845-768x576.jpg 768w\" sizes=\"auto, (max-width: 800px) 100vw, 800px\" \/><br \/>\n&nbsp;<br \/>\n<strong>[MAJ du 27 janvier 7h00]<\/strong><br \/>\n&nbsp;<br \/>\nNous \u00e9tions hier mauvaises langues : C&rsquo;est r\u00e9par\u00e9 ! Une bien belle barri\u00e8re que chacun aimerait avoir dans son salon.<br \/>\n&nbsp;<br \/>\n<img loading=\"lazy\" decoding=\"async\" class=\" aligncenter size-full wp-image-2098\" src=\"http:\/\/5.45.101.177\/haut-allier\/usagers-transportse\/wp-content\/uploads\/2017\/01\/IMGP0859.jpg\" alt=\"IMGP0859.jpg\" align=\"center\" width=\"600\" height=\"800\" srcset=\"https:\/\/usagers-transports.haut-allier.eu\/wp-content\/uploads\/2017\/01\/IMGP0859.jpg 600w, https:\/\/usagers-transports.haut-allier.eu\/wp-content\/uploads\/2017\/01\/IMGP0859-225x300.jpg 225w\" sizes=\"auto, (max-width: 600px) 100vw, 600px\" \/><br \/>\n&nbsp;<br \/>\n<em>(De notre envoy\u00e9e sp\u00e9ciale)<\/em><br \/>\n&nbsp;<\/p>\n","protected":false},"excerpt":{"rendered":"<p>On savait que le d\u00e9partement de Haute-Loire n&rsquo;\u00e9tait pas particuli\u00e8rement pr\u00e9occup\u00e9 par le devenir de la ligne Clermont-Ferrand<\/p>\n","protected":false},"author":1,"featured_media":2094,"comment_status":"closed","ping_status":"open","sticky":false,"template":"","format":"standard","meta":{"footnotes":""},"categories":[3],"tags":[],"class_list":["post-365","post","type-post","status-publish","format-standard","has-post-thumbnail","hentry","category-en-train"],"_links":{"self":[{"href":"https:\/\/usagers-transports.haut-allier.eu\/index.php\/wp-json\/wp\/v2\/posts\/365","targetHints":{"allow":["GET"]}}],"collection":[{"href":"https:\/\/usagers-transports.haut-allier.eu\/index.php\/wp-json\/wp\/v2\/posts"}],"about":[{"href":"https:\/\/usagers-transports.haut-allier.eu\/index.php\/wp-json\/wp\/v2\/types\/post"}],"author":[{"embeddable":true,"href":"https:\/\/usagers-transports.haut-allier.eu\/index.php\/wp-json\/wp\/v2\/users\/1"}],"replies":[{"embeddable":true,"href":"https:\/\/usagers-transports.haut-allier.eu\/index.php\/wp-json\/wp\/v2\/comments?post=365"}],"version-history":[{"count":0,"href":"https:\/\/usagers-transports.haut-allier.eu\/index.php\/wp-json\/wp\/v2\/posts\/365\/revisions"}],"wp:featuredmedia":[{"embeddable":true,"href":"https:\/\/usagers-transports.haut-allier.eu\/index.php\/wp-json\/wp\/v2\/media\/2094"}],"wp:attachment":[{"href":"https:\/\/usagers-transports.haut-allier.eu\/index.php\/wp-json\/wp\/v2\/media?parent=365"}],"wp:term":[{"taxonomy":"category","embeddable":true,"href":"https:\/\/usagers-transports.haut-allier.eu\/index.php\/wp-json\/wp\/v2\/categories?post=365"},{"taxonomy":"post_tag","embeddable":true,"href":"https:\/\/usagers-transports.haut-allier.eu\/index.php\/wp-json\/wp\/v2\/tags?post=365"}],"curies":[{"name":"wp","href":"https:\/\/api.w.org\/{rel}","templated":true}]}}