{"id":366,"date":"2017-01-27T18:47:13","date_gmt":"2017-01-27T17:47:13","guid":{"rendered":"http:\/\/5.45.101.177\/haut-allier\/usagers-transportse\/index.php\/2017\/01\/27\/des-scolaires-bloques-dans-le366\/"},"modified":"2017-01-27T18:47:13","modified_gmt":"2017-01-27T17:47:13","slug":"des-scolaires-bloques-dans-le366","status":"publish","type":"post","link":"https:\/\/usagers-transports.haut-allier.eu\/index.php\/2017\/01\/27\/des-scolaires-bloques-dans-le366\/","title":{"rendered":"Des scolaires bloqu\u00e9s dans le train Mende Labastide suite \u00e0 une coul\u00e9e de neige !"},"content":{"rendered":"<p>Pour information : La neige est tomb\u00e9e en abondance sur les C\u00e9vennes. D\u00e8s hier soir le TER 873994 N\u00eemes -> Langogne (Clermont-Ferrand par autocar) n&rsquo;a pas d\u00e9pass\u00e9 G\u00e9nolhac et est redescendu dans la plaine. Aujourd&rsquo;hui la SNCF a annul\u00e9 toutes les circulations au nord de G\u00e9nolhac. Mais le TER Mende > N\u00eemes du matin est bien parti \u00e0 11h46 de la pr\u00e9fecture loz\u00e9rienne ce vendredi 27 janvier 2017,<strong> et est rest\u00e9 bloqu\u00e9 dans une cong\u00e8re au niveau de Masm\u00e9jan, peu avant d&rsquo;arriver \u00e0 La Bastide ! <\/strong> Si neige \u00ab\u00a0abondante\u00a0\u00bb il y a on constate que depuis plusieurs ann\u00e9e la SNCF n&rsquo;anticipe pas, n&rsquo;envoie aucun engin de d\u00e9neigement en temps et en heure et utilise la solution de facilit\u00e9. Ant\u00e9rieurement aux ann\u00e9es 2000 tous les cheminots nous confirment qu&rsquo;\u00e0 part quelques retards \u00e9ventuels dans ces cas-l\u00e0 jamais ni la Ligne des C\u00e9vennes ni celle du Transloz\u00e9rien n&rsquo;avaient \u00e9t\u00e9 ferm\u00e9es \u00e0 la circulation des trains sauf en 1978 pendant quelques jours \u00e0 cause de chutes de neige ayant d\u00e9pass\u00e9 les 1,50m en quelques heures.<br \/>\n&nbsp;<br \/>\n<strong>Il est d\u00e9plorable de voir que la SNCF ne veut plus mettre les moyens n\u00e9cessaires \u00e0 l&rsquo;exploitation hivernale des lignes de montagnes alors que justement le train peut rendre service \u00e0 ces occasions et que c&rsquo;est parfois le seul moyen de circuler. Nous demandons des explications et une v\u00e9rification des moyens que la Direction r\u00e9gionale SNCF de Montpellier a r\u00e9ellement mis (ou n&rsquo;a pas voulu) mettre en place. <\/strong><br \/>\n&nbsp;<br \/>\nLes chutes de neiges sont importantes mais pas exceptionnelles. Chaque ann\u00e9e la SNCF utilise ce pr\u00e9texte pour fermer la ligne du Transloz\u00e9rien plusieurs jours, et maintenant celle des C\u00e9vennes !<br \/>\n&nbsp;<br \/>\n<strong>Des scolaires \u00e9taient toujours dans le train \u00e0 16h30<\/strong><br \/>\n&nbsp;<br \/>\nNous venons d&rsquo;apprendre qu&rsquo;il y avait des scolaires \u00e0 bord de ce train. Environ 100 voyageurs toujours en attente de secours \u00e0 16h30, d&rsquo;apr\u00e8s Midi Libre  :<br \/>\n&nbsp;<br \/>\n<a href=\"http:\/\/www.midilibre.fr\/2017\/01\/27\/lozere-un-train-bloque-par-une-coulee-de-neige,1459110.php\"><strong> <em>Un train bloqu\u00e9 par une coul\u00e9e de neige.<\/em> <\/strong><\/a><br \/>\n&nbsp;<br \/>\nEt d&rsquo;apr\u00e8s France 3 LR ils auraient attendu 3 heures.<br \/>\n&nbsp;<br \/>\n<em>L&rsquo;arriv\u00e9e en gare de Belvezet (photo Midi Libre)<\/em><br \/>\n<img loading=\"lazy\" decoding=\"async\" class=\" aligncenter size-full wp-image-2100\" src=\"http:\/\/5.45.101.177\/haut-allier\/usagers-transportse\/wp-content\/uploads\/2017\/01\/arrivee-a-18h15-a-la-gare-de-belvezet_2267348_667x333.jpg\" alt=\"arrivee-a-18h15-a-la-gare-de-belvezet_2267348_667x333.jpg\" align=\"center\" width=\"667\" height=\"333\" srcset=\"https:\/\/usagers-transports.haut-allier.eu\/wp-content\/uploads\/2017\/01\/arrivee-a-18h15-a-la-gare-de-belvezet_2267348_667x333.jpg 667w, https:\/\/usagers-transports.haut-allier.eu\/wp-content\/uploads\/2017\/01\/arrivee-a-18h15-a-la-gare-de-belvezet_2267348_667x333-300x150.jpg 300w\" sizes=\"auto, (max-width: 667px) 100vw, 667px\" \/><br \/>\n&nbsp;<br \/>\n<strong>[Mise \u00e0 jour du 28 janvier 19h :]<\/strong><br \/>\n&nbsp;<br \/>\nSelon France 3 Languedoc Roussillon ce samedi le train n&rsquo;est toujours pas d\u00e9gag\u00e9 de la voie ! Il est toujours bloqu\u00e9 \u00e0 3 kilom\u00e8tres de La Bastide Puylaurent. L&rsquo;objectif de la SNCF est de lib\u00e9rer la voie avant dimanche soir dit le chef d&rsquo;\u00e9quipe SNCF&#8230;<br \/>\n&nbsp;<br \/>\n<img loading=\"lazy\" decoding=\"async\" class=\" aligncenter size-full wp-image-2101\" src=\"http:\/\/5.45.101.177\/haut-allier\/usagers-transportse\/wp-content\/uploads\/2017\/01\/joxi_screenshot_1485637538672.png\" alt=\"joxi_screenshot_1485637538672.png\" align=\"center\" width=\"445\" height=\"245\" srcset=\"https:\/\/usagers-transports.haut-allier.eu\/wp-content\/uploads\/2017\/01\/joxi_screenshot_1485637538672.png 445w, https:\/\/usagers-transports.haut-allier.eu\/wp-content\/uploads\/2017\/01\/joxi_screenshot_1485637538672-300x165.png 300w\" sizes=\"auto, (max-width: 445px) 100vw, 445px\" \/><br \/>\n&nbsp;<br \/>\n<em>(De notre correspondant)<\/em><\/p>\n","protected":false},"excerpt":{"rendered":"<p>Pour information : La neige est tomb\u00e9e en abondance sur les C\u00e9vennes. D\u00e8s hier soir le TER 873994<\/p>\n","protected":false},"author":1,"featured_media":2099,"comment_status":"closed","ping_status":"open","sticky":false,"template":"","format":"standard","meta":{"footnotes":""},"categories":[3],"tags":[],"class_list":["post-366","post","type-post","status-publish","format-standard","has-post-thumbnail","hentry","category-en-train"],"_links":{"self":[{"href":"https:\/\/usagers-transports.haut-allier.eu\/index.php\/wp-json\/wp\/v2\/posts\/366","targetHints":{"allow":["GET"]}}],"collection":[{"href":"https:\/\/usagers-transports.haut-allier.eu\/index.php\/wp-json\/wp\/v2\/posts"}],"about":[{"href":"https:\/\/usagers-transports.haut-allier.eu\/index.php\/wp-json\/wp\/v2\/types\/post"}],"author":[{"embeddable":true,"href":"https:\/\/usagers-transports.haut-allier.eu\/index.php\/wp-json\/wp\/v2\/users\/1"}],"replies":[{"embeddable":true,"href":"https:\/\/usagers-transports.haut-allier.eu\/index.php\/wp-json\/wp\/v2\/comments?post=366"}],"version-history":[{"count":0,"href":"https:\/\/usagers-transports.haut-allier.eu\/index.php\/wp-json\/wp\/v2\/posts\/366\/revisions"}],"wp:featuredmedia":[{"embeddable":true,"href":"https:\/\/usagers-transports.haut-allier.eu\/index.php\/wp-json\/wp\/v2\/media\/2099"}],"wp:attachment":[{"href":"https:\/\/usagers-transports.haut-allier.eu\/index.php\/wp-json\/wp\/v2\/media?parent=366"}],"wp:term":[{"taxonomy":"category","embeddable":true,"href":"https:\/\/usagers-transports.haut-allier.eu\/index.php\/wp-json\/wp\/v2\/categories?post=366"},{"taxonomy":"post_tag","embeddable":true,"href":"https:\/\/usagers-transports.haut-allier.eu\/index.php\/wp-json\/wp\/v2\/tags?post=366"}],"curies":[{"name":"wp","href":"https:\/\/api.w.org\/{rel}","templated":true}]}}