{"id":367,"date":"2017-01-30T10:40:52","date_gmt":"2017-01-30T09:40:52","guid":{"rendered":"http:\/\/5.45.101.177\/haut-allier\/usagers-transportse\/index.php\/2017\/01\/30\/autocars-sncf-de-substitution-ou367\/"},"modified":"2026-09-01T15:54:08","modified_gmt":"2026-09-01T13:54:08","slug":"autocars-sncf-de-substitution-ou367","status":"publish","type":"post","link":"https:\/\/usagers-transports.haut-allier.eu\/index.php\/2017\/01\/30\/autocars-sncf-de-substitution-ou367\/","title":{"rendered":"Autocars SNCF de substitution ou pas : un mort et 5 bless\u00e9s dans le Puy de D\u00f4me"},"content":{"rendered":"<strong>R\u00e9sultat pr\u00e9visible de l&rsquo;irresponsable SNCF qui envoie les voyageurs dans des bus au lieu de faire son travail et de faire rouler les trains MEME EN PERIODE DE GRAND FROID.<\/strong>\n&nbsp;\n\u00c0 cause de la soci\u00e9t\u00e9 dite ferroviaire il a fallu que \u00e7a arrive, malheureusement. Ce matin 30 janvier vers 7 heures dans le Puy-de-D\u00f4me: 1 mort et 5 bless\u00e9s dans un accident de CAR SNCF : \n&nbsp;\nOn l&rsquo;apprend sur <a href=\"https:\/\/www.francebleu.fr\/infos\/faits-divers-justice\/puy-de-dome-grave-accident-de-car-tauves-des-scolaires-bord-1485760956\">France Bleu Pays d&rsquo;Auvergne<\/a>.\n&nbsp;\nLa section ferroviaire Mauriac &#8211; Laqueuille n&rsquo;a jamais exist\u00e9 mais cela raccourcit le trajet vers Clermont-Ferrand depuis Mauriac (Cantal) et Bort-les-Orgues (Corr\u00e8ze) plut\u00f4t que de faire le d\u00e9tour via Aurillac concernant Mauriac et via Neussargues, concernant Bort-les-Orgues par les ex-lignes ferroviaires toujours affr\u00e9t\u00e9es par autocars. \n&nbsp;\nLa SNCF a cr\u00e9\u00e9 de toutes pi\u00e8ces cette liaison routi\u00e8re Mauriac &#8211; Bort-les-Orgues &#8211; Laqueuille &#8211; Clermont-Ferrand il y a quelques ann\u00e9es pour supprimer quelques uns des rares autocars continuant \u00e0 circuler quasiment vides entre Bort-les-Orgues et Neussargues d&rsquo;une part et entre Mauriac et Aurillac d\u00b4autre part. \n&nbsp;\nBien arrangeant pour la SNCF qui anticipait d\u00e9j\u00e0 la fermeture de la desserte ferroviaire Le Mont-Dore &#8211; Laqueuille &#8211; Clermont-Ferrand ! \n&nbsp;\nD\u00e9sormais ce \u00ab\u00a0raccourci\u00a0\u00bb et cette solution de facilit\u00e9 qui consistent \u00e0 fermer des lignes ferroviaires a conduit ces jeunes directement au cimeti\u00e8re&#8230; ou dans un fauteuil roulant !\n&nbsp;\n<strong>Le maire de Tauves, commune du lieu de l&rsquo;accident, confirme bien que c&rsquo;est le verglas qui est la cause et pas autre chose !<\/strong> \n&nbsp;\n<iframe loading=\"lazy\" width=\"560\" height=\"315\" src=\"https:\/\/www.youtube.com\/embed\/9dkkYwSXVyc\" frameborder=\"0\" allowfullscreen><\/iframe>\n&nbsp;\n<strong>LES USAGERS NE VEULENT PLUS DE CARS \u00c0 LA PLACE DES TRAINS !<\/strong>\n&nbsp;\nLes pauvres scolaires sont pris en otage par la soci\u00e9t\u00e9 en question. Il y a longtemps que les adultes ne suivent plus les prescriptions de substitution par autocar ! Ils se d\u00e9brouillent autrement.\n&nbsp;\nEt il s&rsquo;agit bien d&rsquo;une LIAISON ROUTI\u00c8RE R\u00c9GULI\u00c8RE, pas  uniquement scolaire, car ouverte \u00e0 tous. Ceci afin qu&rsquo;il n&rsquo;y ait ni confusion ni de bonnes excuses de la SNCF Exploitation TER Auvergne.\n&nbsp;\n<a href=\"http:\/\/5.45.101.177\/haut-allier\/usagers-transportse\/wp-content\/uploads\/2017\/01\/I68_H17_V_du_15_dec_2016_tcm72-109432_tcm72-109431.pdf\">I68_H17_V_du_15_dec_2016_tcm72-109432_tcm72-109431.pdf<\/a>\n&nbsp;\nOn rappelle aussi que le <em>plan de transport adapt\u00e9<\/em> de SNCF Auvergne, traduisez : <em>nous sommes incapables de faire notre m\u00e9tier<\/em>, concernant la suppression du TER du soir sur la ligne Clermont Ferrand N\u00eemes est prolong\u00e9 jusqu&rsquo;au 10 f\u00e9vrier ! Suppression des trains et remplacement par des bus insecure, contrairement aux affirmations de l&rsquo;organisme r\u00e9gional lues r\u00e9cemment dans le Progr\u00e8s en r\u00e9ponse \u00e0 nos questionnements.\n&nbsp;\n<strong>L&rsquo;ensemble des associations et collectifs d&rsquo;usagers envisagent de porter plainte pour mise en danger des usagers, scolaires compris.<\/strong>\n&nbsp;\n<em>Photo Radio France<\/em>\n&nbsp;\n<img loading=\"lazy\" decoding=\"async\" class=\" aligncenter size-full wp-image-2104\" src=\"http:\/\/5.45.101.177\/haut-allier\/usagers-transportse\/wp-content\/uploads\/2017\/01\/870x489_accidenttauves2.jpg\" alt=\"870x489_accidenttauves2.jpg\" align=\"center\" width=\"800\" height=\"449\" srcset=\"https:\/\/usagers-transports.haut-allier.eu\/wp-content\/uploads\/2017\/01\/870x489_accidenttauves2.jpg 800w, https:\/\/usagers-transports.haut-allier.eu\/wp-content\/uploads\/2017\/01\/870x489_accidenttauves2-300x168.jpg 300w, https:\/\/usagers-transports.haut-allier.eu\/wp-content\/uploads\/2017\/01\/870x489_accidenttauves2-768x431.jpg 768w\" sizes=\"auto, (max-width: 800px) 100vw, 800px\" \/>\n&nbsp;\n<a href=\"http:\/\/5.45.101.177\/haut-allier\/usagers-transportse\/wp-content\/uploads\/2017\/01\/L08-_CLE_NI_du_2301_au_050217_V2_tcm72-105036_tcm72-117140.pdf\">L08-_CLE_NI_du_2301_au_050217_V2_tcm72-105036_tcm72-117140.pdf<\/a>\n&nbsp;\nOn peut ajouter que le vrai coupable c&rsquo;est le ministre des transports de l&rsquo;\u00e9poque, Dominique Perben, qui en 2006 a act\u00e9 la fermeture de la ligne Mauriac Bort les Orgues.\n&nbsp;\nVoici le texte de la <a href=\"http:\/\/www.sncf-reseau.fr\/fr\/ressources\/textes-reference\/bulletins-officiels\/n16\/decision-de-fermeture-du-14-septembre-2006-section-entre-bort-les-orgues-et-mauriac\"><strong>d\u00e9cision de fermeture de RFF R\u00e9seau ferr\u00e9 de France<\/strong><\/a>.\n&nbsp;\n<p>&nbsp;<\/p>\n\n\t<figure class=\"wp-block-gallery columns-2 is-cropped wp-block-gallery-1 is-layout-flex wp-block-gallery-is-layout-flex\">\n\t\t<ul class=\"blocks-gallery-grid\">\n\t\t\t<li class=\"blocks-gallery-item\">\n\t\t\t\t<figure>\n\t\t\t\t\t\t\t\t\t\t\t<img loading=\"lazy\" decoding=\"async\" width=\"795\" height=\"561\" src=\"http:\/\/5.45.101.177\/haut-allier\/usagers-transportse\/wp-content\/uploads\/2017\/01\/I68_H17_V_du_15_dec_2016_tcm72-109432_tcm72-109431.jpg\"\n\t\t\t\t\t\t alt=\"I68_H17_V_du_15_dec_2016_tcm72-109432_tcm72-109431.jpg\"\n\t\t\t\t\t\t data-id=\"2106\"\n\t\t\t\t\t\t data-full-url=\"http:\/\/5.45.101.177\/haut-allier\/usagers-transportse\/wp-content\/uploads\/2017\/01\/I68_H17_V_du_15_dec_2016_tcm72-109432_tcm72-109431.jpg\"\n\t\t\t\t\t\t data-link=\"http:\/\/5.45.101.177\/haut-allier\/usagers-transportse\/attachment-i68_h17_v_du_15_dec_2016_tcm72-109432_tcm72-109431-jpg\/\"\n\t\t\t\t\t\t class=\"wp-image-2106\" srcset=\"https:\/\/usagers-transports.haut-allier.eu\/wp-content\/uploads\/2017\/01\/I68_H17_V_du_15_dec_2016_tcm72-109432_tcm72-109431.jpg 795w, https:\/\/usagers-transports.haut-allier.eu\/wp-content\/uploads\/2017\/01\/I68_H17_V_du_15_dec_2016_tcm72-109432_tcm72-109431-300x212.jpg 300w, https:\/\/usagers-transports.haut-allier.eu\/wp-content\/uploads\/2017\/01\/I68_H17_V_du_15_dec_2016_tcm72-109432_tcm72-109431-768x542.jpg 768w\" sizes=\"auto, (max-width: 795px) 100vw, 795px\" \/>\n\t\t\t\t<\/figure>\n\t\t\t<\/li>\n\t\t\t<li class=\"blocks-gallery-item\">\n\t\t\t\t<figure>\n\t\t\t\t\t\t\t\t\t\t\t<img loading=\"lazy\" decoding=\"async\" width=\"562\" height=\"794\" src=\"http:\/\/5.45.101.177\/haut-allier\/usagers-transportse\/wp-content\/uploads\/2017\/01\/L08-_CLE_NI_du_2301_au_050217_V2_tcm72-105036_tcm72-117140-2.jpg\"\n\t\t\t\t\t\t alt=\"L08-_CLE_NI_du_2301_au_050217_V2_tcm72-105036_tcm72-117140-2.jpg\"\n\t\t\t\t\t\t data-id=\"2107\"\n\t\t\t\t\t\t data-full-url=\"http:\/\/5.45.101.177\/haut-allier\/usagers-transportse\/wp-content\/uploads\/2017\/01\/L08-_CLE_NI_du_2301_au_050217_V2_tcm72-105036_tcm72-117140-2.jpg\"\n\t\t\t\t\t\t data-link=\"http:\/\/5.45.101.177\/haut-allier\/usagers-transportse\/attachment-l08-_cle_ni_du_2301_au_050217_v2_tcm72-105036_tcm72-117140-2-jpg\/\"\n\t\t\t\t\t\t class=\"wp-image-2107\" srcset=\"https:\/\/usagers-transports.haut-allier.eu\/wp-content\/uploads\/2017\/01\/L08-_CLE_NI_du_2301_au_050217_V2_tcm72-105036_tcm72-117140-2.jpg 562w, https:\/\/usagers-transports.haut-allier.eu\/wp-content\/uploads\/2017\/01\/L08-_CLE_NI_du_2301_au_050217_V2_tcm72-105036_tcm72-117140-2-212x300.jpg 212w\" sizes=\"auto, (max-width: 562px) 100vw, 562px\" \/>\n\t\t\t\t<\/figure>\n\t\t\t<\/li>\n\t\t<\/ul>\n\t<\/figure>\n","protected":false},"excerpt":{"rendered":"<p>R\u00e9sultat pr\u00e9visible de l&rsquo;irresponsable SNCF qui envoie les voyageurs dans des bus au lieu de faire son travail<\/p>\n","protected":false},"author":1,"featured_media":2102,"comment_status":"closed","ping_status":"open","sticky":false,"template":"","format":"standard","meta":{"footnotes":""},"categories":[3],"tags":[],"class_list":["post-367","post","type-post","status-publish","format-standard","has-post-thumbnail","hentry","category-en-train"],"_links":{"self":[{"href":"https:\/\/usagers-transports.haut-allier.eu\/index.php\/wp-json\/wp\/v2\/posts\/367","targetHints":{"allow":["GET"]}}],"collection":[{"href":"https:\/\/usagers-transports.haut-allier.eu\/index.php\/wp-json\/wp\/v2\/posts"}],"about":[{"href":"https:\/\/usagers-transports.haut-allier.eu\/index.php\/wp-json\/wp\/v2\/types\/post"}],"author":[{"embeddable":true,"href":"https:\/\/usagers-transports.haut-allier.eu\/index.php\/wp-json\/wp\/v2\/users\/1"}],"replies":[{"embeddable":true,"href":"https:\/\/usagers-transports.haut-allier.eu\/index.php\/wp-json\/wp\/v2\/comments?post=367"}],"version-history":[{"count":1,"href":"https:\/\/usagers-transports.haut-allier.eu\/index.php\/wp-json\/wp\/v2\/posts\/367\/revisions"}],"predecessor-version":[{"id":2108,"href":"https:\/\/usagers-transports.haut-allier.eu\/index.php\/wp-json\/wp\/v2\/posts\/367\/revisions\/2108"}],"wp:featuredmedia":[{"embeddable":true,"href":"https:\/\/usagers-transports.haut-allier.eu\/index.php\/wp-json\/wp\/v2\/media\/2102"}],"wp:attachment":[{"href":"https:\/\/usagers-transports.haut-allier.eu\/index.php\/wp-json\/wp\/v2\/media?parent=367"}],"wp:term":[{"taxonomy":"category","embeddable":true,"href":"https:\/\/usagers-transports.haut-allier.eu\/index.php\/wp-json\/wp\/v2\/categories?post=367"},{"taxonomy":"post_tag","embeddable":true,"href":"https:\/\/usagers-transports.haut-allier.eu\/index.php\/wp-json\/wp\/v2\/tags?post=367"}],"curies":[{"name":"wp","href":"https:\/\/api.w.org\/{rel}","templated":true}]}}