{"id":369,"date":"2017-02-06T06:59:37","date_gmt":"2017-02-06T05:59:37","guid":{"rendered":"http:\/\/5.45.101.177\/haut-allier\/usagers-transportse\/index.php\/2017\/02\/06\/1er-et-2-juillet-2017-week-end-de369\/"},"modified":"2017-02-06T06:59:37","modified_gmt":"2017-02-06T05:59:37","slug":"1er-et-2-juillet-2017-week-end-de369","status":"publish","type":"post","link":"https:\/\/usagers-transports.haut-allier.eu\/index.php\/2017\/02\/06\/1er-et-2-juillet-2017-week-end-de369\/","title":{"rendered":"1er et 2 juillet 2017 : week-end de mobilisation contre l&rsquo;inutile et co\u00fbteuse A45 Saint-Etienne Lyon"},"content":{"rendered":"<p>W le roitelet de la r\u00e9gion et partisan du tout routier m\u00eame quand il ne sert \u00e0 rien veut absolument faire d\u00e9penser 1,2 milliard, plus d&rsquo;une centaine de millions par la r\u00e9gion, pour une autoroute qui doublerait l&rsquo;existante non satur\u00e9e et non dangereuse entre Saint-Etienne et Lyon. 1,2 milliard qui ne seront pas investis dans le r\u00e9seau de transports publics, notamment le ferroviaire. D&rsquo;o\u00f9 les fermetures actuelles et futures act\u00e9es sans rien dire de Clermont-Ferrand &#8211; Bordeaux (Laqueuille &#8211; Eygurande-Merlines), Clermont-Ferrand &#8211; Saint-\u00c9tienne (Thiers &#8211; Montbrison), (Clermont-Ferrand) &#8211; Volvic &#8211; Le Mont-Dore, Aurillac &#8211; Brive.<br \/>\n&nbsp;<br \/>\nL&rsquo;A45 est un projet phare de la r\u00e9gion Auvergne &#8211; Rh\u00f4ne-Alpes. Le groupe Vinci cherche depuis des ann\u00e9es \u00e0 imposer la construction d&rsquo;une 2\u00e8me autoroute (acc\u00e8s payant) sur 45 kms entre Lyon et Saint-\u00c9tienne. Sa r\u00e9alisation aura pour cons\u00e9quences la destruction irr\u00e9m\u00e9diable d&rsquo;un environnement particuli\u00e8rement sensible et des nuisances importantes pour les populations riveraines dont le patrimoine perdrait toute sa valeur, alors m\u00eame que le ferroviaire reste le parent pauvre de la politique g\u00e9n\u00e9rale de cette r\u00e9gion. Son pr\u00e9sident \u00ab\u00a0visionnaire\u00a0\u00bb et ne jurant que par le \u00ab\u00a0tout routier\u00a0\u00bb, LW a fait voter en assembl\u00e9e pleini\u00e8re le blocage de 132 millions d&rsquo;euros d&rsquo;argent public pour contribuer au financement de cette infrastructure, totalement inutile et qui entra\u00eenera l&rsquo;augmentation du trafic routier, camions principalement, sans r\u00e9soudre pour autant les probl\u00e8mes de bouchons \u00e0 l&rsquo;approche de l&rsquo;agglom\u00e9ration lyonnaise donc de pollution !<br \/>\n&nbsp;<br \/>\nPour mieux comprendre, voir le <a href=\"https:\/\/www.francebleu.fr\/infos\/transports\/autoroute-a45-entre-saint-etienne-et-lyon-cinq-questions-pour-tout-comprendre-1459938377\"><strong>reportage complet <\/strong><\/a> de France Bleu Saint-\u00c9tienne \/ Loire.<br \/>\n&nbsp;<br \/>\nLa somme pharaonique \u00e0 r\u00e9unir pour un projet totalement d\u00e9pass\u00e9 aujourd&rsquo;hui et qui va \u00e0 l&rsquo;encontre des engagements de la COP 21, serait bien plus utile \u00e0 la r\u00e9novation des voies ferr\u00e9es menac\u00e9es en Auvergne et dans les Alpes, et \u00e0 la r\u00e9ouverture de celles que la SNCF a ferm\u00e9 r\u00e9cemment, sans pr\u00e9avis mais aussi sans opposition particuli\u00e8re de l&rsquo;ex\u00e9cutif r\u00e9gional.<br \/>\n&nbsp;<br \/>\n<strong>PLUSIEURS RASSEMBLEMENTS SONT DONC PR\u00c9VUS LE WEEK-END des 1er et 2 JUILLET 2017 POUR DIRE NON \u00c0 UNE D\u00c9CISION INACCEPTABLE ET \u00c0 UN PROJET SANS AVENIR DURABLE !<\/strong><br \/>\n&nbsp;<br \/>\n<em>Voici un message de l&rsquo;association Alternatid\u00f4mes :<\/em><br \/>\n&nbsp;<br \/>\nA vos Agendas !<br \/>\n&nbsp;<br \/>\n<strong>Contre l\u2019A45 et pour la transition, r\u00e9servez votre WE des 1er et 2 juillet 2017 !<\/strong><br \/>\n&nbsp;<br \/>\nApr\u00e8s les succ\u00e8s de la mobilisation du 18 juin 2016, qui avait permis \u00e0 1 500 personnes d&rsquo;infliger un carton rouge aux promoteurs de l&rsquo;A45, et de celle du 18 septembre qui avait r\u00e9uni pr\u00e8s de 2000 personnes autour de 34 tracteurs et de 200 v\u00e9los sur la ferme du Mornnatais, la coordination des opposants \u00e0 l\u2019A45 souhaite organiser un grand rassemblement le WE des 1 et 2 juillet. Objectif ? Mettre en lumi\u00e8re une mobilisation massive, diverse, dynamique et d\u00e9termin\u00e9e contre un projet d\u2019autoroute qui d\u00e9truit les terres agricoles, la biodiversit\u00e9, les paysages et les activit\u00e9s sur les territoires, aggrave le r\u00e9chauffement climatique et la pollution atmosph\u00e9rique, sans ne rien r\u00e9gler des probl\u00e9matiques de transport.<br \/>\n&nbsp;<br \/>\nSi plusieurs hypoth\u00e8ses de lieu et de format sont \u00e0 l\u2019\u00e9tude, la coordination des opposants \u00e0 l\u2019A45 appelle d\u2019ores-et-d\u00e9j\u00e0 toutes les forces vives disponibles (paysan.ne.s, habitant.e.s, associations, collectifs citoyens, syndicats, etc) \u00e0 r\u00e9server leur WE des 1er et 2 juillet 2017 et \u00e0 envisager les modalit\u00e9s avec lesquelles elles pourraient appuyer, soutenir et participer \u00e0 ce grand effort collectif visant \u00e0 montrer aux promoteurs de l\u2019A45 qu\u2019ils ne passeront pas : No Pasaran. No PasarA45.<br \/>\n&nbsp;<br \/>\nD\u2019ici l\u00e0, il ne fait aucun doute que de nombreuses autres initiatives (d\u00e9bats, sensibilisation, interpellations publiques, op\u00e9rations de communication, actions de blocage ou de d\u00e9sob\u00e9issance) seront men\u00e9es \u00e0 bien par les un.e.s et les autres. Ce grand rassemblement de d\u00e9but juillet, dont la pr\u00e9paration se nourrira de chacune de ces initiatives &#8211; que la coordination invite \u00e0 multiplier et renforcer &#8211; vise justement \u00e0 se donner un objectif commun qui donnera plus de force \u00e0 chacun.e !<br \/>\n&nbsp;<br \/>\nC\u2019est \u00e0 nous de jouer ! Comme nous l\u2019avons dit le 18 septembre dernier : \u00ab Tant qu\u2019il restera un recours possible ou une action pour emp\u00eacher les expropriations et bloquer les (\u00e9ventuels) futurs travaux, nous n\u2019abandonnerons pas ! \u00bb<br \/>\n&nbsp;<br \/>\nLa coordination des opposants \u00e0 l\u2019A45<br \/>\nSaint-Jean de Touslas, 18 janvier 2017<br \/>\n&nbsp;<br \/>\n<em>Pour s\u2019informer et suivre la pr\u00e9paration :<\/em><br \/>\n&#8211; Twitter : @NoPasarA45<br \/>\n&#8211; Facebook : https:\/\/www.facebook.com\/coordinationopposantsA45\/<br \/>\n&#8211; Site internet : http:\/\/www.non-a45.org\/<br \/>\n&nbsp;<\/p>\n<p>A voir, revoir et partager : la vid\u00e9o du rassemblement du 18 septembre 2016 : https:\/\/www.youtube.com\/watch?v=eXHejudEURM<\/p>\n","protected":false},"excerpt":{"rendered":"<p>W le roitelet de la r\u00e9gion et partisan du tout routier m\u00eame quand il ne sert \u00e0 rien<\/p>\n","protected":false},"author":1,"featured_media":2118,"comment_status":"closed","ping_status":"open","sticky":false,"template":"","format":"standard","meta":{"footnotes":""},"categories":[9],"tags":[],"class_list":["post-369","post","type-post","status-publish","format-standard","has-post-thumbnail","hentry","category-en-auto"],"_links":{"self":[{"href":"https:\/\/usagers-transports.haut-allier.eu\/index.php\/wp-json\/wp\/v2\/posts\/369","targetHints":{"allow":["GET"]}}],"collection":[{"href":"https:\/\/usagers-transports.haut-allier.eu\/index.php\/wp-json\/wp\/v2\/posts"}],"about":[{"href":"https:\/\/usagers-transports.haut-allier.eu\/index.php\/wp-json\/wp\/v2\/types\/post"}],"author":[{"embeddable":true,"href":"https:\/\/usagers-transports.haut-allier.eu\/index.php\/wp-json\/wp\/v2\/users\/1"}],"replies":[{"embeddable":true,"href":"https:\/\/usagers-transports.haut-allier.eu\/index.php\/wp-json\/wp\/v2\/comments?post=369"}],"version-history":[{"count":0,"href":"https:\/\/usagers-transports.haut-allier.eu\/index.php\/wp-json\/wp\/v2\/posts\/369\/revisions"}],"wp:featuredmedia":[{"embeddable":true,"href":"https:\/\/usagers-transports.haut-allier.eu\/index.php\/wp-json\/wp\/v2\/media\/2118"}],"wp:attachment":[{"href":"https:\/\/usagers-transports.haut-allier.eu\/index.php\/wp-json\/wp\/v2\/media?parent=369"}],"wp:term":[{"taxonomy":"category","embeddable":true,"href":"https:\/\/usagers-transports.haut-allier.eu\/index.php\/wp-json\/wp\/v2\/categories?post=369"},{"taxonomy":"post_tag","embeddable":true,"href":"https:\/\/usagers-transports.haut-allier.eu\/index.php\/wp-json\/wp\/v2\/tags?post=369"}],"curies":[{"name":"wp","href":"https:\/\/api.w.org\/{rel}","templated":true}]}}