{"id":370,"date":"2017-02-06T13:16:45","date_gmt":"2017-02-06T12:16:45","guid":{"rendered":"http:\/\/5.45.101.177\/haut-allier\/usagers-transportse\/index.php\/2017\/02\/06\/alleyras-nouvel-eboulement-coupant370\/"},"modified":"2017-02-06T13:16:45","modified_gmt":"2017-02-06T12:16:45","slug":"alleyras-nouvel-eboulement-coupant370","status":"publish","type":"post","link":"https:\/\/usagers-transports.haut-allier.eu\/index.php\/2017\/02\/06\/alleyras-nouvel-eboulement-coupant370\/","title":{"rendered":"Alleyras : nouvel \u00e9boulement coupant la d\u00e9partementale 33 vers Saugues [MAJ]"},"content":{"rendered":"<p><strong>[ MAJ 18h00 ]<\/strong><br \/>\n<strong>En fait ne pas prendre le chemin de Vabres \u00e0 Sanis (GR470). Il est impraticable pour les v\u00e9hicules l\u00e9gers selon les employ\u00e9s municipaux et selon le premier magistrat de la commune.<\/strong><br \/>\n&nbsp;<br \/>\nUn \u00e9boulement s\u2019est produit ce matin vers 11 heures sur la route d\u00e9partementale 33 en sortie du Pont d\u2019Alleyras en direction de Saint-Pr\u00e9jet d\u2019Allier et Saugues un peu avant la carri\u00e8re de basalte.<br \/>\n&nbsp;<br \/>\n<img loading=\"lazy\" decoding=\"async\" class=\" aligncenter size-full wp-image-2120\" src=\"http:\/\/5.45.101.177\/haut-allier\/usagers-transportse\/wp-content\/uploads\/2017\/02\/eboulement.jpg\" alt=\"eboulement.jpg\" align=\"center\" width=\"734\" height=\"413\" srcset=\"https:\/\/usagers-transports.haut-allier.eu\/wp-content\/uploads\/2017\/02\/eboulement.jpg 734w, https:\/\/usagers-transports.haut-allier.eu\/wp-content\/uploads\/2017\/02\/eboulement-300x169.jpg 300w\" sizes=\"auto, (max-width: 734px) 100vw, 734px\" \/><br \/>\n&nbsp;<br \/>\nToute circulation est impossible entre La baraque du Chaumas et Pont d\u2019Alleyras.<br \/>\n&nbsp;<br \/>\n<img loading=\"lazy\" decoding=\"async\" class=\" aligncenter size-full wp-image-2121\" src=\"http:\/\/5.45.101.177\/haut-allier\/usagers-transportse\/wp-content\/uploads\/2017\/02\/joxi_screenshot_1486381744944.png\" alt=\"joxi_screenshot_1486381744944.png\" align=\"center\" width=\"784\" height=\"414\" srcset=\"https:\/\/usagers-transports.haut-allier.eu\/wp-content\/uploads\/2017\/02\/joxi_screenshot_1486381744944.png 784w, https:\/\/usagers-transports.haut-allier.eu\/wp-content\/uploads\/2017\/02\/joxi_screenshot_1486381744944-300x158.png 300w, https:\/\/usagers-transports.haut-allier.eu\/wp-content\/uploads\/2017\/02\/joxi_screenshot_1486381744944-768x406.png 768w\" sizes=\"auto, (max-width: 784px) 100vw, 784px\" \/><br \/>\n&nbsp;<br \/>\nIl faut pour ce qui le souhaitent <strong>prendre le chemin communal r\u00e9cemment restaur\u00e9 entre Sanis et Vabres<\/strong> pour rejoindre le G\u00e9vaudan : sur le pont d&rsquo;Alleyras prendre la D331 vers Vabres. A Vabres longer l&rsquo;\u00e9glise et monter le chemin jusqu&rsquo;au croisement de l&rsquo;Estrade. Prendre \u00e0 droite vers la baraque du Chaumas pour Saint-Pr\u00e9jet, Monistrol et Saugues ou \u00e0 gauche pour Chambon le Ch\u00e2teau, Chapeauroux ou Grandrieu et Mende. Et en plus c&rsquo;est plus court <strong>mais attention vitesse limit\u00e9e pour ne pas d\u00e9grader cette voie communale.<\/strong><br \/>\n&nbsp;<br \/>\nLe d\u00e9partement installera certainement une d\u00e9viation&#8230; par Saint-Privat d&rsquo;Allier Monistrol&#8230; ou par Saint-Haon histoire de d\u00e9penser un peu plus de fioul.<\/p>\n<p>&nbsp;<br \/>\n<img loading=\"lazy\" decoding=\"async\" class=\" aligncenter size-full wp-image-2122\" src=\"http:\/\/5.45.101.177\/haut-allier\/usagers-transportse\/wp-content\/uploads\/2017\/02\/joxi_screenshot_1486382984421.png\" alt=\"joxi_screenshot_1486382984421.png\" align=\"center\" width=\"619\" height=\"350\" srcset=\"https:\/\/usagers-transports.haut-allier.eu\/wp-content\/uploads\/2017\/02\/joxi_screenshot_1486382984421.png 619w, https:\/\/usagers-transports.haut-allier.eu\/wp-content\/uploads\/2017\/02\/joxi_screenshot_1486382984421-300x170.png 300w\" sizes=\"auto, (max-width: 619px) 100vw, 619px\" \/><br \/>\n&nbsp;<\/p>\n<p>Les habitants souhaitent que le service des routes du d\u00e9partement de Haute-Loire d\u00e9gage un peu plus rapidement qu\u2019il ne l\u2019a fait pour la D 40 r\u00e9cemment.<br \/>\n&nbsp;<br \/>\n<strong>[MAJ lundi 16h30]<\/strong><br \/>\n&nbsp;<br \/>\n<strong>La commune d\u2019Alleyras a rouvert le passage et a pos\u00e9 des panneaux pr\u00e9ventifs dans un premier temps sur la D33. Puis le d\u00e9partement plus tard a carr\u00e9ment ferm\u00e9 la route en posant des barri\u00e8res. Ils ont install\u00e9 une d\u00e9viation (par Saint-Privat). Passez par le chemin de Vabres Sanis si vraiment vous en avez besoin. Il est enneig\u00e9 et tr\u00e8s tr\u00e8s humide par endroits.<\/strong><\/p>\n","protected":false},"excerpt":{"rendered":"<p>[ MAJ 18h00 ] En fait ne pas prendre le chemin de Vabres \u00e0 Sanis (GR470). Il est<\/p>\n","protected":false},"author":1,"featured_media":2119,"comment_status":"closed","ping_status":"open","sticky":false,"template":"","format":"standard","meta":{"footnotes":""},"categories":[9],"tags":[],"class_list":["post-370","post","type-post","status-publish","format-standard","has-post-thumbnail","hentry","category-en-auto"],"_links":{"self":[{"href":"https:\/\/usagers-transports.haut-allier.eu\/index.php\/wp-json\/wp\/v2\/posts\/370","targetHints":{"allow":["GET"]}}],"collection":[{"href":"https:\/\/usagers-transports.haut-allier.eu\/index.php\/wp-json\/wp\/v2\/posts"}],"about":[{"href":"https:\/\/usagers-transports.haut-allier.eu\/index.php\/wp-json\/wp\/v2\/types\/post"}],"author":[{"embeddable":true,"href":"https:\/\/usagers-transports.haut-allier.eu\/index.php\/wp-json\/wp\/v2\/users\/1"}],"replies":[{"embeddable":true,"href":"https:\/\/usagers-transports.haut-allier.eu\/index.php\/wp-json\/wp\/v2\/comments?post=370"}],"version-history":[{"count":0,"href":"https:\/\/usagers-transports.haut-allier.eu\/index.php\/wp-json\/wp\/v2\/posts\/370\/revisions"}],"wp:featuredmedia":[{"embeddable":true,"href":"https:\/\/usagers-transports.haut-allier.eu\/index.php\/wp-json\/wp\/v2\/media\/2119"}],"wp:attachment":[{"href":"https:\/\/usagers-transports.haut-allier.eu\/index.php\/wp-json\/wp\/v2\/media?parent=370"}],"wp:term":[{"taxonomy":"category","embeddable":true,"href":"https:\/\/usagers-transports.haut-allier.eu\/index.php\/wp-json\/wp\/v2\/categories?post=370"},{"taxonomy":"post_tag","embeddable":true,"href":"https:\/\/usagers-transports.haut-allier.eu\/index.php\/wp-json\/wp\/v2\/tags?post=370"}],"curies":[{"name":"wp","href":"https:\/\/api.w.org\/{rel}","templated":true}]}}