{"id":371,"date":"2017-02-09T20:39:00","date_gmt":"2017-02-09T19:39:00","guid":{"rendered":"http:\/\/5.45.101.177\/haut-allier\/usagers-transportse\/index.php\/2017\/02\/09\/train-cevenol-le-president-de371\/"},"modified":"2026-09-01T15:54:10","modified_gmt":"2026-09-01T13:54:10","slug":"train-cevenol-le-president-de371","status":"publish","type":"post","link":"https:\/\/usagers-transports.haut-allier.eu\/index.php\/2017\/02\/09\/train-cevenol-le-president-de371\/","title":{"rendered":"Train C\u00e9venol : le pr\u00e9sident de Rh\u00f4ne Alpes Auvergne \u00ab\u00a0rechigne \u00e0 s&rsquo;engager\u00a0\u00bb"},"content":{"rendered":"Alors que la r\u00e9gion Occitanie a d\u00e9j\u00e0 sign\u00e9 un accord avec l&rsquo;\u00e9tat concernant le train C\u00e9venol, nous apprenons que LW rechigne \u00e0 s&rsquo;engager pour sa partie Nord. Sans doute pour embarrasser la r\u00e9gion Occitanie et sa pr\u00e9sidente socialiste Delga. Mais on n&rsquo;y comprend plus rien puisque son staff a d\u00e9clar\u00e9 que la gestion du C\u00e9venol sur tout son trajet lui \u00e9tait attribu\u00e9. La r\u00e9gion ARA et son pr\u00e9sident veulent-ils faire capoter l&rsquo;avenir du train Intercit\u00e9s ?\n&nbsp;\nC&rsquo;est ce qu&rsquo;on peut lire dans l&rsquo;article qui para\u00eetra demain dans l&rsquo;hebdomadaire de Brioude la Ruche. Une page enti\u00e8re sous la plume de G\u00e9raldine Sell\u00e8s consacr\u00e9e \u00e0 l&rsquo;\u00e9tat du ferroviaire au sud de cette ville. Le point est fait et le constat affligeant de la part de tous les acteurs, y compris du d\u00e9put\u00e9 local Peter Vigier que l&rsquo;on sent totalement impuissant alors qu&rsquo;il est conseiller r\u00e9gional ARA, la r\u00e9gion qui fait office d&rsquo;autorit\u00e9 organisatrice des TER.\n&nbsp;\nUn correspondant r\u00e9gulier nous confie : <em>En tout cas, le reste (NDLR : de l&rsquo;article) exprime le malaise, et \u00e7a fait plaisir de le voir, \u00e9crit et publi\u00e9. Le malaise vient de la d\u00e9saffection de la Client\u00e8le. Nous, amis du Rail, savons d&rsquo;o\u00f9 cela vient. L&rsquo;usager est dissuad\u00e9 d&rsquo;utiliser un moyen de transport o\u00f9 chaque d\u00e9marche est une \u00e9preuve.<\/em>\n&nbsp;\nVoici l&rsquo;article (cliquer) :\n&nbsp;\n<img loading=\"lazy\" decoding=\"async\" class=\" aligncenter size-full wp-image-2124\" src=\"http:\/\/5.45.101.177\/haut-allier\/usagers-transportse\/wp-content\/uploads\/2017\/02\/laruche-10fevrier2017-1400.jpg\" alt=\"laruche-10fevrier2017-1400.jpg\" align=\"center\" width=\"1057\" height=\"1500\" srcset=\"https:\/\/usagers-transports.haut-allier.eu\/wp-content\/uploads\/2017\/02\/laruche-10fevrier2017-1400.jpg 1057w, https:\/\/usagers-transports.haut-allier.eu\/wp-content\/uploads\/2017\/02\/laruche-10fevrier2017-1400-211x300.jpg 211w, https:\/\/usagers-transports.haut-allier.eu\/wp-content\/uploads\/2017\/02\/laruche-10fevrier2017-1400-722x1024.jpg 722w, https:\/\/usagers-transports.haut-allier.eu\/wp-content\/uploads\/2017\/02\/laruche-10fevrier2017-1400-768x1090.jpg 768w\" sizes=\"auto, (max-width: 1057px) 100vw, 1057px\" \/>\n&nbsp;\n<em>(Merci \u00e0 JL Roche)<\/em>\n&nbsp;\n<strong>A Langogne on interpelle le conseiller r\u00e9gional ARA Vigier<\/strong>\n&nbsp;\nLu dans l&rsquo;Eveil Hebdo d&rsquo;hier cette interpellation de Jean Claude Chazal, \u00e9lu de Langogne :\n&nbsp;\n<img loading=\"lazy\" decoding=\"async\" class=\" aligncenter size-full wp-image-2125\" src=\"http:\/\/5.45.101.177\/haut-allier\/usagers-transportse\/wp-content\/uploads\/2017\/02\/jcchazal-leveil.jpg\" alt=\"jcchazal-leveil.jpg\" align=\"center\" width=\"468\" height=\"682\" srcset=\"https:\/\/usagers-transports.haut-allier.eu\/wp-content\/uploads\/2017\/02\/jcchazal-leveil.jpg 468w, https:\/\/usagers-transports.haut-allier.eu\/wp-content\/uploads\/2017\/02\/jcchazal-leveil-206x300.jpg 206w\" sizes=\"auto, (max-width: 468px) 100vw, 468px\" \/>\n&nbsp;<p>&nbsp;<\/p>\n\n\t<figure class=\"wp-block-gallery columns-1 is-cropped wp-block-gallery-1 is-layout-flex wp-block-gallery-is-layout-flex\">\n\t\t<ul class=\"blocks-gallery-grid\">\n\t\t\t<li class=\"blocks-gallery-item\">\n\t\t\t\t<figure>\n\t\t\t\t\t\t\t\t\t\t\t<img loading=\"lazy\" decoding=\"async\" width=\"564\" height=\"800\" src=\"http:\/\/5.45.101.177\/haut-allier\/usagers-transportse\/wp-content\/uploads\/2017\/02\/laruche-10fevrier2017-800.jpg\"\n\t\t\t\t\t\t alt=\"laruche-10fevrier2017-800.jpg\"\n\t\t\t\t\t\t data-id=\"2126\"\n\t\t\t\t\t\t data-full-url=\"http:\/\/5.45.101.177\/haut-allier\/usagers-transportse\/wp-content\/uploads\/2017\/02\/laruche-10fevrier2017-800.jpg\"\n\t\t\t\t\t\t data-link=\"http:\/\/5.45.101.177\/haut-allier\/usagers-transportse\/attachment-laruche-10fevrier2017-800-jpg\/\"\n\t\t\t\t\t\t class=\"wp-image-2126\" srcset=\"https:\/\/usagers-transports.haut-allier.eu\/wp-content\/uploads\/2017\/02\/laruche-10fevrier2017-800.jpg 564w, https:\/\/usagers-transports.haut-allier.eu\/wp-content\/uploads\/2017\/02\/laruche-10fevrier2017-800-212x300.jpg 212w\" sizes=\"auto, (max-width: 564px) 100vw, 564px\" \/>\n\t\t\t\t<\/figure>\n\t\t\t<\/li>\n\t\t<\/ul>\n\t<\/figure>\n","protected":false},"excerpt":{"rendered":"<p>Alors que la r\u00e9gion Occitanie a d\u00e9j\u00e0 sign\u00e9 un accord avec l&rsquo;\u00e9tat concernant le train C\u00e9venol, nous apprenons<\/p>\n","protected":false},"author":1,"featured_media":2123,"comment_status":"closed","ping_status":"open","sticky":false,"template":"","format":"standard","meta":{"footnotes":""},"categories":[3],"tags":[],"class_list":["post-371","post","type-post","status-publish","format-standard","has-post-thumbnail","hentry","category-en-train"],"_links":{"self":[{"href":"https:\/\/usagers-transports.haut-allier.eu\/index.php\/wp-json\/wp\/v2\/posts\/371","targetHints":{"allow":["GET"]}}],"collection":[{"href":"https:\/\/usagers-transports.haut-allier.eu\/index.php\/wp-json\/wp\/v2\/posts"}],"about":[{"href":"https:\/\/usagers-transports.haut-allier.eu\/index.php\/wp-json\/wp\/v2\/types\/post"}],"author":[{"embeddable":true,"href":"https:\/\/usagers-transports.haut-allier.eu\/index.php\/wp-json\/wp\/v2\/users\/1"}],"replies":[{"embeddable":true,"href":"https:\/\/usagers-transports.haut-allier.eu\/index.php\/wp-json\/wp\/v2\/comments?post=371"}],"version-history":[{"count":1,"href":"https:\/\/usagers-transports.haut-allier.eu\/index.php\/wp-json\/wp\/v2\/posts\/371\/revisions"}],"predecessor-version":[{"id":2127,"href":"https:\/\/usagers-transports.haut-allier.eu\/index.php\/wp-json\/wp\/v2\/posts\/371\/revisions\/2127"}],"wp:featuredmedia":[{"embeddable":true,"href":"https:\/\/usagers-transports.haut-allier.eu\/index.php\/wp-json\/wp\/v2\/media\/2123"}],"wp:attachment":[{"href":"https:\/\/usagers-transports.haut-allier.eu\/index.php\/wp-json\/wp\/v2\/media?parent=371"}],"wp:term":[{"taxonomy":"category","embeddable":true,"href":"https:\/\/usagers-transports.haut-allier.eu\/index.php\/wp-json\/wp\/v2\/categories?post=371"},{"taxonomy":"post_tag","embeddable":true,"href":"https:\/\/usagers-transports.haut-allier.eu\/index.php\/wp-json\/wp\/v2\/tags?post=371"}],"curies":[{"name":"wp","href":"https:\/\/api.w.org\/{rel}","templated":true}]}}