{"id":372,"date":"2017-02-28T07:04:12","date_gmt":"2017-02-28T06:04:12","guid":{"rendered":"http:\/\/5.45.101.177\/haut-allier\/usagers-transportse\/index.php\/2017\/02\/28\/train-cevenol-les-nouvelles-rames372\/"},"modified":"2017-02-28T07:04:12","modified_gmt":"2017-02-28T06:04:12","slug":"train-cevenol-les-nouvelles-rames372","status":"publish","type":"post","link":"https:\/\/usagers-transports.haut-allier.eu\/index.php\/2017\/02\/28\/train-cevenol-les-nouvelles-rames372\/","title":{"rendered":"Train C\u00e9venol : les nouvelles rames R\u00e9giolis Alstom  en service avant septembre 2019"},"content":{"rendered":"<p>Un communiqu\u00e9 du Minist\u00e8re de l&rsquo;Environnement, de l&rsquo;\u00e9nergie et de la Mer nous apprend que le nouveau train C\u00e9venol sera sur les rails <em>entre novembre 2018 et septembre 2019<\/em>.<br \/>\n&nbsp;<br \/>\nCeci suite \u00e0 la signature hier par Alain Vidalies, Secr\u00e9taire d\u2019Etat charg\u00e9 des Transports, de la Mer et de la P\u00eache, Florence Parly, Directrice g\u00e9n\u00e9rale de SNCF Voyageurs, et Philippe Duron, D\u00e9put\u00e9, Pr\u00e9sident de l\u2019AFITF, de deux conventions relatives aux Trains d\u2019Equilibre des Territoires. Ces deux conventions marquent l\u2019aboutissement de la feuille de route pour un nouvel avenir des TET, pr\u00e9sent\u00e9e par le Gouvernement en juillet 2015.<br \/>\n&nbsp;<br \/>\n<em>\u00ab\u00a0Dans le cadre de cette feuille de route, l\u2019Etat s\u2019est \u00e9galement engag\u00e9 \u00e0 un renouvellement complet du mat\u00e9riel roulant d\u2019ici 2025, pour un montant total de 3,5 milliards d\u2019euros. Il s\u2019agit d\u2019un effort sans pr\u00e9c\u00e9dent pour rendre ces trains plus attractifs et confortables, au b\u00e9n\u00e9fice des voyageurs. La convention de financement sign\u00e9e par ailleurs ce jour entre l\u2019Etat, l\u2019AFITF et SNCF Mobilit\u00e9s acte l\u2019acquisition de 30 rames R\u00e9giolis Alstom, pour un montant de 360 millions d\u2019euros. Ces trains b\u00e9n\u00e9ficieront aux lignes de nombreuses r\u00e9gions : Paris-Amiens-Boulogne, la desserte de Montlu\u00e7on venant de Paris et Bourges, Clermont-Ferrand-N\u00eemes (C\u00e9venol), Toulouse-Hendaye, ainsi que les 3 lignes reprises par la r\u00e9gion Nouvelle Aquitaine (Bordeaux-La Rochelle, Bordeaux-Limoges et Bordeaux-Ussel)\u00a0\u00bb.<\/em><br \/>\n&nbsp;<\/p>\n","protected":false},"excerpt":{"rendered":"<p>Un communiqu\u00e9 du Minist\u00e8re de l&rsquo;Environnement, de l&rsquo;\u00e9nergie et de la Mer nous apprend que le nouveau train<\/p>\n","protected":false},"author":1,"featured_media":2128,"comment_status":"closed","ping_status":"open","sticky":false,"template":"","format":"standard","meta":{"footnotes":""},"categories":[3],"tags":[],"class_list":["post-372","post","type-post","status-publish","format-standard","has-post-thumbnail","hentry","category-en-train"],"_links":{"self":[{"href":"https:\/\/usagers-transports.haut-allier.eu\/index.php\/wp-json\/wp\/v2\/posts\/372","targetHints":{"allow":["GET"]}}],"collection":[{"href":"https:\/\/usagers-transports.haut-allier.eu\/index.php\/wp-json\/wp\/v2\/posts"}],"about":[{"href":"https:\/\/usagers-transports.haut-allier.eu\/index.php\/wp-json\/wp\/v2\/types\/post"}],"author":[{"embeddable":true,"href":"https:\/\/usagers-transports.haut-allier.eu\/index.php\/wp-json\/wp\/v2\/users\/1"}],"replies":[{"embeddable":true,"href":"https:\/\/usagers-transports.haut-allier.eu\/index.php\/wp-json\/wp\/v2\/comments?post=372"}],"version-history":[{"count":0,"href":"https:\/\/usagers-transports.haut-allier.eu\/index.php\/wp-json\/wp\/v2\/posts\/372\/revisions"}],"wp:featuredmedia":[{"embeddable":true,"href":"https:\/\/usagers-transports.haut-allier.eu\/index.php\/wp-json\/wp\/v2\/media\/2128"}],"wp:attachment":[{"href":"https:\/\/usagers-transports.haut-allier.eu\/index.php\/wp-json\/wp\/v2\/media?parent=372"}],"wp:term":[{"taxonomy":"category","embeddable":true,"href":"https:\/\/usagers-transports.haut-allier.eu\/index.php\/wp-json\/wp\/v2\/categories?post=372"},{"taxonomy":"post_tag","embeddable":true,"href":"https:\/\/usagers-transports.haut-allier.eu\/index.php\/wp-json\/wp\/v2\/tags?post=372"}],"curies":[{"name":"wp","href":"https:\/\/api.w.org\/{rel}","templated":true}]}}