{"id":374,"date":"2017-03-24T16:36:27","date_gmt":"2017-03-24T15:36:27","guid":{"rendered":"http:\/\/5.45.101.177\/haut-allier\/usagers-transportse\/index.php\/2017\/03\/24\/les-groupes-independants-de374\/"},"modified":"2017-03-24T16:36:27","modified_gmt":"2017-03-24T15:36:27","slug":"les-groupes-independants-de374","status":"publish","type":"post","link":"https:\/\/usagers-transports.haut-allier.eu\/index.php\/2017\/03\/24\/les-groupes-independants-de374\/","title":{"rendered":"Les Groupes Ind\u00e9pendants de d\u00e9fense des Usagers demandent \u00e0 la R\u00e9gion ARA de s&rsquo;exprimer sur l&rsquo;avenir des TER d&rsquo;Auvergne"},"content":{"rendered":"<p><strong>Mais ses repr\u00e9sentants oseront-ils venir \u00e0 Clermont ?<\/strong><br \/>\n&nbsp;<br \/>\nLes auvergnats ont l&rsquo;air de compter pour peanuts pour la grande r\u00e9gion ARA et ses \u00e9lus. A part la Haute-Loire soumise au r\u00e9gime de faveur. Vous aussi vous l&rsquo;aviez remarqu\u00e9 ?<br \/>\n&nbsp;<br \/>\nAussi dans une lettre \u00e0 Patrick Mignola, vice-pr\u00e9sident de la r\u00e9gion Auvergne Rh\u00f4ne Alpes charg\u00e9 des transports et \u00e0 Laurent Wauquiez pr\u00e9sident de cette r\u00e9gion, l&rsquo;ensemble des groupes de d\u00e9fense ind\u00e9pendants (de la SNCF et des corporatismes) des usagers auvergnats du train invite les responsables r\u00e9gionaux \u00e0 enfin pr\u00e9senter leurs objectifs pour les TER et Intercit\u00e9s auvergnats. Elle, qui en a la charge mais qui fait la muette depuis plus d&rsquo;un an.<br \/>\n&nbsp;<br \/>\nLe prestataire de la r\u00e9gion pour les transports ferroviaires, la SNCF, ferme les lignes de montagne et les dessertes \u00e0 tour de bras depuis des mois, ferme les guichets des quelques gares restantes et a de plus en plus de mal \u00e0 assurer le service normal auquel elle s&rsquo;est engag\u00e9e. Les pr\u00e9textes qu&rsquo;elle avance sont vari\u00e9s et vont de la s\u00e9curit\u00e9, de probl\u00e8mes de mat\u00e9riels, de probl\u00e8mes d&rsquo;intemp\u00e9ries aux probl\u00e8mes de personnels.<br \/>\n&nbsp;<br \/>\nLes usagers auvergnats trouvent que la coupe est bien pleine et invite la r\u00e9gion ARA \u00e0 \u00eatre ferme sur la qualit\u00e9 du service ferroviaire \u00e0 laquelle les voyageurs sont en droit de pr\u00e9tendre et que la SNCF s&rsquo;est engag\u00e9e \u00e0 fournir en \u00e9change d&rsquo;une participation financi\u00e8re tr\u00e8s \u00e9lev\u00e9e de la collectivit\u00e9, argent public dont elle fait de plus un usage opaque.<br \/>\n&nbsp;<br \/>\n<strong>Une nouvelle convention SNCF &#8211; Etat \/ R\u00e9gion ARA va \u00eatre sign\u00e9e avant juin de cette ann\u00e9e et les usagers contribuables auvergnats veulent ABSOLUMENT SAVOIR QUELS SERVICES VONT LEUR ETRE FOURNIS et si leurs demandes vont \u00eatre satisfaites, que ce soit les r\u00e9ouvertures de lignes ferm\u00e9es, l&rsquo;arr\u00eat des substitutions syst\u00e9matiques par autocars, l&rsquo;am\u00e9lioration de la ponctualit\u00e9; de la r\u00e9gularit\u00e9, une meilleure offre horaire, des correspondances souples, des gares vivantes avec si possible des guichets et la r\u00e9forme du service en vue de l&rsquo;am\u00e9liorer.<\/strong><br \/>\n&nbsp;<br \/>\nNous demanderons donc \u00e0 nos invit\u00e9s de le dire aux auvergnats ce samedi 1er avril prochain \u00e0 Clermont-Ferrand avant et pendant la conf\u00e9rence de presse que le groupement des usagers organise.<br \/>\n&nbsp;<br \/>\n<em>L&rsquo;invitation \u00e0 Messieurs Wauquiez et Mignola<\/em><br \/>\n<img loading=\"lazy\" decoding=\"async\" class=\" aligncenter size-full wp-image-2132\" src=\"http:\/\/5.45.101.177\/haut-allier\/usagers-transportse\/wp-content\/uploads\/2017\/03\/lettre-usagers-transports-auvergne-a-region-ara-mignola-wauquiez-23mars2017-vignette.jpg\" alt=\"lettre-usagers-transports-auvergne-a-region-ara-mignola-wauquiez-23mars2017-vignette.jpg\" align=\"center\" width=\"200\" height=\"283\" \/><br \/>\n&nbsp;<br \/>\n<strong>R\u00e9ponse \u00e0 tout cela samedi 1er avril en soir\u00e9e dans les m\u00e9dias auvergnats.<\/strong><\/p>\n","protected":false},"excerpt":{"rendered":"<p>Mais ses repr\u00e9sentants oseront-ils venir \u00e0 Clermont ? &nbsp; Les auvergnats ont l&rsquo;air de compter pour peanuts pour<\/p>\n","protected":false},"author":1,"featured_media":2131,"comment_status":"open","ping_status":"open","sticky":false,"template":"","format":"standard","meta":{"footnotes":""},"categories":[3],"tags":[],"class_list":["post-374","post","type-post","status-publish","format-standard","has-post-thumbnail","hentry","category-en-train"],"_links":{"self":[{"href":"https:\/\/usagers-transports.haut-allier.eu\/index.php\/wp-json\/wp\/v2\/posts\/374","targetHints":{"allow":["GET"]}}],"collection":[{"href":"https:\/\/usagers-transports.haut-allier.eu\/index.php\/wp-json\/wp\/v2\/posts"}],"about":[{"href":"https:\/\/usagers-transports.haut-allier.eu\/index.php\/wp-json\/wp\/v2\/types\/post"}],"author":[{"embeddable":true,"href":"https:\/\/usagers-transports.haut-allier.eu\/index.php\/wp-json\/wp\/v2\/users\/1"}],"replies":[{"embeddable":true,"href":"https:\/\/usagers-transports.haut-allier.eu\/index.php\/wp-json\/wp\/v2\/comments?post=374"}],"version-history":[{"count":0,"href":"https:\/\/usagers-transports.haut-allier.eu\/index.php\/wp-json\/wp\/v2\/posts\/374\/revisions"}],"wp:featuredmedia":[{"embeddable":true,"href":"https:\/\/usagers-transports.haut-allier.eu\/index.php\/wp-json\/wp\/v2\/media\/2131"}],"wp:attachment":[{"href":"https:\/\/usagers-transports.haut-allier.eu\/index.php\/wp-json\/wp\/v2\/media?parent=374"}],"wp:term":[{"taxonomy":"category","embeddable":true,"href":"https:\/\/usagers-transports.haut-allier.eu\/index.php\/wp-json\/wp\/v2\/categories?post=374"},{"taxonomy":"post_tag","embeddable":true,"href":"https:\/\/usagers-transports.haut-allier.eu\/index.php\/wp-json\/wp\/v2\/tags?post=374"}],"curies":[{"name":"wp","href":"https:\/\/api.w.org\/{rel}","templated":true}]}}