{"id":375,"date":"2017-03-31T09:52:05","date_gmt":"2017-03-31T07:52:05","guid":{"rendered":"http:\/\/5.45.101.177\/haut-allier\/usagers-transportse\/index.php\/2017\/03\/31\/ligne-du-train-cevenol-toutes-les375\/"},"modified":"2017-03-31T09:52:05","modified_gmt":"2017-03-31T07:52:05","slug":"ligne-du-train-cevenol-toutes-les375","status":"publish","type":"post","link":"https:\/\/usagers-transports.haut-allier.eu\/index.php\/2017\/03\/31\/ligne-du-train-cevenol-toutes-les375\/","title":{"rendered":"Ligne du train C\u00e9venol : toutes les circulations interrompues en mai et juin prochain !"},"content":{"rendered":"<p>SNCF pr\u00e9pare&#8230; LA COUPURE EN DEBUT DE SAISON de toutes les circulations sur la ligne des C\u00e9vennes. Pour bien em&#8230; ennuyer tout le monde et enterrer un peu plus le Haut Allier : cette ann\u00e9e en catimini, c&rsquo;est du 3 mai au 29 juin 2017 (on pr\u00e9cise), les fiches travaux ne sont pas encore publi\u00e9es, ils ont honte.<br \/>\n&nbsp;<br \/>\n <img loading=\"lazy\" decoding=\"async\" class=\" aligncenter size-full wp-image-2134\" src=\"http:\/\/5.45.101.177\/haut-allier\/usagers-transportse\/wp-content\/uploads\/2017\/03\/travauxjoxi_screenshot_1490938019406.png\" alt=\"travauxjoxi_screenshot_1490938019406.png\" align=\"center\" width=\"640\" height=\"369\" srcset=\"https:\/\/usagers-transports.haut-allier.eu\/wp-content\/uploads\/2017\/03\/travauxjoxi_screenshot_1490938019406.png 640w, https:\/\/usagers-transports.haut-allier.eu\/wp-content\/uploads\/2017\/03\/travauxjoxi_screenshot_1490938019406-300x173.png 300w\" sizes=\"auto, (max-width: 640px) 100vw, 640px\" \/><br \/>\n&nbsp;<br \/>\n<img loading=\"lazy\" decoding=\"async\" class=\" aligncenter size-full wp-image-2135\" src=\"http:\/\/5.45.101.177\/haut-allier\/usagers-transportse\/wp-content\/uploads\/2017\/03\/travaux-oxi_screenshot_1490937901782.png\" alt=\"travaux-oxi_screenshot_1490937901782.png\" align=\"center\" width=\"643\" height=\"377\" srcset=\"https:\/\/usagers-transports.haut-allier.eu\/wp-content\/uploads\/2017\/03\/travaux-oxi_screenshot_1490937901782.png 643w, https:\/\/usagers-transports.haut-allier.eu\/wp-content\/uploads\/2017\/03\/travaux-oxi_screenshot_1490937901782-300x176.png 300w\" sizes=\"auto, (max-width: 643px) 100vw, 643px\" \/><br \/>\n&nbsp;<br \/>\nMais faites le test sur le site TER Auvergnes Rh\u00f4ne Alpes. D\u00e9j\u00e0 les acteurs du tourisme s&rsquo;arrachent les cheveux, apr\u00e8s les travaux de l&rsquo;an dernier en plein mois d&rsquo;ao\u00fbt.<br \/>\n&nbsp;<br \/>\n<strong>QUAND LA SNCF VA-T-ELLE CESSER DE SE FOUTRE DES CITOYENS D&rsquo;AUVERGNE ?<\/strong><br \/>\n&nbsp;<br \/>\nLa conf\u00e9rence des groupes ind\u00e9pendants d&rsquo;usagers d&rsquo;Auvergne ce samedi \u00e0 15h30 va \u00eatre cinglante.<\/p>\n","protected":false},"excerpt":{"rendered":"<p>SNCF pr\u00e9pare&#8230; LA COUPURE EN DEBUT DE SAISON de toutes les circulations sur la ligne des C\u00e9vennes. Pour<\/p>\n","protected":false},"author":1,"featured_media":2133,"comment_status":"open","ping_status":"open","sticky":false,"template":"","format":"standard","meta":{"footnotes":""},"categories":[3],"tags":[],"class_list":["post-375","post","type-post","status-publish","format-standard","has-post-thumbnail","hentry","category-en-train"],"_links":{"self":[{"href":"https:\/\/usagers-transports.haut-allier.eu\/index.php\/wp-json\/wp\/v2\/posts\/375","targetHints":{"allow":["GET"]}}],"collection":[{"href":"https:\/\/usagers-transports.haut-allier.eu\/index.php\/wp-json\/wp\/v2\/posts"}],"about":[{"href":"https:\/\/usagers-transports.haut-allier.eu\/index.php\/wp-json\/wp\/v2\/types\/post"}],"author":[{"embeddable":true,"href":"https:\/\/usagers-transports.haut-allier.eu\/index.php\/wp-json\/wp\/v2\/users\/1"}],"replies":[{"embeddable":true,"href":"https:\/\/usagers-transports.haut-allier.eu\/index.php\/wp-json\/wp\/v2\/comments?post=375"}],"version-history":[{"count":0,"href":"https:\/\/usagers-transports.haut-allier.eu\/index.php\/wp-json\/wp\/v2\/posts\/375\/revisions"}],"wp:featuredmedia":[{"embeddable":true,"href":"https:\/\/usagers-transports.haut-allier.eu\/index.php\/wp-json\/wp\/v2\/media\/2133"}],"wp:attachment":[{"href":"https:\/\/usagers-transports.haut-allier.eu\/index.php\/wp-json\/wp\/v2\/media?parent=375"}],"wp:term":[{"taxonomy":"category","embeddable":true,"href":"https:\/\/usagers-transports.haut-allier.eu\/index.php\/wp-json\/wp\/v2\/categories?post=375"},{"taxonomy":"post_tag","embeddable":true,"href":"https:\/\/usagers-transports.haut-allier.eu\/index.php\/wp-json\/wp\/v2\/tags?post=375"}],"curies":[{"name":"wp","href":"https:\/\/api.w.org\/{rel}","templated":true}]}}