{"id":376,"date":"2017-04-02T09:24:45","date_gmt":"2017-04-02T07:24:45","guid":{"rendered":"http:\/\/5.45.101.177\/haut-allier\/usagers-transportse\/index.php\/2017\/04\/02\/les-usagers-independants-d376\/"},"modified":"2026-09-01T15:54:11","modified_gmt":"2026-09-01T13:54:11","slug":"les-usagers-independants-d376","status":"publish","type":"post","link":"https:\/\/usagers-transports.haut-allier.eu\/index.php\/2017\/04\/02\/les-usagers-independants-d376\/","title":{"rendered":"Les Usagers Ind\u00e9pendants d&rsquo;Auvergne ont rencontr\u00e9 la presse \u00e0 Clermont Ferrand [MAJ]"},"content":{"rendered":"\nLe responsable transports et le pr\u00e9sident de la r\u00e9gion Auvergne Rh\u00f4ne Alpes \u00e9taient invit\u00e9s par les groupes d&rsquo;Usagers Ind\u00e9pendants Auvergnats \u00e0 venir s&rsquo;exprimer devant les habitants ce samedi 1er avril \u00e0 Clermont-Ferrand.\n&nbsp;\nAucune r\u00e9ponse de leur part avant le jour de r\u00e9union.\n&nbsp;\n<strong>Une pr\u00e9sentation a \u00e9t\u00e9 faite<\/strong>\n&nbsp;\n\u2029Nous sommes l&rsquo;ensemble des groupes, collectifs et associations ind\u00e9pendants de d\u00e9fense des usagers des transports, notamment ferroviaires, du territoire auvergnat. Ind\u00e9pendance signifie pour nous que nous sommes\n&nbsp;\n\u2029- non affili\u00e9s \u00e0 la f\u00e9d\u00e9ration nationale (FNAUT) qui si\u00e8ge au directoire du groupe SNCF,\n\u2029- non corporatistes, comme par exemple les comit\u00e9s d&rsquo;usagers de la CGT Cheminots.\n&nbsp;\n\u2029Il nous semble simplement que lorsqu&rsquo;on se donne une mission, on ne peut \u00eatre juge et partie.\n\u2029&nbsp;\n<em>Durant la conf\u00e9rence<\/em>\n<img loading=\"lazy\" decoding=\"async\" class=\" aligncenter size-full wp-image-2137\" src=\"http:\/\/5.45.101.177\/haut-allier\/usagers-transportse\/wp-content\/uploads\/2017\/04\/IMG_20170401_154837m.jpg\" alt=\"IMG_20170401_154837m.jpg\" align=\"center\" width=\"800\" height=\"600\" srcset=\"https:\/\/usagers-transports.haut-allier.eu\/wp-content\/uploads\/2017\/04\/IMG_20170401_154837m.jpg 800w, https:\/\/usagers-transports.haut-allier.eu\/wp-content\/uploads\/2017\/04\/IMG_20170401_154837m-300x225.jpg 300w, https:\/\/usagers-transports.haut-allier.eu\/wp-content\/uploads\/2017\/04\/IMG_20170401_154837m-768x576.jpg 768w\" sizes=\"auto, (max-width: 800px) 100vw, 800px\" \/>\n\n\n&nbsp;\n<strong>Un conseiller r\u00e9gional local s&rsquo;invite \u00e0 la r\u00e9union<\/strong>\n&nbsp;\nJean-Pierre Brenas, conseiller r\u00e9gional AURA, qui est le porte-parole \u00e0 Clermont-Ferrand de la politique de Monsieur Wauquiez,  est venu nous dire que la r\u00e9gion comptait sur nous pour faire avancer les choses et qu&rsquo;un bras de fer \u00e9tait engag\u00e9 avec la SNCF. Il \u00e9voquait ensuite les sommes allou\u00e9es aux travaux sur les diff\u00e9rentes lignes auvergnates et celle de la ligne des C\u00e9vennes. Les informations avaient d\u00e9j\u00e0 \u00e9t\u00e9 publi\u00e9es par la presse \u00e9crite. Aucune information nouvelle mais l&rsquo;assurance \u00ab\u00a0qu&rsquo;il ferait remonter nos remarques \u00e0 Patrick Mignola et sans doute \u00e0 LW\u00a0\u00bb. Et qu&rsquo;il se positionnait d\u00e9sormais comme notre interlocuteur.\n&nbsp;\n<strong>Nous n&rsquo;avons pas l&rsquo;habitude de passer par des interm\u00e9diaires<\/strong> pour envoyer de l&rsquo;information ou nos demandes , nous pr\u00e9f\u00e9rons aller au direct \u00e0 la place de demander la permission de&#8230; <strong>La situation est trop urgente.<\/strong>. S&rsquo;il est enfin possible de rencontrer les d\u00e9cideurs \u00e0 Lyon ce sera avec l&rsquo;assurance de conditions normales pour une discussion de travail et pas 10 minutes d&rsquo;expos\u00e9 en sens unique.\n&nbsp;\n\n\n<strong>Le message que font passer les usagers \u00e0 la r\u00e9gion AURA<\/strong>\n&nbsp;\n\u2029Ce que nous voulons dire avec force \u00e0 la R\u00e9gion, autorit\u00e9 organisatrice des TER et TET (si elle accepte ces derniers selon l\u2019offre facultative de l\u2019\u00c9tat) :\n&nbsp;\n\u20291) Les usagers auvergnats ne veulent plus des autocars de substitution mis en place syst\u00e9matiquement par la SNCF et elle-m\u00eame : nous sommes en zone de moyenne montagne, les trajets en bus sont tr\u00e8s inconfortables. De plus les billets achet\u00e9s le sont pour des voyages en train, pas en bus. La qualit\u00e9 du service et donc le prix sont tr\u00e8s diff\u00e9rents.\n&nbsp;\nR\u00e9ponse : Sur ce point le conseiller r\u00e9gional semble d&rsquo;accord mais ne s&rsquo;engage pas.\n&nbsp;\n\n\n\u20292) L\u00e0 ou le train dispara\u00eet, c\u2019est le d\u00e9sert qui gagne ! Les usagers auvergnats ne supportent plus les fermetures de lignes d\u00e9cid\u00e9es unilat\u00e9ralement par la SNCF. Le prestataire pour la r\u00e9gion selon son bon vouloir et ses fausses statistiques n&rsquo;en entretient plus certaines qu&rsquo;il a d\u00e9cid\u00e9 d&rsquo;abandonner et au final met les collectivit\u00e9s et les voyageurs devant le fait accompli. \n&nbsp;\n\u2029Nous disons STOP et demandons \u00e0 la r\u00e9gion d&rsquo;exiger de l\u2019\u00c9tat la r\u00e9ouverture rapide de :\u2029\n&nbsp;\n\n\n&#8211; Clermont &#8211; Aurillac &#8211; Brive\n&#8211; Clermont \u2013 La Bourboule &#8211; Le Mont Dore\n&#8211; Clermont &#8211; Thiers \u2013 Saint-Etienne\n&#8211; Clermont &#8211; Ussel \u2013 Bordeaux\n&#8211; Ussel &#8211; Montlu\u00e7on\n&#8211; Lyon &#8211; Montlu\u00e7on &#8211; Limoges \u2013 Bordeaux\n&#8211; Montlu\u00e7on &#8211; Moulins\n&#8211; Clermont \u2013 Volvic &#8211; Montlu\u00e7on\n&nbsp;\n\n\n\u20293) De plus constatant l&rsquo;extension des agglom\u00e9rations les usagers auvergnats sugg\u00e8rent l&rsquo;ouverture nouveaux trajets ferroviaires, en suivant ou pas certains qui ont \u00e9t\u00e9 ferm\u00e9s.\n&nbsp;\n\n\n\n<ol><li> Ussel &#8211; Bort les Orgues &#8211; Aurillac<\/li><li> Le Puy en Velay &#8211; Costaros &#8211; Langogne<\/li><li> Vichy &#8211; Pont de Dore &#8211; Ambert &#8211; La Chaise Dieu &#8211; Le Puy en Velay<\/li><\/ol>\n\n\n&nbsp;\nR : Sur ces deux points le conseiller botte un peu en touche. \n&nbsp;\n\n\n\u20294) Il est intol\u00e9rable que les travaux sur les lignes impactent le service au point de fermer les circulations certaines fois pour plusieurs semaines quand ce n&rsquo;est pas plusieurs mois ! \n\u2029Pendant les travaux les auvergnats demandent un service minimal le matin t\u00f4t et en fin de journ\u00e9e comme cela se pratique dans les autres r\u00e9gions. C&rsquo;\u00e9tait aussi le cas ici il y a plusieurs ann\u00e9e. Nous ne comprenons pas ce laisser aller.\n&nbsp;\nR : L\u00e0 il semble plus r\u00e9ceptif. Il fera remonter mais d\u00e9clare \u00e0 France Bleu Pays d&rsquo;Auvergne que la coupure de deux mois sur la ligne des C\u00e9vennes programm\u00e9e en mai et en juin prochains aura bien lieu. Et ne fera apparemment rien pour l&rsquo;\u00e9viter.\n&nbsp;\n\n\n\u20295) Les voyageurs demandent \u00e0 la SNCF et \u00e0 la R\u00e9gion l&rsquo;installation de panneaux d&rsquo;affichage etemps r\u00e9el pour informer des circulations, retards et annulations, et ce dans toutes les gares et halteauvergnates, et plus g\u00e9n\u00e9ralement leur mise \u00e0 niveau pour un accueil correct et un confort minimal ycompris pour les personnes handicap\u00e9es.\n&nbsp;\n\n\n\u20296) Nous exigeons aussi que les correspondances soient r\u00e9\u00e9tudi\u00e9es et respect\u00e9es, \u00e9galement avec les bus des r\u00e9seaux non SNCF et non R\u00e9gion. L\u2019intermodalit\u00e9 est l\u2019avenir du transport ferroviaire.\n&nbsp;\nR : Le conseiller semble r\u00e9ceptif sur ce point.\n&nbsp;\n7) En ce qui concerne les Intercit\u00e9s g\u00e9r\u00e9s par les r\u00e9gions fin 2017, que compte faire Auvergne Rh\u00f4ne Alpes pour en am\u00e9liorer le service ? Pour le TET C\u00e9venol par exemple le co-g\u00e8rera-t-elle enharmonie avec la r\u00e9gion Occitanie si elle accepte de prendre la gestion de ces TET ? Le co\u00fbt de cette gestion et les petites sorties de son pr\u00e9sident faisant penser \u00e0 un refus de suivre l&rsquo;attitude de ses homologues des autres r\u00e9gions, nous laissent craindre \u00e0 terme la suppression du train Intercit\u00e9s sur l&rsquo;enti\u00e8ret\u00e9 de son parcours.\n&nbsp;\nR : Le transfert des TET vers AURA ne sera visiblement pas sign\u00e9 imm\u00e9diatement.\n&nbsp;\n\n\n\u20298) Nous interpellons la R\u00e9gion pour lui demander quand m\u00eame ce qu&rsquo;elle veut faire pour que le train du quotidien dans le massif central retrouve la pr\u00e9f\u00e9rence des habitants : rapide, ponctuel, fiable, \u00e9cologique et s\u00e9curitaire comme il l&rsquo;a toujours \u00e9t\u00e9, et avec des conditions d&rsquo;acc\u00e8s tarifaires correctes. \n&nbsp;\nR : ?\n&nbsp;\n\n\n\u20299) Nous lui demandons encore qu&rsquo;elle exige la d\u00e9mission en urgence de Monsieur P\u00e9py, l&rsquo;\u00e9narque incapable qui a tu\u00e9 \u00e0 petits feux le train du quotidien dans les territoires ruraux fran\u00e7ais et d\u00e9truit le r\u00e9seau ferr\u00e9 historique. Les usagers demandent \u00e0 ce que ce Monsieur rende des comptes \u00e0 la nation ainsi que les gouvernements successifs qui ont encourag\u00e9 cette mauvaise politique d\u2019am\u00e9nagement du territoire.\n&nbsp;\nR : Sourire.\n&nbsp;\n\u202910) La SNCF doit se concentrer sur son c\u0153ur de m\u00e9tier et r\u00e9pondre aux besoins des citoyens. La r\u00e9gion Auvergne Rh\u00f4ne Alpes peut s\u2019inspirer de sa voisine Occitanie qui a choisi de traiter avec l&rsquo;op\u00e9rateur SNCF. Et l\u2019ouverture \u00e0 la concurrence pr\u00f4n\u00e9e actuellement ne va pas am\u00e9liorer nos dessertes dans nos r\u00e9gions \u00e0 faible densit\u00e9 d\u00e9mographique. L\u2019exemple de l\u2019\u00e9nergie (le co\u00fbt de l\u2019\u00e9lectricit\u00e9 a-t-il baiss\u00e9?) et du secteur de la Sant\u00e9 (nouvelle carte hospitali\u00e8re) en sont la preuve.\n\n\n&nbsp;\nA l&rsquo;issue de la rencontre le communiqu\u00e9 suivant a \u00e9t\u00e9 transmis aux r\u00e9dactions. Il est sign\u00e9 par 6 associations et collectifs d&rsquo;usagers du Massif Central.\n&nbsp;\n&#8211; De l&rsquo;ombre \u00e0 la lumi\u00e8re (Montlu\u00e7on &#8211; Centre France)\n&#8211; ADEPLUS (Le Puy en Velay \u2013 Saint-Etienne)\n&#8211; Collectif des Usagers des transports du Haut-Allier (Haute-Loire)\n&#8211; CODERAIL (Montlu\u00e7on)\n&#8211; Association des usagers de la SNCF du Gard et des d\u00e9partements limitrophes (C\u00e9vennes)\n&#8211; Collectif citoyen de d\u00e9fense de la gare de Villefort (Hautes C\u00e9vennes)\n\n\n&nbsp;\n<a href=\"http:\/\/5.45.101.177\/haut-allier\/usagers-transportse\/wp-content\/uploads\/2017\/04\/communique-presse-samedi-1er-avril-2017-v05.pdf\">communique-presse-samedi-1er-avril-2017-v05.pdf<\/a>\n&nbsp;\n<em>La d\u00e9claration \u00e0 France Bleu Pays d&rsquo;Auvergne de Mr Brenas :<\/em>\n&nbsp;\n<a href=\"http:\/\/5.45.101.177\/haut-allier\/usagers-transportse\/wp-content\/uploads\/2017\/04\/usagers-transports-haut-allier-eu-conf-presse-1er-avril-2017-clermont-jean-pierre-brenas.mp3\">usagers-transports-haut-allier-eu-conf-presse-1er-avril-2017-clermont-jean-pierre-brenas.mp3<\/a>\n&nbsp;\n<em>Le sujet fait par France Bleu Pays d&rsquo;Auvergne le 2 avril 2017 \u00e0 8 heures :<\/em>\n&nbsp;\n<a href=\"http:\/\/5.45.101.177\/haut-allier\/usagers-transportse\/wp-content\/uploads\/2017\/04\/usagers-transports-haut-allier-eu-conf-presse-1er-avril-2017-clermont-france-bleu-pays-d_auvergne-2-avril-8h00.mp3\">usagers-transports-haut-allier-eu-conf-presse-1er-avril-2017-clermont-france-bleu-pays-d_auvergne-2-avril-8h00.mp3<\/a>\n&nbsp;\n\n\n<strong>Bilan : <\/strong> \n&nbsp;\nDe notre point de vue et de celui des pr\u00e9sents la R\u00e9gion nous dit clairement par l&rsquo;envoi de son d\u00e9l\u00e9gu\u00e9 local qu&rsquo;elle ne veut pas discuter directement. Il nous a \u00e9t\u00e9 dit que <em>ce serait bien de voir  avec les associations de Rh\u00f4ne Alpes&#8230;<\/em> Le territoire auvergnat est bel et bien d\u00e9sormais pass\u00e9 en SECONDE ZONE. \n&nbsp;\nNous ne retirons rien du communiqu\u00e9 transmis et attendons de voir dans le futur une volont\u00e9 concr\u00e8te d&rsquo;am\u00e9liorer la situation de la R\u00e9gion. Le moins qu&rsquo;on puisse dire ce n&rsquo;est pas le cas actuellement.\n&nbsp;\n<em>Sans un minimum de transparence et de dialogue entre l&rsquo;ex\u00e9cutif r\u00e9gional AURA et les usagers pas d&rsquo;am\u00e9lioration coh\u00e9rente possible !<\/em>\n<img loading=\"lazy\" decoding=\"async\" class=\" aligncenter size-full wp-image-2141\" src=\"http:\/\/5.45.101.177\/haut-allier\/usagers-transportse\/wp-content\/uploads\/2017\/04\/IMG_20170401_154837weau-present.jpg\" alt=\"IMG_20170401_154837weau-present.jpg\" align=\"center\" width=\"600\" height=\"497\" srcset=\"https:\/\/usagers-transports.haut-allier.eu\/wp-content\/uploads\/2017\/04\/IMG_20170401_154837weau-present.jpg 600w, https:\/\/usagers-transports.haut-allier.eu\/wp-content\/uploads\/2017\/04\/IMG_20170401_154837weau-present-300x249.jpg 300w\" sizes=\"auto, (max-width: 600px) 100vw, 600px\" \/>\n&nbsp;\nL&rsquo;un des signataires du communiqu\u00e9 commun, le CODERAIL tenait son assembl\u00e9e g\u00e9n\u00e9rale le matin m\u00eame \u00e0 Montlu\u00e7on. En voici le compte-rendu dans la Montagne : <a href=\"http:\/\/www.lamontagne.fr\/montlucon\/economie\/services\/2017\/04\/02\/a-montlucon-le-rail-a-besoin-dun-plan-et-dinvestissements-importants-rapides_12347673.html\">A Montlu\u00e7on, le rail a besoin d\u2019un plan et d\u2019investissements importants rapides<\/a>.\n&nbsp;\n\n\n<em>Dans la Montagne r\u00e9gion du 3 avril 2017 (version papier) :<\/em>\n&nbsp;\n<img loading=\"lazy\" decoding=\"async\" class=\" aligncenter size-full wp-image-2142\" src=\"http:\/\/5.45.101.177\/haut-allier\/usagers-transportse\/wp-content\/uploads\/2017\/04\/la-montagne-region-03avril2017-conf-de-presse-du-1er-avril-clermont-fd-800.jpg\" alt=\"la-montagne-region-03avril2017-conf-de-presse-du-1er-avril-clermont-fd-800.jpg\" align=\"center\" width=\"794\" height=\"800\" srcset=\"https:\/\/usagers-transports.haut-allier.eu\/wp-content\/uploads\/2017\/04\/la-montagne-region-03avril2017-conf-de-presse-du-1er-avril-clermont-fd-800.jpg 794w, https:\/\/usagers-transports.haut-allier.eu\/wp-content\/uploads\/2017\/04\/la-montagne-region-03avril2017-conf-de-presse-du-1er-avril-clermont-fd-800-298x300.jpg 298w, https:\/\/usagers-transports.haut-allier.eu\/wp-content\/uploads\/2017\/04\/la-montagne-region-03avril2017-conf-de-presse-du-1er-avril-clermont-fd-800-150x150.jpg 150w, https:\/\/usagers-transports.haut-allier.eu\/wp-content\/uploads\/2017\/04\/la-montagne-region-03avril2017-conf-de-presse-du-1er-avril-clermont-fd-800-768x774.jpg 768w\" sizes=\"auto, (max-width: 794px) 100vw, 794px\" \/>\n&nbsp;\n<em>Dans la Montagne r\u00e9gion du 3 avril 2017 (<a href=\"http:\/\/www.lamontagne.fr\/clermont-ferrand\/transport\/2017\/04\/03\/des-usagers-interpellent-la-region-sur-l-etat-du-reseau-ferroviaire-en-auvergne-rhone-alpes_12348065.html\">version web<\/a>) (cliquer):<\/em>\n&nbsp;\n<img loading=\"lazy\" decoding=\"async\" class=\" aligncenter size-full wp-image-2143\" src=\"http:\/\/5.45.101.177\/haut-allier\/usagers-transportse\/wp-content\/uploads\/2017\/04\/joxi_screenshot_1491228082226-1500.jpg\" alt=\"joxi_screenshot_1491228082226-1500.jpg\" align=\"center\" width=\"404\" height=\"1500\" srcset=\"https:\/\/usagers-transports.haut-allier.eu\/wp-content\/uploads\/2017\/04\/joxi_screenshot_1491228082226-1500.jpg 404w, https:\/\/usagers-transports.haut-allier.eu\/wp-content\/uploads\/2017\/04\/joxi_screenshot_1491228082226-1500-81x300.jpg 81w, https:\/\/usagers-transports.haut-allier.eu\/wp-content\/uploads\/2017\/04\/joxi_screenshot_1491228082226-1500-276x1024.jpg 276w\" sizes=\"auto, (max-width: 404px) 100vw, 404px\" \/>\n&nbsp;\n\n\n<em>Dans la Comm\u00e8re 43 du 3 avril 2017 : <\/em> \n&nbsp;\n<a href=\"http:\/\/www.lacommere43.fr\/actualites\/item\/6720-train-des-usagers-d-auvergne-interpellent-la-region-et-reclament-des-investissements.html\">Train : des usagers d&rsquo;Auvergne interpellent la R\u00e9gion et r\u00e9clament des investissements<\/a>\n&nbsp;<p>&nbsp;<\/p>\n\n\t<figure class=\"wp-block-gallery columns-2 is-cropped wp-block-gallery-1 is-layout-flex wp-block-gallery-is-layout-flex\">\n\t\t<ul class=\"blocks-gallery-grid\">\n\t\t\t<li class=\"blocks-gallery-item\">\n\t\t\t\t<figure>\n\t\t\t\t\t\t\t\t\t\t\t<img loading=\"lazy\" decoding=\"async\" width=\"487\" height=\"689\" src=\"http:\/\/5.45.101.177\/haut-allier\/usagers-transportse\/wp-content\/uploads\/2017\/04\/communique-presse-samedi-1er-avril-2017-v05.jpg\"\n\t\t\t\t\t\t alt=\"communique-presse-samedi-1er-avril-2017-v05.jpg\"\n\t\t\t\t\t\t data-id=\"2144\"\n\t\t\t\t\t\t data-full-url=\"http:\/\/5.45.101.177\/haut-allier\/usagers-transportse\/wp-content\/uploads\/2017\/04\/communique-presse-samedi-1er-avril-2017-v05.jpg\"\n\t\t\t\t\t\t data-link=\"http:\/\/5.45.101.177\/haut-allier\/usagers-transportse\/attachment-communique-presse-samedi-1er-avril-2017-v05-jpg\/\"\n\t\t\t\t\t\t class=\"wp-image-2144\" srcset=\"https:\/\/usagers-transports.haut-allier.eu\/wp-content\/uploads\/2017\/04\/communique-presse-samedi-1er-avril-2017-v05.jpg 487w, https:\/\/usagers-transports.haut-allier.eu\/wp-content\/uploads\/2017\/04\/communique-presse-samedi-1er-avril-2017-v05-212x300.jpg 212w\" sizes=\"auto, (max-width: 487px) 100vw, 487px\" \/>\n\t\t\t\t<\/figure>\n\t\t\t<\/li>\n\t\t\t<li class=\"blocks-gallery-item\">\n\t\t\t\t<figure>\n\t\t\t\t\t\t\t\t\t\t\t<img loading=\"lazy\" decoding=\"async\" width=\"216\" height=\"800\" src=\"http:\/\/5.45.101.177\/haut-allier\/usagers-transportse\/wp-content\/uploads\/2017\/04\/joxi_screenshot_1491228082226-w.jpg\"\n\t\t\t\t\t\t alt=\"joxi_screenshot_1491228082226-w.jpg\"\n\t\t\t\t\t\t data-id=\"2145\"\n\t\t\t\t\t\t data-full-url=\"http:\/\/5.45.101.177\/haut-allier\/usagers-transportse\/wp-content\/uploads\/2017\/04\/joxi_screenshot_1491228082226-w.jpg\"\n\t\t\t\t\t\t data-link=\"http:\/\/5.45.101.177\/haut-allier\/usagers-transportse\/attachment-joxi_screenshot_1491228082226-w-jpg\/\"\n\t\t\t\t\t\t class=\"wp-image-2145\" srcset=\"https:\/\/usagers-transports.haut-allier.eu\/wp-content\/uploads\/2017\/04\/joxi_screenshot_1491228082226-w.jpg 216w, https:\/\/usagers-transports.haut-allier.eu\/wp-content\/uploads\/2017\/04\/joxi_screenshot_1491228082226-w-81x300.jpg 81w\" sizes=\"auto, (max-width: 216px) 100vw, 216px\" \/>\n\t\t\t\t<\/figure>\n\t\t\t<\/li>\n\t\t<\/ul>\n\t<\/figure>\n","protected":false},"excerpt":{"rendered":"<p>Le responsable transports et le pr\u00e9sident de la r\u00e9gion Auvergne Rh\u00f4ne Alpes \u00e9taient invit\u00e9s par les groupes d&rsquo;Usagers<\/p>\n","protected":false},"author":1,"featured_media":2136,"comment_status":"closed","ping_status":"open","sticky":false,"template":"","format":"standard","meta":{"footnotes":""},"categories":[8],"tags":[],"class_list":["post-376","post","type-post","status-publish","format-standard","has-post-thumbnail","hentry","category-communiques"],"_links":{"self":[{"href":"https:\/\/usagers-transports.haut-allier.eu\/index.php\/wp-json\/wp\/v2\/posts\/376","targetHints":{"allow":["GET"]}}],"collection":[{"href":"https:\/\/usagers-transports.haut-allier.eu\/index.php\/wp-json\/wp\/v2\/posts"}],"about":[{"href":"https:\/\/usagers-transports.haut-allier.eu\/index.php\/wp-json\/wp\/v2\/types\/post"}],"author":[{"embeddable":true,"href":"https:\/\/usagers-transports.haut-allier.eu\/index.php\/wp-json\/wp\/v2\/users\/1"}],"replies":[{"embeddable":true,"href":"https:\/\/usagers-transports.haut-allier.eu\/index.php\/wp-json\/wp\/v2\/comments?post=376"}],"version-history":[{"count":1,"href":"https:\/\/usagers-transports.haut-allier.eu\/index.php\/wp-json\/wp\/v2\/posts\/376\/revisions"}],"predecessor-version":[{"id":2146,"href":"https:\/\/usagers-transports.haut-allier.eu\/index.php\/wp-json\/wp\/v2\/posts\/376\/revisions\/2146"}],"wp:featuredmedia":[{"embeddable":true,"href":"https:\/\/usagers-transports.haut-allier.eu\/index.php\/wp-json\/wp\/v2\/media\/2136"}],"wp:attachment":[{"href":"https:\/\/usagers-transports.haut-allier.eu\/index.php\/wp-json\/wp\/v2\/media?parent=376"}],"wp:term":[{"taxonomy":"category","embeddable":true,"href":"https:\/\/usagers-transports.haut-allier.eu\/index.php\/wp-json\/wp\/v2\/categories?post=376"},{"taxonomy":"post_tag","embeddable":true,"href":"https:\/\/usagers-transports.haut-allier.eu\/index.php\/wp-json\/wp\/v2\/tags?post=376"}],"curies":[{"name":"wp","href":"https:\/\/api.w.org\/{rel}","templated":true}]}}