{"id":377,"date":"2017-04-03T07:57:42","date_gmt":"2017-04-03T05:57:42","guid":{"rendered":"http:\/\/5.45.101.177\/haut-allier\/usagers-transportse\/index.php\/2017\/04\/03\/apres-l-occitanie-des-assises-des377\/"},"modified":"2017-04-03T07:57:42","modified_gmt":"2017-04-03T05:57:42","slug":"apres-l-occitanie-des-assises-des377","status":"publish","type":"post","link":"https:\/\/usagers-transports.haut-allier.eu\/index.php\/2017\/04\/03\/apres-l-occitanie-des-assises-des377\/","title":{"rendered":"Apr\u00e8s l&rsquo;Occitanie des Assises des Transports initi\u00e9s en PACA !"},"content":{"rendered":"<p>Monsieur Estrosi pr\u00e9sident de Provence C\u00f4te d&rsquo;Azur Corse d\u00e9couvre les bienfaits d&rsquo;assises publiques des transports pour le devenir des r\u00e9seaux de sa r\u00e9gion ! Un an apr\u00e8s celles de la r\u00e9gion Occitanie qui ont eu le m\u00e9rite d&rsquo;impliquer et de l&rsquo;\u00e9coute des citoyens. \u00ab\u00a0J&rsquo;ai acquis la conviction qu&rsquo;il n&rsquo;est plus possible de se satisfaire du statu quo. Surtout, je crois plus que jamais qu&rsquo;il est temps de rendre la parole aux usagers.\u00a0\u00bb Dit-il en d\u00e9but du message qu&rsquo;il a adress\u00e9 aux voyageurs du TER PACA.<br \/>\n&nbsp;<br \/>\nLe voici :<br \/>\n&nbsp;<\/p>\n<p>[(<br \/>\n<em>Cher(e)s abonn\u00e9s du TER Provence Alpes C\u00f4te d\u2019Azur,<br \/>\n&nbsp;<br \/>\nComme vous le savez, j&rsquo;ai pris la d\u00e9cision d&rsquo;ouvrir un grand d\u00e9bat sur le train et sur les transports dans notre r\u00e9gion.<br \/>\n&nbsp;<br \/>\nJ&rsquo;ai acquis la conviction qu&rsquo;il n&rsquo;est plus possible de se satisfaire du statu quo. Surtout, je crois plus que jamais qu&rsquo;il est temps de rendre la parole aux usagers.<br \/>\n&nbsp;<br \/>\nNous allons rendre la parole aux usagers, ceux qui sont concern\u00e9s au premier chef, ceux qui vivent le train au quotidien. Et c&rsquo;est tout le sens des Assises r\u00e9gionales des transports qui se d\u00e9roulent d\u00e9j\u00e0 depuis plusieurs mois.<br \/>\n&nbsp;<br \/>\nJ\u2019ai le plaisir de vous inviter \u00e0 y participer nombreux&#8230;<\/em><br \/>\n)]<\/p>\n<p>Ces Assises se poursuivent tout au long du mois d\u2019avril \u00e0 l\u2019occasion de caf\u00e9s \u2013 usagers en gare (de 8H \u00e0 9H) et de r\u00e9unions publiques (de 18H30 \u00e0 20H30) :<br \/>\n&nbsp;<br \/>\n&#8211; Le 4 avril 2017 \u00e0 Marseille (caf\u00e9 usager \u00e0 la gare de Marseille St Charles et r\u00e9union publique \u00e0 l\u2019H\u00f4tel de R\u00e9gion  Place Jules Guesde)<br \/>\n&#8211; Le 6 avril 2017 \u00e0 Avignon (caf\u00e9 usager \u00e0 la gare d\u2019Avignon-Centre et r\u00e9union publique \u00e0 Agroparc &#8211; Campus CCI Vaucluse \u2013 Ecole H\u00f4teli\u00e8re)<br \/>\n&#8211; Le 11 avril 2017 \u00e0 Gap (caf\u00e9 usager \u00e0 la gare de Gapet r\u00e9union publique au Domaine de Charance)<br \/>\n&#8211; Le 13 avril 2017 \u00e0 Toulon (caf\u00e9 usager en gare de Toulon et r\u00e9union publique \u00e0 l\u2019UPV- Salle Boyer \u2013 Place de la Libert\u00e9)<br \/>\n&#8211; Le 18 avril 2017 \u00e0 Digne-les-Bains (caf\u00e9 usager \u00e0 la gare de Digne et r\u00e9union publique au Palais des Congr\u00e8s)<br \/>\n&#8211; Le 25 avril 2017 \u00e0 Nice (caf\u00e9 usager en gare de Nice-Ville et r\u00e9union publique au Parc Phoenix &#8211; Salle Linn\u00e9).<\/p>\n<p>&nbsp;<br \/>\n<strong>Nous ne pouvons que conseiller \u00e0 Messieurs Wauquier et Mignola de faire de m\u00eame en r\u00e9gion Auvergne Rh\u00f4ne Alpes, eux qui disent vouloir \u00e9couter les usagers mais qui n\u00e9gocient, si durement nous disent-ils, mais dans l&rsquo;ombre avec la SNCF et l&rsquo;\u00e9tat. Sans r\u00e9elle volont\u00e9 politique de r\u00e9tablir un service ferroviaire de haut niveau, la seule question qui se pose est : \u00e0 quelle sauce vont \u00eatre mang\u00e9s les usagers du train des zones de moyenne montagne comme l&rsquo;Auvergne ?<\/strong><br \/>\n&nbsp;<\/p>\n","protected":false},"excerpt":{"rendered":"<p>Monsieur Estrosi pr\u00e9sident de Provence C\u00f4te d&rsquo;Azur Corse d\u00e9couvre les bienfaits d&rsquo;assises publiques des transports pour le devenir<\/p>\n","protected":false},"author":1,"featured_media":2147,"comment_status":"open","ping_status":"open","sticky":false,"template":"","format":"standard","meta":{"footnotes":""},"categories":[3],"tags":[],"class_list":["post-377","post","type-post","status-publish","format-standard","has-post-thumbnail","hentry","category-en-train"],"_links":{"self":[{"href":"https:\/\/usagers-transports.haut-allier.eu\/index.php\/wp-json\/wp\/v2\/posts\/377","targetHints":{"allow":["GET"]}}],"collection":[{"href":"https:\/\/usagers-transports.haut-allier.eu\/index.php\/wp-json\/wp\/v2\/posts"}],"about":[{"href":"https:\/\/usagers-transports.haut-allier.eu\/index.php\/wp-json\/wp\/v2\/types\/post"}],"author":[{"embeddable":true,"href":"https:\/\/usagers-transports.haut-allier.eu\/index.php\/wp-json\/wp\/v2\/users\/1"}],"replies":[{"embeddable":true,"href":"https:\/\/usagers-transports.haut-allier.eu\/index.php\/wp-json\/wp\/v2\/comments?post=377"}],"version-history":[{"count":0,"href":"https:\/\/usagers-transports.haut-allier.eu\/index.php\/wp-json\/wp\/v2\/posts\/377\/revisions"}],"wp:featuredmedia":[{"embeddable":true,"href":"https:\/\/usagers-transports.haut-allier.eu\/index.php\/wp-json\/wp\/v2\/media\/2147"}],"wp:attachment":[{"href":"https:\/\/usagers-transports.haut-allier.eu\/index.php\/wp-json\/wp\/v2\/media?parent=377"}],"wp:term":[{"taxonomy":"category","embeddable":true,"href":"https:\/\/usagers-transports.haut-allier.eu\/index.php\/wp-json\/wp\/v2\/categories?post=377"},{"taxonomy":"post_tag","embeddable":true,"href":"https:\/\/usagers-transports.haut-allier.eu\/index.php\/wp-json\/wp\/v2\/tags?post=377"}],"curies":[{"name":"wp","href":"https:\/\/api.w.org\/{rel}","templated":true}]}}