{"id":378,"date":"2017-04-03T16:51:02","date_gmt":"2017-04-03T14:51:02","guid":{"rendered":"http:\/\/5.45.101.177\/haut-allier\/usagers-transportse\/index.php\/2017\/04\/03\/nouveau-train-cevenol-des378\/"},"modified":"2017-04-03T16:51:02","modified_gmt":"2017-04-03T14:51:02","slug":"nouveau-train-cevenol-des378","status":"publish","type":"post","link":"https:\/\/usagers-transports.haut-allier.eu\/index.php\/2017\/04\/03\/nouveau-train-cevenol-des378\/","title":{"rendered":"Nouveau train C\u00e9venol d\u00e8s septembre 2018 : mais de type Coradia Liner ou R\u00e9giolis ?"},"content":{"rendered":"<p>La question est pos\u00e9e puisque <a href=\"http:\/\/www.ouest-france.fr\/economie\/transports\/sncf\/la-sncf-achete-30-trains-intercites-alstom-pour-250-m-eur-4903464\">Ouest France<\/a> nous apprend que la SNCF vient de concr\u00e9tiser son achat de 30 trains Intercit\u00e9s \u00e0 Alstom pour 250\u2009M EUR. Mais sur les 30 rames, 19 seront \u00ab\u2009au confort grandes lignes\u2009\u00bb (mod\u00e8le Coradia Liner) et 11 \u00ab\u2009au confort r\u00e9gional\u2009\u00bb (mod\u00e8le Regiolis). Le type de motorisation (\u00e9lectrique ou \u00ab\u2009bimode\u2009\u00bb \u00e9lectrique et diesel) et le nombre de places (165 ou 300) varieront aussi.<br \/>\n&nbsp;<br \/>\nNous l&rsquo;<a href=\"http:\/\/usagers-transports.haut-allier.eu\/?train-cevenol-les-nouvelles-rames,372\">annoncions<\/a> en septembre 2019, mais ces trains seront affect\u00e9s plus t\u00f4t, \u00e0 partir de septembre 2018 aux lignes Intercit\u00e9s Paris-Amiens-Boulogne, <strong>Paris-Bourges-Montlu\u00e7on<\/strong>, <strong>Clermont-Ferrand-N\u00eemes<\/strong>, Toulouse-Hendaye, Bordeaux-La Rochelle et <strong>Bordeaux-Limoges<\/strong>.<\/p>\n","protected":false},"excerpt":{"rendered":"<p>La question est pos\u00e9e puisque Ouest France nous apprend que la SNCF vient de concr\u00e9tiser son achat de<\/p>\n","protected":false},"author":1,"featured_media":2148,"comment_status":"closed","ping_status":"open","sticky":false,"template":"","format":"standard","meta":{"footnotes":""},"categories":[3],"tags":[],"class_list":["post-378","post","type-post","status-publish","format-standard","has-post-thumbnail","hentry","category-en-train"],"_links":{"self":[{"href":"https:\/\/usagers-transports.haut-allier.eu\/index.php\/wp-json\/wp\/v2\/posts\/378","targetHints":{"allow":["GET"]}}],"collection":[{"href":"https:\/\/usagers-transports.haut-allier.eu\/index.php\/wp-json\/wp\/v2\/posts"}],"about":[{"href":"https:\/\/usagers-transports.haut-allier.eu\/index.php\/wp-json\/wp\/v2\/types\/post"}],"author":[{"embeddable":true,"href":"https:\/\/usagers-transports.haut-allier.eu\/index.php\/wp-json\/wp\/v2\/users\/1"}],"replies":[{"embeddable":true,"href":"https:\/\/usagers-transports.haut-allier.eu\/index.php\/wp-json\/wp\/v2\/comments?post=378"}],"version-history":[{"count":0,"href":"https:\/\/usagers-transports.haut-allier.eu\/index.php\/wp-json\/wp\/v2\/posts\/378\/revisions"}],"wp:featuredmedia":[{"embeddable":true,"href":"https:\/\/usagers-transports.haut-allier.eu\/index.php\/wp-json\/wp\/v2\/media\/2148"}],"wp:attachment":[{"href":"https:\/\/usagers-transports.haut-allier.eu\/index.php\/wp-json\/wp\/v2\/media?parent=378"}],"wp:term":[{"taxonomy":"category","embeddable":true,"href":"https:\/\/usagers-transports.haut-allier.eu\/index.php\/wp-json\/wp\/v2\/categories?post=378"},{"taxonomy":"post_tag","embeddable":true,"href":"https:\/\/usagers-transports.haut-allier.eu\/index.php\/wp-json\/wp\/v2\/tags?post=378"}],"curies":[{"name":"wp","href":"https:\/\/api.w.org\/{rel}","templated":true}]}}