{"id":379,"date":"2017-04-03T17:05:31","date_gmt":"2017-04-03T15:05:31","guid":{"rendered":"http:\/\/5.45.101.177\/haut-allier\/usagers-transportse\/index.php\/2017\/04\/03\/inquietude-de-la-region-auvergne379\/"},"modified":"2017-04-03T17:05:31","modified_gmt":"2017-04-03T15:05:31","slug":"inquietude-de-la-region-auvergne379","status":"publish","type":"post","link":"https:\/\/usagers-transports.haut-allier.eu\/index.php\/2017\/04\/03\/inquietude-de-la-region-auvergne379\/","title":{"rendered":"Inqui\u00e9tude de la r\u00e9gion Auvergne Rh\u00f4ne Alpes sur le statut du TET C\u00e9venol"},"content":{"rendered":"<p>Jean-Pierre Vigier d\u00e9put\u00e9 de Haute-Loire et conseiller r\u00e9gional AURA exprime son inqui\u00e9tude dans <a href=\"http:\/\/www.leveil.fr\/puy-en-velay\/politique\/faits-divers\/2017\/04\/03\/le-train-cevenol-sera-t-il-bientot-ter_12349203.html\">l&rsquo;Eveil de Haute-Loire<\/a> pour le devenir du statut du train d&rsquo;\u00e9quilibre du territoire Le C\u00e9venol (TET Intercit\u00e9s).<br \/>\n&nbsp;<br \/>\nLa r\u00e9gion se r\u00e9veille quand m\u00eame un peu tard ! Mais elle bouge enfin, c&rsquo;est tant mieux.<br \/>\n&nbsp;<br \/>\nLa gestion du train a \u00e9t\u00e9 confi\u00e9e voil\u00e0 presque un an \u00e0 la R\u00e9gion Occitanie de bout en bout, de Clermont \u00e0 N\u00eemes.<br \/>\n&nbsp;<br \/>\nLe statut du train changera-t-il pour devenir un train r\u00e9gional ? Pas s\u00fbr. Toute la question est qui va financer les infrastructures, la ligne. Et l\u00e0 la question est plus complexe que veut bien le dire Jean-Pierre Vigier puisque SNCF (R\u00e9seau) VEUT refiler l&rsquo;enti\u00e8ret\u00e9 de la gestion des infrastructures ferroviaires des petites lignes aux r\u00e9gions.<br \/>\n&nbsp;<br \/>\nEffectivement il y a danger. L&rsquo;ensemble des groupes d&rsquo;usagers ind\u00e9pendants d&rsquo;Auvergne demandent qu&rsquo;un fonds sp\u00e9cial soit cr\u00e9\u00e9, pour les r\u00e9seaux ferroviaires de montagne, plus co\u00fbteux en entretien. Ainsi, si les r\u00e9gions souhaitent g\u00e9rer \u00e9galement le r\u00e9seau comme le leur propose l&rsquo;\u00e9tat \/ SNCF, elles pourraient s&rsquo;en sortir. Ce fonds est indispensable sinon les lignes fermeront les unes apr\u00e8s les autres.<br \/>\n&nbsp;<br \/>\nC&rsquo;est un des points sur lequel nous avons appuy\u00e9 devant la presse \u00e0 Clermont le 1er avril (voir notre <a href=\"http:\/\/usagers-transports.haut-allier.eu\/?les-usagers-independants-d,376\">communiqu\u00e9<\/a>). <strong>Nous voudrions aussi faire comprendre \u00e0 la r\u00e9gion AURA qu&rsquo;il n&rsquo;y pas que la ligne du C\u00e9venol en Auvergne ! Toutes les autres petites lignes sont sur la sellette. Il faut absolument les relancer et revitaliser le mode transport par train que les habitants ont abandonn\u00e9 suite \u00e0 un service volontairement d\u00e9grad\u00e9 par la SNCF. <\/strong><br \/>\n&nbsp;<\/p>\n","protected":false},"excerpt":{"rendered":"<p>Jean-Pierre Vigier d\u00e9put\u00e9 de Haute-Loire et conseiller r\u00e9gional AURA exprime son inqui\u00e9tude dans l&rsquo;Eveil de Haute-Loire pour le<\/p>\n","protected":false},"author":1,"featured_media":2149,"comment_status":"closed","ping_status":"open","sticky":false,"template":"","format":"standard","meta":{"footnotes":""},"categories":[3],"tags":[],"class_list":["post-379","post","type-post","status-publish","format-standard","has-post-thumbnail","hentry","category-en-train"],"_links":{"self":[{"href":"https:\/\/usagers-transports.haut-allier.eu\/index.php\/wp-json\/wp\/v2\/posts\/379","targetHints":{"allow":["GET"]}}],"collection":[{"href":"https:\/\/usagers-transports.haut-allier.eu\/index.php\/wp-json\/wp\/v2\/posts"}],"about":[{"href":"https:\/\/usagers-transports.haut-allier.eu\/index.php\/wp-json\/wp\/v2\/types\/post"}],"author":[{"embeddable":true,"href":"https:\/\/usagers-transports.haut-allier.eu\/index.php\/wp-json\/wp\/v2\/users\/1"}],"replies":[{"embeddable":true,"href":"https:\/\/usagers-transports.haut-allier.eu\/index.php\/wp-json\/wp\/v2\/comments?post=379"}],"version-history":[{"count":0,"href":"https:\/\/usagers-transports.haut-allier.eu\/index.php\/wp-json\/wp\/v2\/posts\/379\/revisions"}],"wp:featuredmedia":[{"embeddable":true,"href":"https:\/\/usagers-transports.haut-allier.eu\/index.php\/wp-json\/wp\/v2\/media\/2149"}],"wp:attachment":[{"href":"https:\/\/usagers-transports.haut-allier.eu\/index.php\/wp-json\/wp\/v2\/media?parent=379"}],"wp:term":[{"taxonomy":"category","embeddable":true,"href":"https:\/\/usagers-transports.haut-allier.eu\/index.php\/wp-json\/wp\/v2\/categories?post=379"},{"taxonomy":"post_tag","embeddable":true,"href":"https:\/\/usagers-transports.haut-allier.eu\/index.php\/wp-json\/wp\/v2\/tags?post=379"}],"curies":[{"name":"wp","href":"https:\/\/api.w.org\/{rel}","templated":true}]}}