{"id":380,"date":"2017-04-04T15:19:52","date_gmt":"2017-04-04T13:19:52","guid":{"rendered":"http:\/\/5.45.101.177\/haut-allier\/usagers-transportse\/index.php\/2017\/04\/04\/manifestation-des-cheminots-au-puy380\/"},"modified":"2017-04-04T15:19:52","modified_gmt":"2017-04-04T13:19:52","slug":"manifestation-des-cheminots-au-puy380","status":"publish","type":"post","link":"https:\/\/usagers-transports.haut-allier.eu\/index.php\/2017\/04\/04\/manifestation-des-cheminots-au-puy380\/","title":{"rendered":"Manifestation des cheminots au Puy en Velay le 14 avril 2017"},"content":{"rendered":"<p>Devant le mutisme de la r\u00e9gion concernant l&rsquo;avenir du r\u00e9seau ferroviaire en Auvergne Rh\u00f4ne Alpes les cheminots CGT appellent \u00e0 un grand rassemblement :<br \/>\n&nbsp;<br \/>\n<strong>Devant la gare SNCF \u00e0 11 heures en direction de la permanence de Laurent Wauquiez pr\u00e9sident de r\u00e9gion.<\/strong><br \/>\n&nbsp;<br \/>\nDes prises de paroles auront lieu sur place et une rencontre sera sollicit\u00e9e afin d\u2019obtenir la transparence sur les n\u00e9gociations en cours et pour gagner le d\u00e9veloppement d\u2019un service public ferroviaire ambitieux en Auvergne\/Rh\u00f4ne-Alpes.<br \/>\n&nbsp;<br \/>\nTout cela en vue d&rsquo;une convention TER (la d\u00e9finition des horaires et de la qualit\u00e9 de service.) et un CPER (d\u00e9finition des horaires et de la qualit\u00e9 de service) de haut niveau.<br \/>\n&nbsp;<br \/>\nExtrait du communiqu\u00e9 CGT : <em>\u00ab\u00a0Le transport est un enjeu majeur pour le quotidien des Auvergnats et des Rh\u00f4ne-Alpins. Les d\u00e9bats sur cette question doivent se d\u00e9rouler en place publique. Les projets des d\u00e9cideurs doivent \u00eatre suffisamment ambitieux pour assurer le<br \/>\nd\u00e9veloppement du mode ferroviaire et de la SNCF.\u00a0\u00bb<\/em><br \/>\n&nbsp;<\/p>\n","protected":false},"excerpt":{"rendered":"<p>Devant le mutisme de la r\u00e9gion concernant l&rsquo;avenir du r\u00e9seau ferroviaire en Auvergne Rh\u00f4ne Alpes les cheminots CGT<\/p>\n","protected":false},"author":1,"featured_media":2150,"comment_status":"closed","ping_status":"open","sticky":false,"template":"","format":"standard","meta":{"footnotes":""},"categories":[3],"tags":[],"class_list":["post-380","post","type-post","status-publish","format-standard","has-post-thumbnail","hentry","category-en-train"],"_links":{"self":[{"href":"https:\/\/usagers-transports.haut-allier.eu\/index.php\/wp-json\/wp\/v2\/posts\/380","targetHints":{"allow":["GET"]}}],"collection":[{"href":"https:\/\/usagers-transports.haut-allier.eu\/index.php\/wp-json\/wp\/v2\/posts"}],"about":[{"href":"https:\/\/usagers-transports.haut-allier.eu\/index.php\/wp-json\/wp\/v2\/types\/post"}],"author":[{"embeddable":true,"href":"https:\/\/usagers-transports.haut-allier.eu\/index.php\/wp-json\/wp\/v2\/users\/1"}],"replies":[{"embeddable":true,"href":"https:\/\/usagers-transports.haut-allier.eu\/index.php\/wp-json\/wp\/v2\/comments?post=380"}],"version-history":[{"count":0,"href":"https:\/\/usagers-transports.haut-allier.eu\/index.php\/wp-json\/wp\/v2\/posts\/380\/revisions"}],"wp:featuredmedia":[{"embeddable":true,"href":"https:\/\/usagers-transports.haut-allier.eu\/index.php\/wp-json\/wp\/v2\/media\/2150"}],"wp:attachment":[{"href":"https:\/\/usagers-transports.haut-allier.eu\/index.php\/wp-json\/wp\/v2\/media?parent=380"}],"wp:term":[{"taxonomy":"category","embeddable":true,"href":"https:\/\/usagers-transports.haut-allier.eu\/index.php\/wp-json\/wp\/v2\/categories?post=380"},{"taxonomy":"post_tag","embeddable":true,"href":"https:\/\/usagers-transports.haut-allier.eu\/index.php\/wp-json\/wp\/v2\/tags?post=380"}],"curies":[{"name":"wp","href":"https:\/\/api.w.org\/{rel}","templated":true}]}}