{"id":381,"date":"2017-04-14T07:46:46","date_gmt":"2017-04-14T05:46:46","guid":{"rendered":"http:\/\/5.45.101.177\/haut-allier\/usagers-transportse\/index.php\/2017\/04\/14\/ligne-du-train-cevenol-fiche381\/"},"modified":"2017-04-14T07:46:46","modified_gmt":"2017-04-14T05:46:46","slug":"ligne-du-train-cevenol-fiche381","status":"publish","type":"post","link":"https:\/\/usagers-transports.haut-allier.eu\/index.php\/2017\/04\/14\/ligne-du-train-cevenol-fiche381\/","title":{"rendered":"Ligne du train C\u00e9venol : fiche horaire des travaux de mai juin enfin publi\u00e9e"},"content":{"rendered":"<p>Les voyageurs peuvent enfin r\u00e9server leurs billets, m\u00eame de bus, pour venir dans nos gorges sauvages depuis 3 jours puisque TER SNCF vient de <a href=\"http:\/\/cdn.ter.sncf.com\/medias\/PDF\/auvergne_rhone_alpes\/08%20Clermont-N%C3%AEmes%20du%2001%20mai%20au%2030%20juin%202017_tcm72-105036_tcm72-116294.pdf\"><strong>publier sa fiche de travaux du 1er mai au 30 juin<\/strong><\/a>.<br \/>\n&nbsp;<br \/>\nAucun train comme nous le disions \u00e0 partir du 2 mai entre Al\u00e8s et Brioude mais leurs fameux bus, ou du taxi \u00e0 la demande pour Chapeauroux, Alleyras et Monistrol d&rsquo;Allier.<br \/>\n&nbsp;<br \/>\nMais attention, comme le note un usager attentif, notre soci\u00e9t\u00e9 dite ferroviaire met en place des <em>bus fl\u00e8ches<\/em> :<br \/>\n&nbsp;<br \/>\n<em>\u00ab\u00a0Apr\u00e8s une recherche sur l&rsquo;appli TER mobile pour smartphones (voir capture d&rsquo;\u00e9cran jointe) on s&rsquo;aper\u00e7oit que l&rsquo;aller du matin sens nord > sud permet d&rsquo;effectuer un parcours Langeac > Langogne en seulement 15min !! De l\u00e0 \u00e0 ce que le car p\u00e8te ou le car casse&#8230; En tous cas \u00e7a risque de car tonner.<br \/>\n&nbsp;<br \/>\nD&rsquo;autre part, les horaires (d\u00e9ments) propos\u00e9s par l&rsquo;appli ne correspondent m\u00eame pas \u00e0 ceux du PTA de mai-juin 2017 (fiches-horaires en pi\u00e8ces-jointes pour m\u00e9moire)&#8230;<br \/>\n&nbsp;<br \/>\nFinalement \u00e7a fera une bonne moyenne si l&rsquo;on compte sur les 1h55 (!!!) impos\u00e9es aux \u00ab\u00a0autocars InterCit\u00e9s\u00a0\u00bb de substitution au C\u00e9venol entre les deux villes, alors qu&rsquo;habituellement un temps de trajet de 1h10 suffit largement&#8230;<br \/>\n&nbsp;<br \/>\nAutre ineptie : Durant le PTA les horaires des autocars de substitution aux TER sont bien propos\u00e9s sur l&rsquo;appli TER Mobile mais les horaires des autocars de substitution aux IC n&rsquo;y apparaissent plus alors que c&rsquo;\u00e9tait pourtant le cas or PTA !<br \/>\n&nbsp;<br \/>\nQuant au TER du soir sens sud > nord il ne circulera pas (cf fiches-horaires PTA) durant deux mois ! En quelle honneur puisque la continuit\u00e9 du service public est une obligation ?<br \/>\n&nbsp;<br \/>\nDonc SNCF d\u00e9conne \u00e0 plein tubes ! Il y en a vraiment assez de ces stagiaires incomp\u00e9tents qui saisissent n&rsquo;importe quoi sur les fiches-horaires \u00ab\u00a0provisoires\u00a0\u00bb ou ne connaissent rien aux parcours routiers !<br \/>\n&nbsp;<br \/>\nConclusion : Soit ils rectifient illico depuis leurs bureaux de la Direction r\u00e9gionale SNCF de de Lyon ! Soit ils changent de boulot&#8230; \u00ab\u00a0<\/em><br \/>\n&nbsp;<br \/>\n<img loading=\"lazy\" decoding=\"async\" class=\" aligncenter size-full wp-image-2152\" src=\"http:\/\/5.45.101.177\/haut-allier\/usagers-transportse\/wp-content\/uploads\/2017\/04\/image.png\" alt=\"image.png\" align=\"center\" width=\"640\" height=\"765\" srcset=\"https:\/\/usagers-transports.haut-allier.eu\/wp-content\/uploads\/2017\/04\/image.png 640w, https:\/\/usagers-transports.haut-allier.eu\/wp-content\/uploads\/2017\/04\/image-251x300.png 251w\" sizes=\"auto, (max-width: 640px) 100vw, 640px\" \/><br \/>\n&nbsp;<\/p>\n","protected":false},"excerpt":{"rendered":"<p>Les voyageurs peuvent enfin r\u00e9server leurs billets, m\u00eame de bus, pour venir dans nos gorges sauvages depuis 3<\/p>\n","protected":false},"author":1,"featured_media":2151,"comment_status":"open","ping_status":"open","sticky":false,"template":"","format":"standard","meta":{"footnotes":""},"categories":[3],"tags":[],"class_list":["post-381","post","type-post","status-publish","format-standard","has-post-thumbnail","hentry","category-en-train"],"_links":{"self":[{"href":"https:\/\/usagers-transports.haut-allier.eu\/index.php\/wp-json\/wp\/v2\/posts\/381","targetHints":{"allow":["GET"]}}],"collection":[{"href":"https:\/\/usagers-transports.haut-allier.eu\/index.php\/wp-json\/wp\/v2\/posts"}],"about":[{"href":"https:\/\/usagers-transports.haut-allier.eu\/index.php\/wp-json\/wp\/v2\/types\/post"}],"author":[{"embeddable":true,"href":"https:\/\/usagers-transports.haut-allier.eu\/index.php\/wp-json\/wp\/v2\/users\/1"}],"replies":[{"embeddable":true,"href":"https:\/\/usagers-transports.haut-allier.eu\/index.php\/wp-json\/wp\/v2\/comments?post=381"}],"version-history":[{"count":0,"href":"https:\/\/usagers-transports.haut-allier.eu\/index.php\/wp-json\/wp\/v2\/posts\/381\/revisions"}],"wp:featuredmedia":[{"embeddable":true,"href":"https:\/\/usagers-transports.haut-allier.eu\/index.php\/wp-json\/wp\/v2\/media\/2151"}],"wp:attachment":[{"href":"https:\/\/usagers-transports.haut-allier.eu\/index.php\/wp-json\/wp\/v2\/media?parent=381"}],"wp:term":[{"taxonomy":"category","embeddable":true,"href":"https:\/\/usagers-transports.haut-allier.eu\/index.php\/wp-json\/wp\/v2\/categories?post=381"},{"taxonomy":"post_tag","embeddable":true,"href":"https:\/\/usagers-transports.haut-allier.eu\/index.php\/wp-json\/wp\/v2\/tags?post=381"}],"curies":[{"name":"wp","href":"https:\/\/api.w.org\/{rel}","templated":true}]}}