{"id":382,"date":"2017-05-03T18:23:53","date_gmt":"2017-05-03T16:23:53","guid":{"rendered":"http:\/\/5.45.101.177\/haut-allier\/usagers-transportse\/index.php\/2017\/05\/03\/abandon-de-l-auvergne-par-wauquiez382\/"},"modified":"2026-09-01T15:54:11","modified_gmt":"2026-09-01T13:54:11","slug":"abandon-de-l-auvergne-par-wauquiez382","status":"publish","type":"post","link":"https:\/\/usagers-transports.haut-allier.eu\/index.php\/2017\/05\/03\/abandon-de-l-auvergne-par-wauquiez382\/","title":{"rendered":"Abandon de l&rsquo;Auvergne par Wauquiez : la ligne Bordeaux Lyon va rouvrir&#8230; jusqu&rsquo;\u00e0 Montlu\u00e7on"},"content":{"rendered":"Nous apprenons par le r\u00e9seau France Bleu qu&rsquo;avant fin 2018 la ligne Bordeaux Lyon par Limoges et Montlu\u00e7on va enfin rouvrir apr\u00e8s 4 ans de fermeture mais&#8230; c&rsquo;est une volont\u00e9 de la r\u00e9gion Nouvelle Aquitaine qui reprend la gestion de la partie ouest du trajet, abandonn\u00e9 par l&rsquo;\u00e9tat.\n&nbsp;\nIl est clairement indiqu\u00e9 dans l&rsquo;<a href=\"https:\/\/www.francebleu.fr\/infos\/transports\/sncf-apres-quatre-ans-de-fermeture-la-ligne-bordeaux-gueret-montlucon-reprend-du-service-1493140501\"><strong>article<\/strong><\/a> que sollicit\u00e9e, la r\u00e9gion Auvergne Rh\u00f4ne Alpes qui doit maintenant prendre en charge la partie Montlu\u00e7on Lyon est aux abonn\u00e9s absents.\n&nbsp;\nAbsente et pas int\u00e9ress\u00e9e, comme elle l&rsquo;est depuis son installation pour tous les trains du massif central auvergnat, y compris le C\u00e9venol qu&rsquo;elle est ravie de voir repris par la r\u00e9gion Occitanie. Enfin ravie, dont elle se fiche \u00e9perdument plut\u00f4t. Comme de la liaison ferroviaire directe Bordeaux Montlu\u00e7on Lyon.\n&nbsp;\nLa non venue du pr\u00e9sident de r\u00e9gion ou de son d\u00e9l\u00e9gu\u00e9 transports \u00e0 notre <a href=\"http:\/\/usagers-transports.haut-allier.eu\/?les-usagers-independants-d,376\"><strong>invitation du 1er avril \u00e0 Clermont Ferrand<\/strong><\/a> et la venue \u00e0 leur place de leur d\u00e9l\u00e9gu\u00e9 politique local \u00e9tait d\u00e9j\u00e0 un message clair : <strong>la r\u00e9gion AURA brille par son incomp\u00e9tence en mati\u00e8re de transports et de plus consid\u00e8re l&rsquo;Auvergne comme une sous-r\u00e9gion. Il ne faudra pas compter sur elle pour une quelconque am\u00e9lioration du service ferroviaire.<\/strong> \n&nbsp;\nMais on le comprend, Monsieur Wauquiez a bien d&rsquo;autres chats \u00e0 fouetter et d&rsquo;autres pr\u00e9occupations personnelles en ce moment \u00e0 Paris que la bonne irrigation de son territoire en transports publics, suite \u00e0 la d\u00e9faite brillante de son nouveau &#8211; mais d\u00e9j\u00e0 ex &#8211; mentor  Fillon. A qui de \u00ab\u00a0Les R\u00e9publicains\u00a0\u00bb va-t-il pouvoir imposer son soutien maintenant ? \n&nbsp;\n<img loading=\"lazy\" decoding=\"async\" class=\" aligncenter size-full wp-image-2154\" src=\"http:\/\/5.45.101.177\/haut-allier\/usagers-transportse\/wp-content\/uploads\/2017\/05\/joxi_screenshot_1493826874127.jpg\" alt=\"joxi_screenshot_1493826874127.jpg\" align=\"center\" width=\"590\" height=\"1500\" srcset=\"https:\/\/usagers-transports.haut-allier.eu\/wp-content\/uploads\/2017\/05\/joxi_screenshot_1493826874127.jpg 590w, https:\/\/usagers-transports.haut-allier.eu\/wp-content\/uploads\/2017\/05\/joxi_screenshot_1493826874127-118x300.jpg 118w, https:\/\/usagers-transports.haut-allier.eu\/wp-content\/uploads\/2017\/05\/joxi_screenshot_1493826874127-403x1024.jpg 403w\" sizes=\"auto, (max-width: 590px) 100vw, 590px\" \/>\n<p>&nbsp;<\/p>\n\n\t<figure class=\"wp-block-gallery columns-1 is-cropped wp-block-gallery-1 is-layout-flex wp-block-gallery-is-layout-flex\">\n\t\t<ul class=\"blocks-gallery-grid\">\n\t\t\t<li class=\"blocks-gallery-item\">\n\t\t\t\t<figure>\n\t\t\t\t\t\t\t\t\t\t\t<img loading=\"lazy\" decoding=\"async\" width=\"315\" height=\"800\" src=\"http:\/\/5.45.101.177\/haut-allier\/usagers-transportse\/wp-content\/uploads\/2017\/05\/joxi_screenshot_1493826874127-w.jpg\"\n\t\t\t\t\t\t alt=\"joxi_screenshot_1493826874127-w.jpg\"\n\t\t\t\t\t\t data-id=\"2155\"\n\t\t\t\t\t\t data-full-url=\"http:\/\/5.45.101.177\/haut-allier\/usagers-transportse\/wp-content\/uploads\/2017\/05\/joxi_screenshot_1493826874127-w.jpg\"\n\t\t\t\t\t\t data-link=\"http:\/\/5.45.101.177\/haut-allier\/usagers-transportse\/attachment-joxi_screenshot_1493826874127-w-jpg\/\"\n\t\t\t\t\t\t class=\"wp-image-2155\" srcset=\"https:\/\/usagers-transports.haut-allier.eu\/wp-content\/uploads\/2017\/05\/joxi_screenshot_1493826874127-w.jpg 315w, https:\/\/usagers-transports.haut-allier.eu\/wp-content\/uploads\/2017\/05\/joxi_screenshot_1493826874127-w-118x300.jpg 118w\" sizes=\"auto, (max-width: 315px) 100vw, 315px\" \/>\n\t\t\t\t<\/figure>\n\t\t\t<\/li>\n\t\t<\/ul>\n\t<\/figure>\n","protected":false},"excerpt":{"rendered":"<p>Nous apprenons par le r\u00e9seau France Bleu qu&rsquo;avant fin 2018 la ligne Bordeaux Lyon par Limoges et Montlu\u00e7on<\/p>\n","protected":false},"author":1,"featured_media":2153,"comment_status":"closed","ping_status":"open","sticky":false,"template":"","format":"standard","meta":{"footnotes":""},"categories":[3],"tags":[],"class_list":["post-382","post","type-post","status-publish","format-standard","has-post-thumbnail","hentry","category-en-train"],"_links":{"self":[{"href":"https:\/\/usagers-transports.haut-allier.eu\/index.php\/wp-json\/wp\/v2\/posts\/382","targetHints":{"allow":["GET"]}}],"collection":[{"href":"https:\/\/usagers-transports.haut-allier.eu\/index.php\/wp-json\/wp\/v2\/posts"}],"about":[{"href":"https:\/\/usagers-transports.haut-allier.eu\/index.php\/wp-json\/wp\/v2\/types\/post"}],"author":[{"embeddable":true,"href":"https:\/\/usagers-transports.haut-allier.eu\/index.php\/wp-json\/wp\/v2\/users\/1"}],"replies":[{"embeddable":true,"href":"https:\/\/usagers-transports.haut-allier.eu\/index.php\/wp-json\/wp\/v2\/comments?post=382"}],"version-history":[{"count":1,"href":"https:\/\/usagers-transports.haut-allier.eu\/index.php\/wp-json\/wp\/v2\/posts\/382\/revisions"}],"predecessor-version":[{"id":2156,"href":"https:\/\/usagers-transports.haut-allier.eu\/index.php\/wp-json\/wp\/v2\/posts\/382\/revisions\/2156"}],"wp:featuredmedia":[{"embeddable":true,"href":"https:\/\/usagers-transports.haut-allier.eu\/index.php\/wp-json\/wp\/v2\/media\/2153"}],"wp:attachment":[{"href":"https:\/\/usagers-transports.haut-allier.eu\/index.php\/wp-json\/wp\/v2\/media?parent=382"}],"wp:term":[{"taxonomy":"category","embeddable":true,"href":"https:\/\/usagers-transports.haut-allier.eu\/index.php\/wp-json\/wp\/v2\/categories?post=382"},{"taxonomy":"post_tag","embeddable":true,"href":"https:\/\/usagers-transports.haut-allier.eu\/index.php\/wp-json\/wp\/v2\/tags?post=382"}],"curies":[{"name":"wp","href":"https:\/\/api.w.org\/{rel}","templated":true}]}}