{"id":383,"date":"2017-05-10T09:06:15","date_gmt":"2017-05-10T07:06:15","guid":{"rendered":"http:\/\/5.45.101.177\/haut-allier\/usagers-transportse\/index.php\/2017\/05\/10\/alleyras-nouvel-arret-du-train383\/"},"modified":"2026-09-01T15:54:12","modified_gmt":"2026-09-01T13:54:12","slug":"alleyras-nouvel-arret-du-train383","status":"publish","type":"post","link":"https:\/\/usagers-transports.haut-allier.eu\/index.php\/2017\/05\/10\/alleyras-nouvel-arret-du-train383\/","title":{"rendered":"Alleyras nouvel arr\u00eat du train Intercit\u00e9s C\u00e9venol d\u00e8s le 2 juillet 2017"},"content":{"rendered":"L&rsquo;Intercit\u00e9s C\u00e9venol ne s&rsquo;\u00e9tait plus arr\u00eat\u00e9 dans la commune depuis des temps imm\u00e9moriaux, depuis l&rsquo;\u00e9poque o\u00f9 la gare \u00e9tait encore une vraie station ferroviaire avec du personnel SNCF. Notre collectif redonne aux habitants des gorges toutes les possibilit\u00e9s des autres gares de la ligne des C\u00e9vennes.\n&nbsp;\nC&rsquo;est quand m\u00eame une belle victoire pour nous qui y avons travaill\u00e9 depuis pratiquement 2010. A l&rsquo;\u00e9poque quand nous avions obtenu de la r\u00e9gion Auvergne l&rsquo;arr\u00eat de tous les TER dans les 3 gares des gorges, Guillaume P\u00e9py avait refus\u00e9 d&rsquo;y faire stopper le C\u00e9venol.\n&nbsp;\nL&rsquo;exp\u00e9rimentation l&rsquo;an dernier d&rsquo;une nouvelle halte estivale \u00e0 Monistrol d&rsquo;Allier, qui a \u00e9t\u00e9 rendue p\u00e9renne, a relanc\u00e9 l&rsquo;id\u00e9e et nous nous sommes battus aupr\u00e8s des responsables Intercit\u00e9s pour qu&rsquo;il en soit de m\u00eame \u00e0 Alleyras.\n&nbsp;\nD\u00e9sormais nous pouvons tous en consultant le site de r\u00e9servation et d&rsquo;achat des billets de la SNCF voir l&rsquo;offre des 6 arr\u00eats par jour.  \n&nbsp;\n<em>Dans un sens&#8230;<\/em>\n<img loading=\"lazy\" decoding=\"async\" class=\" aligncenter size-full wp-image-2158\" src=\"http:\/\/5.45.101.177\/haut-allier\/usagers-transportse\/wp-content\/uploads\/2017\/05\/joxi_screenshot_1494394927542.png\" alt=\"joxi_screenshot_1494394927542.png\" align=\"center\" width=\"568\" height=\"348\" srcset=\"https:\/\/usagers-transports.haut-allier.eu\/wp-content\/uploads\/2017\/05\/joxi_screenshot_1494394927542.png 568w, https:\/\/usagers-transports.haut-allier.eu\/wp-content\/uploads\/2017\/05\/joxi_screenshot_1494394927542-300x184.png 300w\" sizes=\"auto, (max-width: 568px) 100vw, 568px\" \/>\n&nbsp;\n<em>Et dans l&rsquo;autre<\/em>\n<img loading=\"lazy\" decoding=\"async\" class=\" aligncenter size-full wp-image-2159\" src=\"http:\/\/5.45.101.177\/haut-allier\/usagers-transportse\/wp-content\/uploads\/2017\/05\/joxi_screenshot_1494394875111.png\" alt=\"joxi_screenshot_1494394875111.png\" align=\"center\" width=\"566\" height=\"331\" srcset=\"https:\/\/usagers-transports.haut-allier.eu\/wp-content\/uploads\/2017\/05\/joxi_screenshot_1494394875111.png 566w, https:\/\/usagers-transports.haut-allier.eu\/wp-content\/uploads\/2017\/05\/joxi_screenshot_1494394875111-300x175.png 300w\" sizes=\"auto, (max-width: 566px) 100vw, 566px\" \/>\n&nbsp;\nA chacun maintenant de faire conna\u00eetre le nouvel arr\u00eat autour de soi. En esp\u00e9rant que la commune relaiera l&rsquo;information aux habitants et au-del\u00e0.\n&nbsp;\nNos visiteurs pourront aussi b\u00e9n\u00e9ficier des prix promo r\u00e9serv\u00e9s aux Intercit\u00e9s pour d\u00e9couvrir  la commune et ses alentours, marcher sur le sentier de grande randonn\u00e9e GR470 ou l&rsquo;antique voie gallo-romaine Via Bolena, r\u00e9sider au camping municipal, dans les g\u00eetes ou au village vacances.\n&nbsp;\n<img loading=\"lazy\" decoding=\"async\" class=\" aligncenter size-full wp-image-2160\" src=\"http:\/\/5.45.101.177\/haut-allier\/usagers-transportse\/wp-content\/uploads\/2017\/05\/coradia-liner-c_masse.jpg\" alt=\"coradia-liner-c_masse.jpg\" align=\"center\" width=\"800\" height=\"600\" srcset=\"https:\/\/usagers-transports.haut-allier.eu\/wp-content\/uploads\/2017\/05\/coradia-liner-c_masse.jpg 800w, https:\/\/usagers-transports.haut-allier.eu\/wp-content\/uploads\/2017\/05\/coradia-liner-c_masse-300x225.jpg 300w, https:\/\/usagers-transports.haut-allier.eu\/wp-content\/uploads\/2017\/05\/coradia-liner-c_masse-768x576.jpg 768w\" sizes=\"auto, (max-width: 800px) 100vw, 800px\" \/>\n&nbsp;\nQuand on sait que d\u00e8s septembre 2018 le train sera remplac\u00e9 par du tout nouveau mat\u00e9riel d&rsquo;Alstom, c&rsquo;est un nouveau confort propos\u00e9 bient\u00f4t aux voyageurs. \n&nbsp;\nUn guide horaire pour la ligne des C\u00e9vennes dans le sud du massif central sera \u00e9dit\u00e9 courant juin.\n&nbsp;\nIl reste des points sur lesquels les usagers d&rsquo;Alleyras se battront : l&rsquo;accueil de la halte, actuellement plus que primaire, l&rsquo;information par panneaux en temps r\u00e9el, inexistante, un \u00e9clairage moderne, actuellement des lampadaires rouill\u00e9s datant de 1880, une r\u00e9fection totale des quais, dans un \u00e9tat d\u00e9plorable, la cr\u00e9ation d&rsquo;un acc\u00e8s handicap\u00e9s, etc.\n&nbsp;\n<strong>Dans la Presse :<\/strong>\n&nbsp;\n&#8211; France Bleu Gard Loz\u00e8re journal de 18 heures du 10 mai :\n&nbsp;\n\n[(\n<em>Un arr\u00eat suppl\u00e9mentaire pour le train c\u00e9venol, un nouvel arr\u00eat \u00e0 partir du 2 juillet, c\u2019est donc pour cet \u00e9t\u00e9. Ce train marquera un arr\u00eat en gare d\u2019Alleyras. Des ann\u00e9es qu\u2019il ne s\u2019\u00e9tait plus arr\u00eat\u00e9 l\u00e0-bas. Apr\u00e8s donc Monistrol, c\u2019\u00e9tait l\u2019an pass\u00e9, au tour d\u2018Alleyras d\u2019offrir un arr\u00eat. 6 par jour en tout donc que ce soit pour les habitants ou pour les touristes, des marcheurs, un GR passe en effet pas loin d\u2019Alleyas.<\/em>\n<\/em>\n)]\n\n&#8211; France Bleu Gard Loz\u00e8re journal de 8 heures du 11 mai :\n&nbsp;\n\n[(\n<em>Sur les rails, un nouvel arr\u00eat pour le c\u00e9venol \u00e0 partir du 2 juillet. Le train c\u00e9venol marquera l\u2019arr\u00eat en gare d\u2019Alleyras. Des ann\u00e9es qu\u2019il ne s\u2019y \u00e9tait plus arr\u00eat\u00e9. 6 par jour pour les habitants ou pour les marcheurs d\u2019ailleurs puisqu\u2019un GR passe tout pr\u00e8s de l\u00e0.<\/em>\n<\/em>\n)]\n\n&#8211; La Comm\u00e8re 43 : <a href=\"http:\/\/www.lacommere43.fr\/actualites\/item\/7489-alleyras-nouvel-arret-du-train-intercites-cevenol-a-partir-du-2-juillet.html\">Alleyras, nouvel arr\u00eat du train Intercit\u00e9s C\u00e9venol \u00e0 partir du 2 juillet<\/a>\n&nbsp;\n\n&#8211; Zoomdici 43 : <a href=\"http:\/\/www.zoomdici.fr\/actualite\/L-Intercites-Cevenol-desservira-Alleyras-des-juillet-id158184.html\">L&rsquo;Intercit\u00e9s C\u00e9venol desservira Alleyras d\u00e8s juillet<\/a>\n&nbsp;\n<img loading=\"lazy\" decoding=\"async\" class=\" aligncenter size-full wp-image-2161\" src=\"http:\/\/5.45.101.177\/haut-allier\/usagers-transportse\/wp-content\/uploads\/2017\/05\/joxi_screenshot_1494516595711.jpg\" alt=\"joxi_screenshot_1494516595711.jpg\" align=\"center\" width=\"1009\" height=\"1296\" srcset=\"https:\/\/usagers-transports.haut-allier.eu\/wp-content\/uploads\/2017\/05\/joxi_screenshot_1494516595711.jpg 1009w, https:\/\/usagers-transports.haut-allier.eu\/wp-content\/uploads\/2017\/05\/joxi_screenshot_1494516595711-234x300.jpg 234w, https:\/\/usagers-transports.haut-allier.eu\/wp-content\/uploads\/2017\/05\/joxi_screenshot_1494516595711-797x1024.jpg 797w, https:\/\/usagers-transports.haut-allier.eu\/wp-content\/uploads\/2017\/05\/joxi_screenshot_1494516595711-768x986.jpg 768w\" sizes=\"auto, (max-width: 1009px) 100vw, 1009px\" \/>\n&nbsp;\n\n\n&#8211; Le Progr\u00e8s du 14 mai : <a href=\"http:\/\/c.leprogres.fr\/haute-loire\/2017\/05\/14\/alleyras-nouvel-arret-du-train-intercites-cevenol-des-le-2-juillet\">Alleyras, nouvel arr\u00eat du train Intercit\u00e9s C\u00e9venol d\u00e8s le 2 juillet<\/a>\n&nbsp;\n<img loading=\"lazy\" decoding=\"async\" class=\" aligncenter size-full wp-image-2162\" src=\"http:\/\/5.45.101.177\/haut-allier\/usagers-transportse\/wp-content\/uploads\/2017\/05\/joxi_screenshot_1494824399796.png\" alt=\"joxi_screenshot_1494824399796.png\" align=\"center\" width=\"385\" height=\"800\" srcset=\"https:\/\/usagers-transports.haut-allier.eu\/wp-content\/uploads\/2017\/05\/joxi_screenshot_1494824399796.png 385w, https:\/\/usagers-transports.haut-allier.eu\/wp-content\/uploads\/2017\/05\/joxi_screenshot_1494824399796-144x300.png 144w\" sizes=\"auto, (max-width: 385px) 100vw, 385px\" \/>\n&nbsp;\n<em>Version papier :<\/em>\n<img loading=\"lazy\" decoding=\"async\" class=\" aligncenter size-full wp-image-2163\" src=\"http:\/\/5.45.101.177\/haut-allier\/usagers-transportse\/wp-content\/uploads\/2017\/05\/IMG_20170516_091323.jpg\" alt=\"IMG_20170516_091323.jpg\" align=\"center\" width=\"486\" height=\"800\" srcset=\"https:\/\/usagers-transports.haut-allier.eu\/wp-content\/uploads\/2017\/05\/IMG_20170516_091323.jpg 486w, https:\/\/usagers-transports.haut-allier.eu\/wp-content\/uploads\/2017\/05\/IMG_20170516_091323-182x300.jpg 182w\" sizes=\"auto, (max-width: 486px) 100vw, 486px\" \/>\n&nbsp;\n\n&#8211; M\u00e9zenc Infos : <a href=\"http:\/\/mezenc.info\/\">Alleyras, nouvel arr\u00eat du train Intercit\u00e9s C\u00e9venol d\u00e8s le 2 juillet 2017<\/a>.\n&nbsp;\n<img loading=\"lazy\" decoding=\"async\" class=\" aligncenter size-full wp-image-2164\" src=\"http:\/\/5.45.101.177\/haut-allier\/usagers-transportse\/wp-content\/uploads\/2017\/05\/joxi_screenshot_1495083390309.png\" alt=\"joxi_screenshot_1495083390309.png\" align=\"center\" width=\"367\" height=\"805\" srcset=\"https:\/\/usagers-transports.haut-allier.eu\/wp-content\/uploads\/2017\/05\/joxi_screenshot_1495083390309.png 367w, https:\/\/usagers-transports.haut-allier.eu\/wp-content\/uploads\/2017\/05\/joxi_screenshot_1495083390309-137x300.png 137w\" sizes=\"auto, (max-width: 367px) 100vw, 367px\" \/>\n&nbsp;\n\n&#8211; Le site du Comit\u00e9 d\u00e9partemental de randonn\u00e9e p\u00e9destre de Haute-Loire :  <a href=\"http:\/\/www.rando-hauteloire.fr\/alleyras-nouvel-arret-gorges-de-lallier\/\">Gorges de l\u2019Allier : nouvelles possibilit\u00e9s de rando !<\/a>\n&nbsp;<p>&nbsp;<\/p>\n\n\t<figure class=\"wp-block-gallery columns-1 is-cropped wp-block-gallery-1 is-layout-flex wp-block-gallery-is-layout-flex\">\n\t\t<ul class=\"blocks-gallery-grid\">\n\t\t\t<li class=\"blocks-gallery-item\">\n\t\t\t\t<figure>\n\t\t\t\t\t\t\t\t\t\t\t<img loading=\"lazy\" decoding=\"async\" width=\"623\" height=\"800\" src=\"http:\/\/5.45.101.177\/haut-allier\/usagers-transportse\/wp-content\/uploads\/2017\/05\/joxi_screenshot_1494516595711-800.jpg\"\n\t\t\t\t\t\t alt=\"joxi_screenshot_1494516595711-800.jpg\"\n\t\t\t\t\t\t data-id=\"2165\"\n\t\t\t\t\t\t data-full-url=\"http:\/\/5.45.101.177\/haut-allier\/usagers-transportse\/wp-content\/uploads\/2017\/05\/joxi_screenshot_1494516595711-800.jpg\"\n\t\t\t\t\t\t data-link=\"http:\/\/5.45.101.177\/haut-allier\/usagers-transportse\/attachment-joxi_screenshot_1494516595711-800-jpg\/\"\n\t\t\t\t\t\t class=\"wp-image-2165\" srcset=\"https:\/\/usagers-transports.haut-allier.eu\/wp-content\/uploads\/2017\/05\/joxi_screenshot_1494516595711-800.jpg 623w, https:\/\/usagers-transports.haut-allier.eu\/wp-content\/uploads\/2017\/05\/joxi_screenshot_1494516595711-800-234x300.jpg 234w\" sizes=\"auto, (max-width: 623px) 100vw, 623px\" \/>\n\t\t\t\t<\/figure>\n\t\t\t<\/li>\n\t\t<\/ul>\n\t<\/figure>\n","protected":false},"excerpt":{"rendered":"<p>L&rsquo;Intercit\u00e9s C\u00e9venol ne s&rsquo;\u00e9tait plus arr\u00eat\u00e9 dans la commune depuis des temps imm\u00e9moriaux, depuis l&rsquo;\u00e9poque o\u00f9 la gare<\/p>\n","protected":false},"author":1,"featured_media":2157,"comment_status":"closed","ping_status":"open","sticky":false,"template":"","format":"standard","meta":{"footnotes":""},"categories":[3],"tags":[],"class_list":["post-383","post","type-post","status-publish","format-standard","has-post-thumbnail","hentry","category-en-train"],"_links":{"self":[{"href":"https:\/\/usagers-transports.haut-allier.eu\/index.php\/wp-json\/wp\/v2\/posts\/383","targetHints":{"allow":["GET"]}}],"collection":[{"href":"https:\/\/usagers-transports.haut-allier.eu\/index.php\/wp-json\/wp\/v2\/posts"}],"about":[{"href":"https:\/\/usagers-transports.haut-allier.eu\/index.php\/wp-json\/wp\/v2\/types\/post"}],"author":[{"embeddable":true,"href":"https:\/\/usagers-transports.haut-allier.eu\/index.php\/wp-json\/wp\/v2\/users\/1"}],"replies":[{"embeddable":true,"href":"https:\/\/usagers-transports.haut-allier.eu\/index.php\/wp-json\/wp\/v2\/comments?post=383"}],"version-history":[{"count":1,"href":"https:\/\/usagers-transports.haut-allier.eu\/index.php\/wp-json\/wp\/v2\/posts\/383\/revisions"}],"predecessor-version":[{"id":2166,"href":"https:\/\/usagers-transports.haut-allier.eu\/index.php\/wp-json\/wp\/v2\/posts\/383\/revisions\/2166"}],"wp:featuredmedia":[{"embeddable":true,"href":"https:\/\/usagers-transports.haut-allier.eu\/index.php\/wp-json\/wp\/v2\/media\/2157"}],"wp:attachment":[{"href":"https:\/\/usagers-transports.haut-allier.eu\/index.php\/wp-json\/wp\/v2\/media?parent=383"}],"wp:term":[{"taxonomy":"category","embeddable":true,"href":"https:\/\/usagers-transports.haut-allier.eu\/index.php\/wp-json\/wp\/v2\/categories?post=383"},{"taxonomy":"post_tag","embeddable":true,"href":"https:\/\/usagers-transports.haut-allier.eu\/index.php\/wp-json\/wp\/v2\/tags?post=383"}],"curies":[{"name":"wp","href":"https:\/\/api.w.org\/{rel}","templated":true}]}}