{"id":384,"date":"2017-05-10T09:18:11","date_gmt":"2017-05-10T07:18:11","guid":{"rendered":"http:\/\/5.45.101.177\/haut-allier\/usagers-transportse\/index.php\/2017\/05\/10\/trains-de-lozere-l-occitanie384\/"},"modified":"2017-05-10T09:18:11","modified_gmt":"2017-05-10T07:18:11","slug":"trains-de-lozere-l-occitanie384","status":"publish","type":"post","link":"https:\/\/usagers-transports.haut-allier.eu\/index.php\/2017\/05\/10\/trains-de-lozere-l-occitanie384\/","title":{"rendered":"Trains de Loz\u00e8re : l&rsquo;Occitanie d\u00e9bloque 3,5 millions"},"content":{"rendered":"<p>Certes en partenariat avec la r\u00e9gion voisine Auvergne Rh\u00f4ne Alpes, une premi\u00e8re pour cette derni\u00e8re qui s&rsquo;engage enfin&#8230; un peu et en partenariat avec l&rsquo;Etat.<br \/>\n&nbsp;<br \/>\nDe l\u2019argent frais donc pour les liaisons ferroviaires en Loz\u00e8re. C&rsquo;est Carole Delga, la pr\u00e9sidente de la r\u00e9gion Occitanie, qui l\u2019a annonc\u00e9 hier \u00e0 Mende. Elle venait inaugurer l&rsquo;antenne de Madeeli, l&rsquo;agence de d\u00e9veloppement \u00e9conomique qui remplace Loz\u00e8re D\u00e9veloppement.<br \/>\n&nbsp;<br \/>\nIl y aura dans un premier temps des travaux d\u2019urgence pour sauver la desserte fret de l\u2019usine Arcelor situ\u00e9e le long de la ligne SNCF entre Neussargues et Saint Ch\u00e9ly, usine qui emploie pr\u00e8s de 200 personnes. Elle re\u00e7oit ses mati\u00e8res premi\u00e8res par le rail.<br \/>\n&nbsp;<br \/>\n<em>(Avec France Bleu Gard Loz\u00e8re)<\/em><\/p>\n","protected":false},"excerpt":{"rendered":"<p>Certes en partenariat avec la r\u00e9gion voisine Auvergne Rh\u00f4ne Alpes, une premi\u00e8re pour cette derni\u00e8re qui s&rsquo;engage enfin&#8230;<\/p>\n","protected":false},"author":1,"featured_media":2167,"comment_status":"closed","ping_status":"open","sticky":false,"template":"","format":"standard","meta":{"footnotes":""},"categories":[3],"tags":[],"class_list":["post-384","post","type-post","status-publish","format-standard","has-post-thumbnail","hentry","category-en-train"],"_links":{"self":[{"href":"https:\/\/usagers-transports.haut-allier.eu\/index.php\/wp-json\/wp\/v2\/posts\/384","targetHints":{"allow":["GET"]}}],"collection":[{"href":"https:\/\/usagers-transports.haut-allier.eu\/index.php\/wp-json\/wp\/v2\/posts"}],"about":[{"href":"https:\/\/usagers-transports.haut-allier.eu\/index.php\/wp-json\/wp\/v2\/types\/post"}],"author":[{"embeddable":true,"href":"https:\/\/usagers-transports.haut-allier.eu\/index.php\/wp-json\/wp\/v2\/users\/1"}],"replies":[{"embeddable":true,"href":"https:\/\/usagers-transports.haut-allier.eu\/index.php\/wp-json\/wp\/v2\/comments?post=384"}],"version-history":[{"count":0,"href":"https:\/\/usagers-transports.haut-allier.eu\/index.php\/wp-json\/wp\/v2\/posts\/384\/revisions"}],"wp:featuredmedia":[{"embeddable":true,"href":"https:\/\/usagers-transports.haut-allier.eu\/index.php\/wp-json\/wp\/v2\/media\/2167"}],"wp:attachment":[{"href":"https:\/\/usagers-transports.haut-allier.eu\/index.php\/wp-json\/wp\/v2\/media?parent=384"}],"wp:term":[{"taxonomy":"category","embeddable":true,"href":"https:\/\/usagers-transports.haut-allier.eu\/index.php\/wp-json\/wp\/v2\/categories?post=384"},{"taxonomy":"post_tag","embeddable":true,"href":"https:\/\/usagers-transports.haut-allier.eu\/index.php\/wp-json\/wp\/v2\/tags?post=384"}],"curies":[{"name":"wp","href":"https:\/\/api.w.org\/{rel}","templated":true}]}}