{"id":386,"date":"2017-06-09T07:37:22","date_gmt":"2017-06-09T05:37:22","guid":{"rendered":"http:\/\/5.45.101.177\/haut-allier\/usagers-transportse\/index.php\/2017\/06\/09\/ligne-ales-besseges-les-promesses386\/"},"modified":"2017-06-09T07:37:22","modified_gmt":"2017-06-09T05:37:22","slug":"ligne-ales-besseges-les-promesses386","status":"publish","type":"post","link":"https:\/\/usagers-transports.haut-allier.eu\/index.php\/2017\/06\/09\/ligne-ales-besseges-les-promesses386\/","title":{"rendered":"Ligne Al\u00e8s Bess\u00e8ges : les promesses bidon de la r\u00e9gion Occitanie"},"content":{"rendered":"<p>Plus le temps passe, plus les Etats G\u00e9n\u00e9raux du Rail et de l&rsquo;intermodalit\u00e9 organis\u00e9s l&rsquo;an dernier par la r\u00e9gion Occitanie s&rsquo;av\u00e8rent avoir \u00e9t\u00e9 un grand coup de bluff pour calmer les usagers. Nous l&rsquo;avions d\u00e9j\u00e0 d\u00e9nonc\u00e9, mais \u00e7a se confirme.<br \/>\n&nbsp;<br \/>\nT\u00e9moin donc cette fois-ci les promesses de retour rapide \u00e0 la circulation des trains sur la ligne Al\u00e8s Bess\u00e8ges qui ne sont pas tenues. La r\u00e9gion et la SNCF en catimini viennent m\u00eame de relancer une ni\u00e8me \u00e9tude \u00e0 650 000\u20ac alors qu&rsquo;une a d\u00e9j\u00e0 \u00e9t\u00e9 faite en 2011 r\u00e9actualis\u00e9e en 2016.<br \/>\n&nbsp;<br \/>\nLe collectif de d\u00e9fense de la ligne ferroviaire Al\u00e8s-Bess\u00e8ges ne comprend plus, surtout apr\u00e8s les d\u00e9clarations rassurantes du d\u00e9l\u00e9gu\u00e9 aux transports de la r\u00e9gion. D\u00e9sesp\u00e9r\u00e9, il vient d&rsquo;\u00e9crire aux candidats aux l\u00e9gislatives.<br \/>\n&nbsp;<br \/>\nLes explications d\u00e9taill\u00e9es sont \u00e0 d\u00e9couvrir sur le site d&rsquo;Objectif Gard : <a href=\"http:\/\/www.objectifgard.com\/2017\/06\/08\/ales-ca-deraille-a-nouveau-ligne-ales-besseges\/\">\u00c7a d\u00e9raille \u00e0 nouveau sur la ligne Al\u00e8s-Bess\u00e8ges<\/a><br \/>\n&nbsp;<\/p>\n","protected":false},"excerpt":{"rendered":"<p>Plus le temps passe, plus les Etats G\u00e9n\u00e9raux du Rail et de l&rsquo;intermodalit\u00e9 organis\u00e9s l&rsquo;an dernier par la<\/p>\n","protected":false},"author":1,"featured_media":2172,"comment_status":"closed","ping_status":"open","sticky":false,"template":"","format":"standard","meta":{"footnotes":""},"categories":[3],"tags":[],"class_list":["post-386","post","type-post","status-publish","format-standard","has-post-thumbnail","hentry","category-en-train"],"_links":{"self":[{"href":"https:\/\/usagers-transports.haut-allier.eu\/index.php\/wp-json\/wp\/v2\/posts\/386","targetHints":{"allow":["GET"]}}],"collection":[{"href":"https:\/\/usagers-transports.haut-allier.eu\/index.php\/wp-json\/wp\/v2\/posts"}],"about":[{"href":"https:\/\/usagers-transports.haut-allier.eu\/index.php\/wp-json\/wp\/v2\/types\/post"}],"author":[{"embeddable":true,"href":"https:\/\/usagers-transports.haut-allier.eu\/index.php\/wp-json\/wp\/v2\/users\/1"}],"replies":[{"embeddable":true,"href":"https:\/\/usagers-transports.haut-allier.eu\/index.php\/wp-json\/wp\/v2\/comments?post=386"}],"version-history":[{"count":0,"href":"https:\/\/usagers-transports.haut-allier.eu\/index.php\/wp-json\/wp\/v2\/posts\/386\/revisions"}],"wp:featuredmedia":[{"embeddable":true,"href":"https:\/\/usagers-transports.haut-allier.eu\/index.php\/wp-json\/wp\/v2\/media\/2172"}],"wp:attachment":[{"href":"https:\/\/usagers-transports.haut-allier.eu\/index.php\/wp-json\/wp\/v2\/media?parent=386"}],"wp:term":[{"taxonomy":"category","embeddable":true,"href":"https:\/\/usagers-transports.haut-allier.eu\/index.php\/wp-json\/wp\/v2\/categories?post=386"},{"taxonomy":"post_tag","embeddable":true,"href":"https:\/\/usagers-transports.haut-allier.eu\/index.php\/wp-json\/wp\/v2\/tags?post=386"}],"curies":[{"name":"wp","href":"https:\/\/api.w.org\/{rel}","templated":true}]}}