{"id":388,"date":"2017-06-16T07:44:49","date_gmt":"2017-06-16T05:44:49","guid":{"rendered":"http:\/\/5.45.101.177\/haut-allier\/usagers-transportse\/index.php\/2017\/06\/16\/les-retards-sncf-c-est-de-la-faute388\/"},"modified":"2017-06-16T07:44:49","modified_gmt":"2017-06-16T05:44:49","slug":"les-retards-sncf-c-est-de-la-faute388","status":"publish","type":"post","link":"https:\/\/usagers-transports.haut-allier.eu\/index.php\/2017\/06\/16\/les-retards-sncf-c-est-de-la-faute388\/","title":{"rendered":"Les retards SNCF ? C&rsquo;est de la faute des voyageurs !"},"content":{"rendered":"<p>Ce matin on a atteint le sommet du ridicule lorsqu&rsquo;un directeur SNCF explique en gare de Toulouse que les retards des trains sont dus aux usagers arrivant \u00e0 l&rsquo;heure moins 30 secondes.<br \/>\n&nbsp;<br \/>\nLa SNCF tente de masquer une nouvelle fois son incomp\u00e9tence et ouvre encore une fois le parapluie. Les pauvres conducteurs de trains victimes de leurs s\u00e9quences de fermeture des portes ? <strong>La cons\u00e9quence est qu&rsquo;ils vont fermer les portes des trains DEUX minutes avant le d\u00e9part<\/strong>. Pour que ces Messieurs appuient tranquillement sur leurs boutons sans \u00eatre emmer&#8230; par ces cr\u00e9tins de voyageurs.<br \/>\n&nbsp;<br \/>\nCelle l\u00e0 ils ne nous l&rsquo;avaient jamais faite. Lisez ci dessous, c&rsquo;\u00e9tait sur France Bleu Toulouse ce vendredi 16 juin \u00e0 7 heures.<br \/>\n&nbsp;<\/p>\n<p>[(<br \/>\n<strong>11\u00a0% des trains arrivent en retard en Occitanie.<\/strong><br \/>\n&nbsp;<br \/>\nLa SNCF se lance donc un d\u00e9fi\u00a0: faire partir ses trains \u00e0 l&rsquo;heure. Depuis lundi dernier pendant deux semaines elle m\u00e8ne une op\u00e9ration top d\u00e9part surtout \u00e0 destination des TER en gare de Toulouse Matabiau. \u00c7a veut dire que les portes des wagons des trains ferment deux minutes avant le d\u00e9part parce que un seul train qui part en retard et bien \u00e7a entra\u00eene forc\u00e9ment un effet domino comme l&rsquo;explique Laurent Giraud le directeur adjoint des TER Occitanie.<br \/>\n&nbsp;<br \/>\n<em>\u00ab\u00a0C&rsquo;est une gare qui est en \u00e9toile et qui distribue l&rsquo;ensemble des lignes r\u00e9gionales. Donc on a une quarantaine de trains qui partent chaque jour entre 16 heures 30 et 19 heures, et l&rsquo;int\u00e9r\u00eat c&rsquo;est de s&rsquo;assurer que ces trains soient vraiment ponctuels au d\u00e9part de Matabiau. Alors quand je dis ponctuels c&rsquo;est qu&rsquo;ils partent \u00e0 la minute pr\u00e8s, voire \u00e0 la seconde pr\u00e8s. Parce que derri\u00e8re \u00e7a diffuse sur un&#8230; un capillaire qui est tr\u00e8s vari\u00e9 avec des voies unique et des doubles voies. Et sur les voies uniques d\u00e8s qu&rsquo;il y a un retard de train \u00e7a peut engager par cascade des retards d&rsquo;autres trains. L&rsquo;objectif c&rsquo;est d&rsquo;y associer notre client\u00e8le en disant\u00a0: soyez pr\u00eats \u00e0 l&#8217;embarquement euh&#8230; pour faire en sorte qu&rsquo;il n&rsquo;y ait pas de rupture dans nos s\u00e9quences d\u00e9part \u00e0 nous.parce qu&rsquo;un client qui arrive en courant sur un quai \u00e0 H moins 20 secondes ou H moins 15 secondes normalement notre s\u00e9quence&#8230; on a d\u00e9j\u00e0 engag\u00e9 la s\u00e9quence de fermeture de portes. Il faut reprendre la s\u00e9quence de fermetures de portes, et ouvrir les portes&#8230; voil\u00e0 on a vite perdu 30 secondes une minute, et en cascade \u00e7a peut enclencher beaucoup de retards sur nos voies.\u00a0\u00bb<\/em><br \/>\n&nbsp;<br \/>\nAlors cette op\u00e9ration concerne les lignes qui vont vers l&rsquo;Ari\u00e8ge, celles vers le Gers et aussi les lignes de trains du quart nord est du d\u00e9partement.<br \/>\n&nbsp;<\/p>\n<p>)]<\/p>\n<p>&nbsp;<br \/>\nEt le petit Monsieur Giraud, soldat de la direction P\u00e9pesque en remet une couche et s&rsquo;enfonce lamentablement le m\u00eame jour dans le journal de 12 heures de France 3 Occitanie Midi Pyr\u00e9n\u00e9es :<br \/>\n&nbsp;<\/p>\n<p>[(<br \/>\n<em>\u00ab\u00a0L&rsquo;objectif c&rsquo;est de travailler avec nos clients pour les informer qu&rsquo;on veut plus les voir courir sur le quai deux minutes avant, un client comme vous et moi s&rsquo;il a rien \u00e0 faire dans la gare il va s&rsquo;organiser pour faire en sorte qu&rsquo;il arrive \u00e0 H moins 3 seconde et prendre son train. C&rsquo;est l&rsquo;id\u00e9al. Sauf que nous \u00e7a nous perturbe dans notre s\u00e9quence d\u00e9part, et on veut plus \u00eatre perturb\u00e9.\u00a0\u00bb<\/em><br \/>\n)]<\/p>\n<p>&nbsp;<br \/>\nLes pauvres agents sont perturb\u00e9s&#8230; Qu&rsquo;ils changent de m\u00e9tier !<br \/>\n&nbsp;<\/p>\n<p><strong>Vivement les trains sans conducteurs ni agents, au moins eux partiront et fermeront leurs portes \u00e0 l&rsquo;heure dite !<\/strong><\/p>\n","protected":false},"excerpt":{"rendered":"<p>Ce matin on a atteint le sommet du ridicule lorsqu&rsquo;un directeur SNCF explique en gare de Toulouse que<\/p>\n","protected":false},"author":1,"featured_media":2174,"comment_status":"closed","ping_status":"open","sticky":false,"template":"","format":"standard","meta":{"footnotes":""},"categories":[3],"tags":[],"class_list":["post-388","post","type-post","status-publish","format-standard","has-post-thumbnail","hentry","category-en-train"],"_links":{"self":[{"href":"https:\/\/usagers-transports.haut-allier.eu\/index.php\/wp-json\/wp\/v2\/posts\/388","targetHints":{"allow":["GET"]}}],"collection":[{"href":"https:\/\/usagers-transports.haut-allier.eu\/index.php\/wp-json\/wp\/v2\/posts"}],"about":[{"href":"https:\/\/usagers-transports.haut-allier.eu\/index.php\/wp-json\/wp\/v2\/types\/post"}],"author":[{"embeddable":true,"href":"https:\/\/usagers-transports.haut-allier.eu\/index.php\/wp-json\/wp\/v2\/users\/1"}],"replies":[{"embeddable":true,"href":"https:\/\/usagers-transports.haut-allier.eu\/index.php\/wp-json\/wp\/v2\/comments?post=388"}],"version-history":[{"count":0,"href":"https:\/\/usagers-transports.haut-allier.eu\/index.php\/wp-json\/wp\/v2\/posts\/388\/revisions"}],"wp:featuredmedia":[{"embeddable":true,"href":"https:\/\/usagers-transports.haut-allier.eu\/index.php\/wp-json\/wp\/v2\/media\/2174"}],"wp:attachment":[{"href":"https:\/\/usagers-transports.haut-allier.eu\/index.php\/wp-json\/wp\/v2\/media?parent=388"}],"wp:term":[{"taxonomy":"category","embeddable":true,"href":"https:\/\/usagers-transports.haut-allier.eu\/index.php\/wp-json\/wp\/v2\/categories?post=388"},{"taxonomy":"post_tag","embeddable":true,"href":"https:\/\/usagers-transports.haut-allier.eu\/index.php\/wp-json\/wp\/v2\/tags?post=388"}],"curies":[{"name":"wp","href":"https:\/\/api.w.org\/{rel}","templated":true}]}}