{"id":389,"date":"2017-06-26T16:19:31","date_gmt":"2017-06-26T14:19:31","guid":{"rendered":"http:\/\/5.45.101.177\/haut-allier\/usagers-transportse\/index.php\/2017\/06\/26\/une-occitanie-en-pointe-sur-le389\/"},"modified":"2017-06-26T16:19:31","modified_gmt":"2017-06-26T14:19:31","slug":"une-occitanie-en-pointe-sur-le389","status":"publish","type":"post","link":"https:\/\/usagers-transports.haut-allier.eu\/index.php\/2017\/06\/26\/une-occitanie-en-pointe-sur-le389\/","title":{"rendered":"Une Occitanie en pointe sur le ferroviaire et une \u00e9quipe Wauquiez en AURA \u00e0 la ramasse"},"content":{"rendered":"<p>Quel contraste&#8230;<br \/>\n&nbsp;<br \/>\n<strong>Adieu Monsieur Z\u00e9ro !<\/strong><br \/>\n&nbsp;<br \/>\nAlors que feu le d\u00e9l\u00e9gu\u00e9 aux transports en Auvergne Rh\u00f4ne Alpes Patrick Mignola, a quitt\u00e9 le navire Wauquiez, les d\u00e9fenseurs des transports publics en Auvergne voudraient pour son d\u00e9part lui adresser tous leurs voeux de ne plus jamais le revoir \u00e0 ce poste. Nous nous souviendrons de son action auvergnate durant un an et demi : elle a \u00e9t\u00e9 \u00e9gale \u00e0 un triple Z\u00e9ro. En visite une seule fois \u00e0 Clermont-Ferrand et en Auvergne sous sa mandature, sourd obtus aux courriers des associations, injoignable et initiateur de rien, c&rsquo;est dire l&rsquo;int\u00e9r\u00eat que le d\u00e9sormais d\u00e9put\u00e9 de Savoie lui portait.<br \/>\n&nbsp;<br \/>\nLe prochain d\u00e9l\u00e9gu\u00e9 transports, qui ne se pr\u00e9cipite pas au poste c&rsquo;est le moins qu&rsquo;on puisse dire, n&rsquo;est toujours pas nomm\u00e9. On le sait, le Wau se fiche bien des d\u00e9placements publics et leur pr\u00e9f\u00e8re l&rsquo;automobile individuelle. D&rsquo;ailleurs aucun empressement non plus sur le site Internet officiel de la r\u00e9gion o\u00f9 rien n&rsquo;a boug\u00e9, l&rsquo;absent Mignola est toujours l\u00e0.<br \/>\n&nbsp;<br \/>\n<strong>Pendant ce temps Carole Delga soutient l&rsquo;Intercit\u00e9s C\u00e9venol<\/strong><br \/>\n&nbsp;<br \/>\nEt veut le r\u00e9tablir comme promis lors des Etats g\u00e9n\u00e9raux du Rail entre Paris et Marseille, ses anciens terminus. Devant l&rsquo;absence de proposition de la r\u00e9gion AURA qui est aussi travers\u00e9e par ce train, la r\u00e9gion Occitanie a du pour le sauver, le prendre en charge sur tout son parcours. Une premi\u00e8re. Voici la derni\u00e8re d\u00e9claration de sa pr\u00e9sidente dat\u00e9e d&rsquo;aujourd&rsquo;hui, elle revient sur l&rsquo;accord \u00e9tat \/ r\u00e9gion qui a \u00e9t\u00e9 conclu en avril 2017 :<br \/>\n&nbsp;<br \/>\n<em>\u00ab Le C\u00e9venol repr\u00e9sente, avec l&rsquo;Aubrac (B\u00e9ziers-Clermont-Ferrand), une liaison embl\u00e9matique, d&rsquo;utilit\u00e9 publique et de d\u00e9senclavement du territoire pour ses habitants. A partir de 2018, la R\u00e9gion va reprendre en main l&rsquo;avenir de cette ligne. Nous allons lui redonner de l&rsquo;allant, avec de nouveaux investissements, du mat\u00e9riel neuf et l&rsquo;objectif de r\u00e9tablir une liaison \u00e0 la fois vers Paris et vers Marseille. \u00bb<\/em><br \/>\n&nbsp;<br \/>\n<strong>Festivit\u00e9s le 1 et 2 juillet<\/strong><br \/>\n&nbsp;<br \/>\nNous vous l&rsquo;<a href=\"http:\/\/usagers-transports.haut-allier.eu\/?il-y-a-150-ans-l-ouverture-de-la,357\"><strong>annoncions d\u00e8s janvier<\/strong><\/a>, \u00e0 l&rsquo;occasion des 150 ans de la cr\u00e9ation de la ligne Clermont N\u00eemes, ou plus exactement du tron\u00e7on Al\u00e8s \/ Labastide Saint-Laurent les Bains, des festivit\u00e9s auront lieu le 1er et le 2  juillet \u00e0 Chamborigaud organis\u00e9es par la municipalit\u00e9. En voici le programme :<br \/>\n&nbsp;<br \/>\n12h21 : d\u00e9part en train de la Gare de N\u00eemes.<br \/>\n&nbsp;<br \/>\n13h27 : arriv\u00e9e \u00e0 Chamborigaud avec<br \/>\n&#8211;  pr\u00e9sentation d&rsquo;une machine \u00e0 vapeur,<br \/>\n&#8211;  d\u00e9part pour le viaduc de Chamborigaud en minibus et d\u00e9voilement de la plaque du 150e anniversaire,<br \/>\n&#8211;  retour au c\u0153ur du village pour assister aux discours et r\u00e9union publique.<\/p>\n<p>&nbsp;<br \/>\n<strong>Le billet \u00e0 destination de la f\u00eate \u00e0 2 euros !<\/strong><br \/>\n&nbsp;<br \/>\nLa SNCF met en place une offre sp\u00e9ciale avec TER et la R\u00e9gion Occitanie Pyr\u00e9n\u00e9es-M\u00e9diterran\u00e9e pour vous rendre au 150\u00e8me anniversaire du Viaduc de Chamborigaud.<br \/>\n&nbsp;<br \/>\n*Offre exclusivement disponible en ligne. Billet non \u00e9changeable et non remboursable.<br \/>\n&nbsp;<br \/>\n2 possibilit\u00e9s :<br \/>\n&nbsp;<br \/>\n&#8211; Un aller le 1er juillet pour un retour le 1er juillet ou dans la nuit du 2 juillet \u00e0 00h15 ou 00h50 (attention : ces deux trains ne seront accessibles qu&rsquo;avec cette offre)<br \/>\n&#8211; Un aller-retour le 2 juillet  <\/p>\n<p>&nbsp;<br \/>\nBillet en provenance de Langogne, Luc, Mende, Bagnols-Chadenet, Allenc, Belvezet, Chasserad\u00e8s, La Bastide-St-Laurent, Villefort, G\u00e9nolhac, Ste-C\u00e9cile-d&rsquo;Andorge, La Levade, Grand-Combe-La-Pise, Al\u00e8s, Boucoiran, Nozi\u00e8res &#8211; Brignon, St-Geni\u00e8s-de-Malgoir\u00e8s, Fons-St-Mamert, ou N\u00eemes, et \u00e0 destination de Chamborigaud.<br \/>\n&nbsp;<\/p>\n<p><strong>Le programme complet <\/strong><br \/>\n&nbsp;<\/p>\n<p><em>Vendredi 30 juin 2017 :<\/em><\/p>\n<p>&#8211; 17h00 : Projection de diaporama sur le 100\u00e8me anniversaire du Viaduc (in\u00e9dit par Jacky DEDET) au foyer rural.<br \/>\n&#8211; 17h30 : Organis\u00e9 par le CER Montpellier, projection sur nos lignes de chemin de fer suivi d\u2019un d\u00e9bat public au foyer rural.<\/p>\n<p><em>Samedi 1er juillet 2017 :<\/em><\/p>\n<p>&#8211; 9h30 : Ouverture du foyer rural, exposition mod\u00e9lisme ferroviaire, photos, peintures. Devant le foyer rural, Evelyne et Daniel nous feront d\u00e9couvrir leurs talents de peintre, ils cr\u00e9eront devant nous une magnifique fresque.<\/p>\n<p>&nbsp;<br \/>\nTout au long de la journ\u00e9e : Un train touristique sur route vous fera d\u00e9couvrir notre village. Des cal\u00e8ches et des poneys vous feront faire de petits tours. En gare vous aurez la possibilit\u00e9 d\u2019admirer la machine \u00e0 vapeur, 141R, enti\u00e8rement r\u00e9nov\u00e9e par les amis du mus\u00e9e du train de N\u00eemes. Animations musicales d\u00e9ambulatoires. Nombreux stands avec des souvenirs. Sous chapiteau, projection de plusieurs diaporamas sur la ligne des C\u00e9vennes et des films priv\u00e9s (r\u00e9alisation Jacky DEDET). Premi\u00e8re projection vers 10h30.<\/p>\n<p>&#8211; 11h00 : Ap\u00e9ritif musical suivi d\u2019un repas champ\u00eatre. (Inscription en mairie au 04.66.61.47.36 ou sur place le jour m\u00eame au parc municipal).<\/p>\n<p>&#8211; 15h00 : Discours diverses personnalit\u00e9s. Puis Farandoleurs N\u00eemois. D\u00e9bat public avec les \u00e9lus de la r\u00e9gion Occitanie, Animations musicales, Ap\u00e9ritif<\/p>\n<p>&#8211; 19h30 : Repas champ\u00eatre (inscription au parc municipal).<\/p>\n<p>&#8211; 22h15 : Spectacle son et lumi\u00e8re au pied du Viaduc (vous devrez vous y rendre \u00e0 pied, circulation interdite tout le week-end).<\/p>\n<p>&nbsp;<br \/>\n<em>Dimanche 2 juillet :<\/em><\/p>\n<p>&#8211; 9h00 : Ouverture des expositions (mod\u00e9lisme ferroviaire, photos, peinture\u2026) : March\u00e9 artisanal, produits du terroir. Randonn\u00e9e p\u00e9destre autour du Viaduc.<\/p>\n<p>&#8211; 10h00 : concours de p\u00e9tanque t\u00eate \u00e0 t\u00eate 80\u20ac. Puis Groupe les Boulega\u00efres. Country cheminote N\u00eemoise.<\/p>\n<p>&#8211; 12h00 : Ap\u00e9ritif musical.<\/p>\n<p>&#8211; 15h00: Concours de p\u00e9tanque doublette 200\u20ac + mises \u201cchallenge du viaduc\u201d<\/p>\n","protected":false},"excerpt":{"rendered":"<p>Quel contraste&#8230; &nbsp; Adieu Monsieur Z\u00e9ro ! &nbsp; Alors que feu le d\u00e9l\u00e9gu\u00e9 aux transports en Auvergne Rh\u00f4ne<\/p>\n","protected":false},"author":1,"featured_media":2175,"comment_status":"closed","ping_status":"open","sticky":false,"template":"","format":"standard","meta":{"footnotes":""},"categories":[3],"tags":[],"class_list":["post-389","post","type-post","status-publish","format-standard","has-post-thumbnail","hentry","category-en-train"],"_links":{"self":[{"href":"https:\/\/usagers-transports.haut-allier.eu\/index.php\/wp-json\/wp\/v2\/posts\/389","targetHints":{"allow":["GET"]}}],"collection":[{"href":"https:\/\/usagers-transports.haut-allier.eu\/index.php\/wp-json\/wp\/v2\/posts"}],"about":[{"href":"https:\/\/usagers-transports.haut-allier.eu\/index.php\/wp-json\/wp\/v2\/types\/post"}],"author":[{"embeddable":true,"href":"https:\/\/usagers-transports.haut-allier.eu\/index.php\/wp-json\/wp\/v2\/users\/1"}],"replies":[{"embeddable":true,"href":"https:\/\/usagers-transports.haut-allier.eu\/index.php\/wp-json\/wp\/v2\/comments?post=389"}],"version-history":[{"count":0,"href":"https:\/\/usagers-transports.haut-allier.eu\/index.php\/wp-json\/wp\/v2\/posts\/389\/revisions"}],"wp:featuredmedia":[{"embeddable":true,"href":"https:\/\/usagers-transports.haut-allier.eu\/index.php\/wp-json\/wp\/v2\/media\/2175"}],"wp:attachment":[{"href":"https:\/\/usagers-transports.haut-allier.eu\/index.php\/wp-json\/wp\/v2\/media?parent=389"}],"wp:term":[{"taxonomy":"category","embeddable":true,"href":"https:\/\/usagers-transports.haut-allier.eu\/index.php\/wp-json\/wp\/v2\/categories?post=389"},{"taxonomy":"post_tag","embeddable":true,"href":"https:\/\/usagers-transports.haut-allier.eu\/index.php\/wp-json\/wp\/v2\/tags?post=389"}],"curies":[{"name":"wp","href":"https:\/\/api.w.org\/{rel}","templated":true}]}}