{"id":390,"date":"2017-06-30T09:34:27","date_gmt":"2017-06-30T07:34:27","guid":{"rendered":"http:\/\/5.45.101.177\/haut-allier\/usagers-transportse\/index.php\/2017\/06\/30\/visitez-les-gorges-sauvages-de-l390\/"},"modified":"2026-09-01T15:54:13","modified_gmt":"2026-09-01T13:54:13","slug":"visitez-les-gorges-sauvages-de-l390","status":"publish","type":"post","link":"https:\/\/usagers-transports.haut-allier.eu\/index.php\/2017\/06\/30\/visitez-les-gorges-sauvages-de-l390\/","title":{"rendered":"Visitez les Gorges Sauvages de l&rsquo;Allier en train !"},"content":{"rendered":"Un nouveau guide est disponible, \u00e9dit\u00e9 par le site Alleyras Capitale et le Collectif des Usagers des Transports du Haut Allier. C&rsquo;est un guide pratique, succinct, sur l&rsquo;essentiel de ce qu&rsquo;il faut savoir pour pr\u00e9parer sa venue. Au menu : les divers contacts essentiels, les horaires de la ligne ferroviaire \u00e0 partir du 1er juillet 2017, une carte, l&rsquo;agenda des festivit\u00e9s, les endroits o\u00f9 se restaurer et o\u00f9 se poser, un historique de la voie romaine Via Bolena, un extrait des fiches topoguide du sentier de grande randonn\u00e9e GR470 qui court d&rsquo;Alleyras \u00e0 Chapeauroux, etc.\n&nbsp;\nLe guide est dispo en t\u00e9l\u00e9chargement ci-dessous :\n&nbsp;\n<a href=\"http:\/\/5.45.101.177\/haut-allier\/usagers-transportse\/wp-content\/uploads\/2017\/06\/visitez-les-gorges-sauvages-de-l-allier-en_train-2017.pdf\">visitez-les-gorges-sauvages-de-l-allier-en_train-2017.pdf<\/a>\n&nbsp;\n<strong>Autre version du guide<\/strong>\n&nbsp;\nVous trouverez aussi cet \u00e9t\u00e9 dans les restaurants de la r\u00e9gion un des 50 000 sets de table que nous avons imprim\u00e9 pour promouvoir les gorges sauvages, Alleyras et la ligne du train C\u00e9venol. Il se plie en accord\u00e9on pour former lui aussi un d\u00e9pliant qui sera appr\u00e9ci\u00e9, nous l&rsquo;esp\u00e9rons.\n&nbsp;\n<img loading=\"lazy\" decoding=\"async\" class=\" aligncenter size-full wp-image-2178\" src=\"http:\/\/5.45.101.177\/haut-allier\/usagers-transportse\/wp-content\/uploads\/2017\/06\/alleyras-00-s3-sm-RECTO-800.jpg\" alt=\"alleyras-00-s3-sm-RECTO-800.jpg\" align=\"center\" width=\"800\" height=\"568\" srcset=\"https:\/\/usagers-transports.haut-allier.eu\/wp-content\/uploads\/2017\/06\/alleyras-00-s3-sm-RECTO-800.jpg 800w, https:\/\/usagers-transports.haut-allier.eu\/wp-content\/uploads\/2017\/06\/alleyras-00-s3-sm-RECTO-800-300x213.jpg 300w, https:\/\/usagers-transports.haut-allier.eu\/wp-content\/uploads\/2017\/06\/alleyras-00-s3-sm-RECTO-800-768x545.jpg 768w\" sizes=\"auto, (max-width: 800px) 100vw, 800px\" \/><p>&nbsp;<\/p>\n\n\t<figure class=\"wp-block-gallery columns-1 is-cropped wp-block-gallery-1 is-layout-flex wp-block-gallery-is-layout-flex\">\n\t\t<ul class=\"blocks-gallery-grid\">\n\t\t\t<li class=\"blocks-gallery-item\">\n\t\t\t\t<figure>\n\t\t\t\t\t\t\t\t\t\t\t<img loading=\"lazy\" decoding=\"async\" width=\"141\" height=\"400\" src=\"http:\/\/5.45.101.177\/haut-allier\/usagers-transportse\/wp-content\/uploads\/2017\/06\/visitez-les-gorges-sauvages-de-l-allier-en_train-2017-page1-400.jpg\"\n\t\t\t\t\t\t alt=\"visitez-les-gorges-sauvages-de-l-allier-en_train-2017-page1-400.jpg\"\n\t\t\t\t\t\t data-id=\"2179\"\n\t\t\t\t\t\t data-full-url=\"http:\/\/5.45.101.177\/haut-allier\/usagers-transportse\/wp-content\/uploads\/2017\/06\/visitez-les-gorges-sauvages-de-l-allier-en_train-2017-page1-400.jpg\"\n\t\t\t\t\t\t data-link=\"http:\/\/5.45.101.177\/haut-allier\/usagers-transportse\/attachment-visitez-les-gorges-sauvages-de-l-allier-en_train-2017-page1-400-jpg\/\"\n\t\t\t\t\t\t class=\"wp-image-2179\" srcset=\"https:\/\/usagers-transports.haut-allier.eu\/wp-content\/uploads\/2017\/06\/visitez-les-gorges-sauvages-de-l-allier-en_train-2017-page1-400.jpg 141w, https:\/\/usagers-transports.haut-allier.eu\/wp-content\/uploads\/2017\/06\/visitez-les-gorges-sauvages-de-l-allier-en_train-2017-page1-400-106x300.jpg 106w\" sizes=\"auto, (max-width: 141px) 100vw, 141px\" \/>\n\t\t\t\t<\/figure>\n\t\t\t<\/li>\n\t\t<\/ul>\n\t<\/figure>\n","protected":false},"excerpt":{"rendered":"<p>Un nouveau guide est disponible, \u00e9dit\u00e9 par le site Alleyras Capitale et le Collectif des Usagers des Transports<\/p>\n","protected":false},"author":1,"featured_media":2176,"comment_status":"closed","ping_status":"open","sticky":false,"template":"","format":"standard","meta":{"footnotes":""},"categories":[3],"tags":[],"class_list":["post-390","post","type-post","status-publish","format-standard","has-post-thumbnail","hentry","category-en-train"],"_links":{"self":[{"href":"https:\/\/usagers-transports.haut-allier.eu\/index.php\/wp-json\/wp\/v2\/posts\/390","targetHints":{"allow":["GET"]}}],"collection":[{"href":"https:\/\/usagers-transports.haut-allier.eu\/index.php\/wp-json\/wp\/v2\/posts"}],"about":[{"href":"https:\/\/usagers-transports.haut-allier.eu\/index.php\/wp-json\/wp\/v2\/types\/post"}],"author":[{"embeddable":true,"href":"https:\/\/usagers-transports.haut-allier.eu\/index.php\/wp-json\/wp\/v2\/users\/1"}],"replies":[{"embeddable":true,"href":"https:\/\/usagers-transports.haut-allier.eu\/index.php\/wp-json\/wp\/v2\/comments?post=390"}],"version-history":[{"count":1,"href":"https:\/\/usagers-transports.haut-allier.eu\/index.php\/wp-json\/wp\/v2\/posts\/390\/revisions"}],"predecessor-version":[{"id":2180,"href":"https:\/\/usagers-transports.haut-allier.eu\/index.php\/wp-json\/wp\/v2\/posts\/390\/revisions\/2180"}],"wp:featuredmedia":[{"embeddable":true,"href":"https:\/\/usagers-transports.haut-allier.eu\/index.php\/wp-json\/wp\/v2\/media\/2176"}],"wp:attachment":[{"href":"https:\/\/usagers-transports.haut-allier.eu\/index.php\/wp-json\/wp\/v2\/media?parent=390"}],"wp:term":[{"taxonomy":"category","embeddable":true,"href":"https:\/\/usagers-transports.haut-allier.eu\/index.php\/wp-json\/wp\/v2\/categories?post=390"},{"taxonomy":"post_tag","embeddable":true,"href":"https:\/\/usagers-transports.haut-allier.eu\/index.php\/wp-json\/wp\/v2\/tags?post=390"}],"curies":[{"name":"wp","href":"https:\/\/api.w.org\/{rel}","templated":true}]}}