{"id":392,"date":"2017-07-03T12:37:17","date_gmt":"2017-07-03T10:37:17","guid":{"rendered":"http:\/\/5.45.101.177\/haut-allier\/usagers-transportse\/index.php\/2017\/07\/03\/translozerien-rencontre-a-allenc392\/"},"modified":"2017-07-03T12:37:17","modified_gmt":"2017-07-03T10:37:17","slug":"translozerien-rencontre-a-allenc392","status":"publish","type":"post","link":"https:\/\/usagers-transports.haut-allier.eu\/index.php\/2017\/07\/03\/translozerien-rencontre-a-allenc392\/","title":{"rendered":"Transloz\u00e9rien : rencontre \u00e0 Allenc le 23 juillet 2017"},"content":{"rendered":"<p>Une rencontre d\u00e9bat sur ce train de Loz\u00e8re qui relie la ligne Clermont Ferrand \/ Neussargues \/B\u00e9ziers \u00e0 la ligne des C\u00e9vennes Clermont-Ferrand N\u00eemes, en passant par la gare de Mende. Une gare qui ressemble actuellement plus \u00e0 un arr\u00eat de bus qu&rsquo;\u00e0 une station ferroviaire.<br \/>\n&nbsp;<br \/>\n<strong>Le transloz\u00e9rien hier, aujourd&rsquo;hui et demain.<\/strong><br \/>\n&nbsp;<br \/>\nManifestation anim\u00e9e par R. Diet et D. Maurin.<br \/>\n&nbsp;<br \/>\n<strong>C&rsquo;est le dimanche 23 juillet \u00e0 14 heurs 30<br \/>\n\u00e0 la salle communale d&rsquo;Allenc (48)<br \/>\nOrganis\u00e9 par la municipalit\u00e9.<\/strong><br \/>\n &nbsp;<br \/>\n<img loading=\"lazy\" decoding=\"async\" class=\" aligncenter size-full wp-image-2185\" src=\"http:\/\/5.45.101.177\/haut-allier\/usagers-transportse\/wp-content\/uploads\/2017\/07\/allec23072017.jpg\" alt=\"allec23072017.jpg\" align=\"center\" width=\"532\" height=\"708\" srcset=\"https:\/\/usagers-transports.haut-allier.eu\/wp-content\/uploads\/2017\/07\/allec23072017.jpg 532w, https:\/\/usagers-transports.haut-allier.eu\/wp-content\/uploads\/2017\/07\/allec23072017-225x300.jpg 225w\" sizes=\"auto, (max-width: 532px) 100vw, 532px\" \/><\/p>\n","protected":false},"excerpt":{"rendered":"<p>Une rencontre d\u00e9bat sur ce train de Loz\u00e8re qui relie la ligne Clermont Ferrand \/ Neussargues \/B\u00e9ziers \u00e0<\/p>\n","protected":false},"author":1,"featured_media":2184,"comment_status":"closed","ping_status":"open","sticky":false,"template":"","format":"standard","meta":{"footnotes":""},"categories":[3],"tags":[],"class_list":["post-392","post","type-post","status-publish","format-standard","has-post-thumbnail","hentry","category-en-train"],"_links":{"self":[{"href":"https:\/\/usagers-transports.haut-allier.eu\/index.php\/wp-json\/wp\/v2\/posts\/392","targetHints":{"allow":["GET"]}}],"collection":[{"href":"https:\/\/usagers-transports.haut-allier.eu\/index.php\/wp-json\/wp\/v2\/posts"}],"about":[{"href":"https:\/\/usagers-transports.haut-allier.eu\/index.php\/wp-json\/wp\/v2\/types\/post"}],"author":[{"embeddable":true,"href":"https:\/\/usagers-transports.haut-allier.eu\/index.php\/wp-json\/wp\/v2\/users\/1"}],"replies":[{"embeddable":true,"href":"https:\/\/usagers-transports.haut-allier.eu\/index.php\/wp-json\/wp\/v2\/comments?post=392"}],"version-history":[{"count":0,"href":"https:\/\/usagers-transports.haut-allier.eu\/index.php\/wp-json\/wp\/v2\/posts\/392\/revisions"}],"wp:featuredmedia":[{"embeddable":true,"href":"https:\/\/usagers-transports.haut-allier.eu\/index.php\/wp-json\/wp\/v2\/media\/2184"}],"wp:attachment":[{"href":"https:\/\/usagers-transports.haut-allier.eu\/index.php\/wp-json\/wp\/v2\/media?parent=392"}],"wp:term":[{"taxonomy":"category","embeddable":true,"href":"https:\/\/usagers-transports.haut-allier.eu\/index.php\/wp-json\/wp\/v2\/categories?post=392"},{"taxonomy":"post_tag","embeddable":true,"href":"https:\/\/usagers-transports.haut-allier.eu\/index.php\/wp-json\/wp\/v2\/tags?post=392"}],"curies":[{"name":"wp","href":"https:\/\/api.w.org\/{rel}","templated":true}]}}