{"id":393,"date":"2017-07-19T18:52:55","date_gmt":"2017-07-19T16:52:55","guid":{"rendered":"http:\/\/5.45.101.177\/haut-allier\/usagers-transportse\/index.php\/2017\/07\/19\/la-gare-sncf-d-alleyras-toujours393\/"},"modified":"2017-07-19T18:52:55","modified_gmt":"2017-07-19T16:52:55","slug":"la-gare-sncf-d-alleyras-toujours393","status":"publish","type":"post","link":"https:\/\/usagers-transports.haut-allier.eu\/index.php\/2017\/07\/19\/la-gare-sncf-d-alleyras-toujours393\/","title":{"rendered":"La gare SNCF d&rsquo;Alleyras toujours hors normes en 2017&#8230;"},"content":{"rendered":"<p>Cela fait pr\u00e8s de 8 ans que nous demandons la r\u00e9fection totale de la halte ferroviaire de Pont d&rsquo;Alleyras. Cela fait 8 ans que pour toute r\u00e9ponse aux attentes des usagers du haut Allier ce n&rsquo;est que le d\u00e9dain de la division Gares et Connexions de la direction SNCF r\u00e9gionale.<br \/>\n&nbsp;<br \/>\nRappelons que nos quais sont \u00e0 l&rsquo;abandon, leur rev\u00eatement est compl\u00e8tement HS et l&rsquo;herbe doit \u00eatre coup\u00e9e p\u00e9riodiquement tant elle est envahissante. <strong>Nous exigeons leur r\u00e9fection<\/strong>.<br \/>\n&nbsp;<br \/>\nRappelons que l&rsquo;\u00e9clairage date du d\u00e9but des ann\u00e9es 1900 support\u00e9 par des poteaux (? plut\u00f4t de vielles poutres IPN d&rsquo;avant guerre) rouill\u00e9s et une alimentation \u00e9lectrique bricol\u00e9e. <strong>Nous exigeons un \u00e9clairage jaune conforme aux recommandations<\/strong> \u00e9cologiques pour \u00e9viter la mort de milliers d&rsquo;insectes la nuit ainsi que de nouveaux lampadaires. Nous sommes en zone Natura 2000.<br \/>\n&nbsp;<br \/>\nRappelons que l&rsquo;acc\u00e8s handicap\u00e9s au quai est inexistant puisque constitu\u00e9 par une mont\u00e9e en sentier herbeux d&rsquo;une largeur de 50 cms qui d\u00e9bouche sur l&rsquo;unique quai pourvu d&rsquo;un rev\u00eatement terreux ou inexistant.<strong> Nous exigeons la mise aux normes handicap\u00e9s de la halte d&rsquo;Alleyras.<\/strong><br \/>\n&nbsp;<br \/>\n<strong>Et aux trains aussi !<\/strong><br \/>\n&nbsp;<br \/>\nCe matin 19 juillet ce vacancier en fauteuil roulant se faisait une joie avec sa compagne et sa petite fille de prendre le train touristique qui allait \u00e0 Langogne. Il ne put le faire. Monter dans le train \u00e9tait impossible, la diff\u00e9rence de niveau entre le quai et la porte \u00e9tait trop importante. De plus la gare est inclin\u00e9e en courbe, ce qui accentue la hauteur \u00e0 franchir. Le contr\u00f4leur du train lui recommanda d&rsquo;aller \u00e0 Langeac, une gare adapt\u00e9e aux handicap\u00e9s selon ses dires. Une heure de route suppl\u00e9mentaire pour satisfaire ces messieurs de la SNCF. Nous lui avons plut\u00f4t conseill\u00e9 de t\u00e9l\u00e9phoner la veille au service TER afin qu&rsquo;il puisse pr\u00e9voir des aidants sur place, \u00e0 Alleyras.<br \/>\n&nbsp;<br \/>\n<em>Le train est parti laissant notre usager en plan. Et pour arriver sur ce semblant de quai il a du passer par une zone \u00ab\u00a0strictement interdite aux voyageurs\u00a0\u00bb<\/em><br \/>\n&nbsp;<br \/>\n<img loading=\"lazy\" decoding=\"async\" class=\" aligncenter size-full wp-image-2187\" src=\"http:\/\/5.45.101.177\/haut-allier\/usagers-transportse\/wp-content\/uploads\/2017\/07\/IMG_20170719_102353-800.jpg\" alt=\"IMG_20170719_102353-800.jpg\" align=\"center\" width=\"743\" height=\"800\" srcset=\"https:\/\/usagers-transports.haut-allier.eu\/wp-content\/uploads\/2017\/07\/IMG_20170719_102353-800.jpg 743w, https:\/\/usagers-transports.haut-allier.eu\/wp-content\/uploads\/2017\/07\/IMG_20170719_102353-800-279x300.jpg 279w\" sizes=\"auto, (max-width: 743px) 100vw, 743px\" \/><br \/>\n&nbsp;<br \/>\nNous venons d&rsquo;envoyer une lettre de protestation \u00e0 la direction SNCF.<\/p>\n","protected":false},"excerpt":{"rendered":"<p>Cela fait pr\u00e8s de 8 ans que nous demandons la r\u00e9fection totale de la halte ferroviaire de Pont<\/p>\n","protected":false},"author":1,"featured_media":2186,"comment_status":"open","ping_status":"open","sticky":false,"template":"","format":"standard","meta":{"footnotes":""},"categories":[3],"tags":[],"class_list":["post-393","post","type-post","status-publish","format-standard","has-post-thumbnail","hentry","category-en-train"],"_links":{"self":[{"href":"https:\/\/usagers-transports.haut-allier.eu\/index.php\/wp-json\/wp\/v2\/posts\/393","targetHints":{"allow":["GET"]}}],"collection":[{"href":"https:\/\/usagers-transports.haut-allier.eu\/index.php\/wp-json\/wp\/v2\/posts"}],"about":[{"href":"https:\/\/usagers-transports.haut-allier.eu\/index.php\/wp-json\/wp\/v2\/types\/post"}],"author":[{"embeddable":true,"href":"https:\/\/usagers-transports.haut-allier.eu\/index.php\/wp-json\/wp\/v2\/users\/1"}],"replies":[{"embeddable":true,"href":"https:\/\/usagers-transports.haut-allier.eu\/index.php\/wp-json\/wp\/v2\/comments?post=393"}],"version-history":[{"count":0,"href":"https:\/\/usagers-transports.haut-allier.eu\/index.php\/wp-json\/wp\/v2\/posts\/393\/revisions"}],"wp:featuredmedia":[{"embeddable":true,"href":"https:\/\/usagers-transports.haut-allier.eu\/index.php\/wp-json\/wp\/v2\/media\/2186"}],"wp:attachment":[{"href":"https:\/\/usagers-transports.haut-allier.eu\/index.php\/wp-json\/wp\/v2\/media?parent=393"}],"wp:term":[{"taxonomy":"category","embeddable":true,"href":"https:\/\/usagers-transports.haut-allier.eu\/index.php\/wp-json\/wp\/v2\/categories?post=393"},{"taxonomy":"post_tag","embeddable":true,"href":"https:\/\/usagers-transports.haut-allier.eu\/index.php\/wp-json\/wp\/v2\/tags?post=393"}],"curies":[{"name":"wp","href":"https:\/\/api.w.org\/{rel}","templated":true}]}}