{"id":395,"date":"2017-09-24T08:07:11","date_gmt":"2017-09-24T06:07:11","guid":{"rendered":"http:\/\/5.45.101.177\/haut-allier\/usagers-transportse\/index.php\/2017\/09\/24\/arret-du-train-intercites-cevenol395\/"},"modified":"2026-09-01T15:54:13","modified_gmt":"2026-09-01T13:54:13","slug":"arret-du-train-intercites-cevenol395","status":"publish","type":"post","link":"https:\/\/usagers-transports.haut-allier.eu\/index.php\/2017\/09\/24\/arret-du-train-intercites-cevenol395\/","title":{"rendered":"Arr\u00eat du train Intercit\u00e9s C\u00e9venol \u00e0 Alleyras : r\u00e9tabli jusqu&rsquo;au 29 octobre prochain"},"content":{"rendered":"<strong>Mais apr\u00e8s ?<\/strong>\n&nbsp;\nLa direction Intercit\u00e9s avait r\u00e9pondu favorablement \u00e0 notre demande de faire arr\u00eater le train Intercit\u00e9s Le C\u00e9venol \u00e0 Alleyras dans les gorges sauvages de l&rsquo;Allier durant les mois de juillet et ao\u00fbt pour 2017.\n&nbsp;\nLe 24 ao\u00fbt le collectif d&rsquo;usagers a adress\u00e9 un courrier de demande de p\u00e9rennisation toute l&rsquo;ann\u00e9e aupr\u00e8s de la SNCF.\n&nbsp;\n<img loading=\"lazy\" decoding=\"async\" class=\" aligncenter size-full wp-image-2190\" src=\"http:\/\/5.45.101.177\/haut-allier\/usagers-transportse\/wp-content\/uploads\/2017\/09\/lettre-sncf-jean-ghedira-24-aout-2017-arrets-cevenol-alleyras-r.jpg\" alt=\"lettre-sncf-jean-ghedira-24-aout-2017-arrets-cevenol-alleyras-r.jpg\" align=\"center\" width=\"561\" height=\"481\" srcset=\"https:\/\/usagers-transports.haut-allier.eu\/wp-content\/uploads\/2017\/09\/lettre-sncf-jean-ghedira-24-aout-2017-arrets-cevenol-alleyras-r.jpg 561w, https:\/\/usagers-transports.haut-allier.eu\/wp-content\/uploads\/2017\/09\/lettre-sncf-jean-ghedira-24-aout-2017-arrets-cevenol-alleyras-r-300x257.jpg 300w\" sizes=\"auto, (max-width: 561px) 100vw, 561px\" \/>\n&nbsp;\nLe m\u00eame jour le directeur Intercit\u00e9s nous r\u00e9pondait qu&rsquo;il \u00e9tudiait notre demande. A ce jour nous n&rsquo;avons pas encore de r\u00e9ponse officielle mais <strong>nous constatons sur les sites de r\u00e9servation et horaires SNCF que les arr\u00eats sont de retour depuis ce dimanche 24 septembre et jusqu&rsquo;au 29 octobre 2017<\/strong>. Bonne nouvelle ! Et apr\u00e8s nous direz vous ? Et bien on ne comprend pas pourquoi cet arr\u00eat fin octobre.\n&nbsp;\n<em>Horaires du dimanche 24\/09\/2017 <\/em> \n<img loading=\"lazy\" decoding=\"async\" class=\" aligncenter size-full wp-image-2191\" src=\"http:\/\/5.45.101.177\/haut-allier\/usagers-transportse\/wp-content\/uploads\/2017\/09\/joxi_screenshot_1506231718664.png\" alt=\"joxi_screenshot_1506231718664.png\" align=\"center\" width=\"588\" height=\"300\" srcset=\"https:\/\/usagers-transports.haut-allier.eu\/wp-content\/uploads\/2017\/09\/joxi_screenshot_1506231718664.png 588w, https:\/\/usagers-transports.haut-allier.eu\/wp-content\/uploads\/2017\/09\/joxi_screenshot_1506231718664-300x153.png 300w\" sizes=\"auto, (max-width: 588px) 100vw, 588px\" \/>\n&nbsp;\n<strong>Autre bonne nouvelle : La gare d&rsquo;Alleyras enfin nettoy\u00e9e de ses herbes !<\/strong>\n&nbsp;\nTout l&rsquo;\u00e9t\u00e9 elle faisait peine \u00e0 voir avec des v\u00e9g\u00e9tations atteignant parfois un m\u00e8tre sur les voies. Bonjour l&rsquo;accueil. Nettoyage et coupage depuis quelques jours. Juste avant l&rsquo;automne. Merci mais un peu trop tard quand m\u00eame. Constatez le r\u00e9sultat :\n&nbsp;\n<img loading=\"lazy\" decoding=\"async\" class=\" aligncenter size-full wp-image-2192\" src=\"http:\/\/5.45.101.177\/haut-allier\/usagers-transportse\/wp-content\/uploads\/2017\/09\/vlcsnap-2017-09-24-07h31m26s0-800.jpg\" alt=\"vlcsnap-2017-09-24-07h31m26s0-800.jpg\" align=\"center\" width=\"800\" height=\"450\" srcset=\"https:\/\/usagers-transports.haut-allier.eu\/wp-content\/uploads\/2017\/09\/vlcsnap-2017-09-24-07h31m26s0-800.jpg 800w, https:\/\/usagers-transports.haut-allier.eu\/wp-content\/uploads\/2017\/09\/vlcsnap-2017-09-24-07h31m26s0-800-300x169.jpg 300w, https:\/\/usagers-transports.haut-allier.eu\/wp-content\/uploads\/2017\/09\/vlcsnap-2017-09-24-07h31m26s0-800-768x432.jpg 768w\" sizes=\"auto, (max-width: 800px) 100vw, 800px\" \/>\n&nbsp;\n<img loading=\"lazy\" decoding=\"async\" class=\" aligncenter size-full wp-image-2193\" src=\"http:\/\/5.45.101.177\/haut-allier\/usagers-transportse\/wp-content\/uploads\/2017\/09\/vlcsnap-2017-09-24-07h31m26s0-zoom-gare.jpg\" alt=\"vlcsnap-2017-09-24-07h31m26s0-zoom-gare.jpg\" align=\"center\" width=\"379\" height=\"401\" srcset=\"https:\/\/usagers-transports.haut-allier.eu\/wp-content\/uploads\/2017\/09\/vlcsnap-2017-09-24-07h31m26s0-zoom-gare.jpg 379w, https:\/\/usagers-transports.haut-allier.eu\/wp-content\/uploads\/2017\/09\/vlcsnap-2017-09-24-07h31m26s0-zoom-gare-284x300.jpg 284w\" sizes=\"auto, (max-width: 379px) 100vw, 379px\" \/>\n<p>&nbsp;<\/p>\n\n\t<figure class=\"wp-block-gallery columns-1 is-cropped wp-block-gallery-1 is-layout-flex wp-block-gallery-is-layout-flex\">\n\t\t<ul class=\"blocks-gallery-grid\">\n\t\t\t<li class=\"blocks-gallery-item\">\n\t\t\t\t<figure>\n\t\t\t\t\t\t\t\t\t\t\t<img loading=\"lazy\" decoding=\"async\" width=\"475\" height=\"133\" src=\"http:\/\/5.45.101.177\/haut-allier\/usagers-transportse\/wp-content\/uploads\/2017\/08\/reponse-mail-a-lettre-sncf-jean-ghedira-24-aout-2017-arrets-cevenol-alleyras.jpg\"\n\t\t\t\t\t\t alt=\"reponse-mail-a-lettre-sncf-jean-ghedira-24-aout-2017-arrets-cevenol-alleyras.jpg\"\n\t\t\t\t\t\t data-id=\"2194\"\n\t\t\t\t\t\t data-full-url=\"http:\/\/5.45.101.177\/haut-allier\/usagers-transportse\/wp-content\/uploads\/2017\/08\/reponse-mail-a-lettre-sncf-jean-ghedira-24-aout-2017-arrets-cevenol-alleyras.jpg\"\n\t\t\t\t\t\t data-link=\"http:\/\/5.45.101.177\/haut-allier\/usagers-transportse\/attachment-reponse-mail-a-lettre-sncf-jean-ghedira-24-aout-2017-arrets-cevenol-alleyras-jpg\/\"\n\t\t\t\t\t\t class=\"wp-image-2194\" srcset=\"https:\/\/usagers-transports.haut-allier.eu\/wp-content\/uploads\/2017\/08\/reponse-mail-a-lettre-sncf-jean-ghedira-24-aout-2017-arrets-cevenol-alleyras.jpg 475w, https:\/\/usagers-transports.haut-allier.eu\/wp-content\/uploads\/2017\/08\/reponse-mail-a-lettre-sncf-jean-ghedira-24-aout-2017-arrets-cevenol-alleyras-300x84.jpg 300w\" sizes=\"auto, (max-width: 475px) 100vw, 475px\" \/>\n\t\t\t\t<\/figure>\n\t\t\t<\/li>\n\t\t<\/ul>\n\t<\/figure>\n","protected":false},"excerpt":{"rendered":"<p>Mais apr\u00e8s ? &nbsp; La direction Intercit\u00e9s avait r\u00e9pondu favorablement \u00e0 notre demande de faire arr\u00eater le train<\/p>\n","protected":false},"author":1,"featured_media":2189,"comment_status":"open","ping_status":"open","sticky":false,"template":"","format":"standard","meta":{"footnotes":""},"categories":[3],"tags":[],"class_list":["post-395","post","type-post","status-publish","format-standard","has-post-thumbnail","hentry","category-en-train"],"_links":{"self":[{"href":"https:\/\/usagers-transports.haut-allier.eu\/index.php\/wp-json\/wp\/v2\/posts\/395","targetHints":{"allow":["GET"]}}],"collection":[{"href":"https:\/\/usagers-transports.haut-allier.eu\/index.php\/wp-json\/wp\/v2\/posts"}],"about":[{"href":"https:\/\/usagers-transports.haut-allier.eu\/index.php\/wp-json\/wp\/v2\/types\/post"}],"author":[{"embeddable":true,"href":"https:\/\/usagers-transports.haut-allier.eu\/index.php\/wp-json\/wp\/v2\/users\/1"}],"replies":[{"embeddable":true,"href":"https:\/\/usagers-transports.haut-allier.eu\/index.php\/wp-json\/wp\/v2\/comments?post=395"}],"version-history":[{"count":1,"href":"https:\/\/usagers-transports.haut-allier.eu\/index.php\/wp-json\/wp\/v2\/posts\/395\/revisions"}],"predecessor-version":[{"id":2195,"href":"https:\/\/usagers-transports.haut-allier.eu\/index.php\/wp-json\/wp\/v2\/posts\/395\/revisions\/2195"}],"wp:featuredmedia":[{"embeddable":true,"href":"https:\/\/usagers-transports.haut-allier.eu\/index.php\/wp-json\/wp\/v2\/media\/2189"}],"wp:attachment":[{"href":"https:\/\/usagers-transports.haut-allier.eu\/index.php\/wp-json\/wp\/v2\/media?parent=395"}],"wp:term":[{"taxonomy":"category","embeddable":true,"href":"https:\/\/usagers-transports.haut-allier.eu\/index.php\/wp-json\/wp\/v2\/categories?post=395"},{"taxonomy":"post_tag","embeddable":true,"href":"https:\/\/usagers-transports.haut-allier.eu\/index.php\/wp-json\/wp\/v2\/tags?post=395"}],"curies":[{"name":"wp","href":"https:\/\/api.w.org\/{rel}","templated":true}]}}