{"id":396,"date":"2017-09-18T09:46:29","date_gmt":"2017-09-18T07:46:29","guid":{"rendered":"http:\/\/5.45.101.177\/haut-allier\/usagers-transportse\/index.php\/2017\/09\/18\/rentree-sncf-2017-la-gare-de-saint396\/"},"modified":"2017-09-18T09:46:29","modified_gmt":"2017-09-18T07:46:29","slug":"rentree-sncf-2017-la-gare-de-saint396","status":"publish","type":"post","link":"https:\/\/usagers-transports.haut-allier.eu\/index.php\/2017\/09\/18\/rentree-sncf-2017-la-gare-de-saint396\/","title":{"rendered":"Rentr\u00e9e SNCF  2017 : la gare de Saint-Flour ferme d\u00e9finitivement"},"content":{"rendered":"<p>Les bonnes nouvelles s&rsquo;accumulent cette rentr\u00e9e : nous apprenons que la gare SNCF de Saint-Flour ferme au premier novembre.<br \/>\n&nbsp;<br \/>\nL&rsquo;unique aller-retour quotidien continuera bien de circuler mais il ne sera plus possible d&rsquo;acheter son billet en gare nous indique France Bleu Pays d&rsquo;Auvergne.<br \/>\n&nbsp;<br \/>\nIl faut dire que les \u00e9lus locaux cantalous, \u00e0 part l&rsquo;ancien pr\u00e9sident de la r\u00e9gion Auvergne Ren\u00e9 Souchon, n&rsquo;ont jamais fait quoi que ce soit pour la ligne B\u00e9ziers Neussargues dont le d\u00e9veloppement n&rsquo;a jamais int\u00e9ress\u00e9 personne. Et ainsi on en arrive \u00e0 la limite de fermeture aussi pour cette ligne entre Saint-Ch\u00e9ly d&rsquo;Apcher et Neussargues m\u00eame si la r\u00e9gion Occitanie s\u00a0\u00bbest un peu engag\u00e9e \u00e0 maintenir l&rsquo;Aubrac, l&rsquo;Intercit\u00e9s Clermont Ferrand B\u00e9ziers. C\u00f4t\u00e9 nord il ne faut pas compter sur la nouvelle r\u00e9gion Auvergne Rh\u00f4ne Alpes en charge des transports r\u00e9gionaux pour bouger le petit doigt : incomp\u00e9tence et absence de volont\u00e9. On ne sait m\u00eame plus qui est d\u00e9sign\u00e9 responsable des transports \u00e0 Lyon.<br \/>\n&nbsp;<br \/>\n<img loading=\"lazy\" decoding=\"async\" class=\" aligncenter size-full wp-image-2197\" src=\"http:\/\/5.45.101.177\/haut-allier\/usagers-transportse\/wp-content\/uploads\/2017\/09\/12035518564_99a8a9ea15_b.jpg\" alt=\"12035518564_99a8a9ea15_b.jpg\" align=\"center\" width=\"800\" height=\"429\" srcset=\"https:\/\/usagers-transports.haut-allier.eu\/wp-content\/uploads\/2017\/09\/12035518564_99a8a9ea15_b.jpg 800w, https:\/\/usagers-transports.haut-allier.eu\/wp-content\/uploads\/2017\/09\/12035518564_99a8a9ea15_b-300x161.jpg 300w, https:\/\/usagers-transports.haut-allier.eu\/wp-content\/uploads\/2017\/09\/12035518564_99a8a9ea15_b-768x412.jpg 768w\" sizes=\"auto, (max-width: 800px) 100vw, 800px\" \/><br \/>\n&nbsp;<br \/>\nL&rsquo;article et le reportage de FB Pays d&rsquo;Auvergne : <a href=\"https:\/\/www.francebleu.fr\/infos\/transports\/auvergne-la-gare-de-saint-flour-devrait-fermer-au-1er-novembre-prochain-1505408419#xtor=RSS-141\"><em>Auvergne &#8211; La gare de Saint-Flour devrait fermer au 1er novembre prochain<\/em><\/a><br \/>\n&nbsp;<br \/>\nLe comit\u00e9 pluraliste de d\u00e9fense de la ligne B\u00e9ziers Neussargues (\u00e9manation de la CGT Cheminots) a \u00e9crit le 20 septembre une lettre de protestation au pr\u00e9sident de la SNCF Guillaume P\u00e9py.<\/p>\n","protected":false},"excerpt":{"rendered":"<p>Les bonnes nouvelles s&rsquo;accumulent cette rentr\u00e9e : nous apprenons que la gare SNCF de Saint-Flour ferme au premier<\/p>\n","protected":false},"author":1,"featured_media":2196,"comment_status":"open","ping_status":"open","sticky":false,"template":"","format":"standard","meta":{"footnotes":""},"categories":[3],"tags":[],"class_list":["post-396","post","type-post","status-publish","format-standard","has-post-thumbnail","hentry","category-en-train"],"_links":{"self":[{"href":"https:\/\/usagers-transports.haut-allier.eu\/index.php\/wp-json\/wp\/v2\/posts\/396","targetHints":{"allow":["GET"]}}],"collection":[{"href":"https:\/\/usagers-transports.haut-allier.eu\/index.php\/wp-json\/wp\/v2\/posts"}],"about":[{"href":"https:\/\/usagers-transports.haut-allier.eu\/index.php\/wp-json\/wp\/v2\/types\/post"}],"author":[{"embeddable":true,"href":"https:\/\/usagers-transports.haut-allier.eu\/index.php\/wp-json\/wp\/v2\/users\/1"}],"replies":[{"embeddable":true,"href":"https:\/\/usagers-transports.haut-allier.eu\/index.php\/wp-json\/wp\/v2\/comments?post=396"}],"version-history":[{"count":0,"href":"https:\/\/usagers-transports.haut-allier.eu\/index.php\/wp-json\/wp\/v2\/posts\/396\/revisions"}],"wp:featuredmedia":[{"embeddable":true,"href":"https:\/\/usagers-transports.haut-allier.eu\/index.php\/wp-json\/wp\/v2\/media\/2196"}],"wp:attachment":[{"href":"https:\/\/usagers-transports.haut-allier.eu\/index.php\/wp-json\/wp\/v2\/media?parent=396"}],"wp:term":[{"taxonomy":"category","embeddable":true,"href":"https:\/\/usagers-transports.haut-allier.eu\/index.php\/wp-json\/wp\/v2\/categories?post=396"},{"taxonomy":"post_tag","embeddable":true,"href":"https:\/\/usagers-transports.haut-allier.eu\/index.php\/wp-json\/wp\/v2\/tags?post=396"}],"curies":[{"name":"wp","href":"https:\/\/api.w.org\/{rel}","templated":true}]}}