{"id":397,"date":"2017-09-18T09:59:14","date_gmt":"2017-09-18T07:59:14","guid":{"rendered":"http:\/\/5.45.101.177\/haut-allier\/usagers-transportse\/index.php\/2017\/09\/18\/rentree-sncf-2017-fermeture-de-la397\/"},"modified":"2017-09-18T09:59:14","modified_gmt":"2017-09-18T07:59:14","slug":"rentree-sncf-2017-fermeture-de-la397","status":"publish","type":"post","link":"https:\/\/usagers-transports.haut-allier.eu\/index.php\/2017\/09\/18\/rentree-sncf-2017-fermeture-de-la397\/","title":{"rendered":"Rentr\u00e9e SNCF 2017 : fermeture de la ligne S\u00e8verac le Ch\u00e2teau Rodez le 9 d\u00e9cembre 2017"},"content":{"rendered":"<p>Oubli\u00e9e du Plan Rail de l&rsquo;ex r\u00e9gion Midi Pyr\u00e9n\u00e9es, c\u2019est une des deux lignes qui n\u2019a pas pu y \u00eatre int\u00e9gr\u00e9e et dont l\u2019avenir apparaissait d\u00e9j\u00e0 plus qu\u2019incertain. Ouverte en 1880, longue de 44,7 km, la ligne \u00e0 voie unique de Rodez \u00e0 S\u00e9verac le Ch\u00e2teau devait constituer l&rsquo;amorce d&rsquo;une desserte de Rodez vers Montpellier qui finalement fut rabattue sur B\u00e9ziers en se greffant \u00e0 la ligne des Causses. Elle pr\u00e9sente un profil moyen avec des rampes atteignant 16 pour mille. La vitesse maximale plafonne \u00e0 75 km\/h.<br \/>\n&nbsp;<br \/>\n<img loading=\"lazy\" decoding=\"async\" class=\" aligncenter size-full wp-image-2199\" src=\"http:\/\/5.45.101.177\/haut-allier\/usagers-transportse\/wp-content\/uploads\/2017\/09\/95091690.png\" alt=\"95091690.png\" align=\"center\" width=\"586\" height=\"402\" srcset=\"https:\/\/usagers-transports.haut-allier.eu\/wp-content\/uploads\/2017\/09\/95091690.png 586w, https:\/\/usagers-transports.haut-allier.eu\/wp-content\/uploads\/2017\/09\/95091690-300x206.png 300w\" sizes=\"auto, (max-width: 586px) 100vw, 586px\" \/><\/p>\n<p>Carte tir\u00e9e du site <a href=\"http:\/\/transportrail.canalblog.com\/pages\/rodez---severac-le-chateau---quel-avenir--\/29563486.html\">Transportrail<\/a><br \/>\n&nbsp;<br \/>\n<em>\u00ab\u00a0Il y a presque des d\u00e9cennies que les collectivit\u00e9s locales ont install\u00e9 des bus entre S\u00e8verac et Rodez pour remplacer cette liaison ferroviaire. Conclusion : la fermeture de la ligne et la victoire de l\u2019autocar sur l\u2019autorail, la route ayant b\u00e9n\u00e9fici\u00e9 de largesses d\u2019investissement depuis longtemps, symbolis\u00e9es par la profusion de ronds-points sur les routes d\u00e9partementales.Combien d\u2019entre eux auraient d\u00fb \u00eatre \u00ab sacrifi\u00e9s \u00bb pour assurer la p\u00e9rennit\u00e9 de la voie ferr\u00e9e ?\u00a0\u00bb<\/em> s&rsquo;interroge le site Transportrail.<br \/>\n&nbsp;<br \/>\n<strong>Dans la presse :<\/strong><br \/>\n&nbsp;<br \/>\n&#8211; Midi Libre du 22 septembre : <a href=\"http:\/\/www.midilibre.fr\/2017\/09\/21\/la-ligne-rodez-millau-stoppee-le-9-decembre,1563951.php#article-comments\"><em>La ligne Rodez-Millau stopp\u00e9e le 9 d\u00e9cembre ?<\/em><\/a><br \/>\n&#8211; Centre Presse du 22 septembre : <a href=\"http:\/\/www.centrepresseaveyron.fr\/vie-locale\/les-cheminots-se-mobilisent-pour-sauver-la-ligne-rodez-millau-CH494774\"><em>Les cheminots se mobilisent pour sauver la ligne Rodez-Millau<\/em><\/a><br \/>\n&#8211; La D\u00e9p\u00eache du Midi du 24 septembre :  <a href=\"http:\/\/www.ladepeche.fr\/article\/2017\/09\/24\/2651613-ligne-rodez-millau-6-millions-euros-sncf-refuse-investir.html\"><em>Ligne Rodez -Millau : ces 6 millions d&rsquo;euros que la SNCF refuse d&rsquo;investir<\/em><\/a>. Tr\u00e8s int\u00e9ressant article.<\/p>\n","protected":false},"excerpt":{"rendered":"<p>Oubli\u00e9e du Plan Rail de l&rsquo;ex r\u00e9gion Midi Pyr\u00e9n\u00e9es, c\u2019est une des deux lignes qui n\u2019a pas pu<\/p>\n","protected":false},"author":1,"featured_media":2198,"comment_status":"open","ping_status":"open","sticky":false,"template":"","format":"standard","meta":{"footnotes":""},"categories":[3],"tags":[],"class_list":["post-397","post","type-post","status-publish","format-standard","has-post-thumbnail","hentry","category-en-train"],"_links":{"self":[{"href":"https:\/\/usagers-transports.haut-allier.eu\/index.php\/wp-json\/wp\/v2\/posts\/397","targetHints":{"allow":["GET"]}}],"collection":[{"href":"https:\/\/usagers-transports.haut-allier.eu\/index.php\/wp-json\/wp\/v2\/posts"}],"about":[{"href":"https:\/\/usagers-transports.haut-allier.eu\/index.php\/wp-json\/wp\/v2\/types\/post"}],"author":[{"embeddable":true,"href":"https:\/\/usagers-transports.haut-allier.eu\/index.php\/wp-json\/wp\/v2\/users\/1"}],"replies":[{"embeddable":true,"href":"https:\/\/usagers-transports.haut-allier.eu\/index.php\/wp-json\/wp\/v2\/comments?post=397"}],"version-history":[{"count":0,"href":"https:\/\/usagers-transports.haut-allier.eu\/index.php\/wp-json\/wp\/v2\/posts\/397\/revisions"}],"wp:featuredmedia":[{"embeddable":true,"href":"https:\/\/usagers-transports.haut-allier.eu\/index.php\/wp-json\/wp\/v2\/media\/2198"}],"wp:attachment":[{"href":"https:\/\/usagers-transports.haut-allier.eu\/index.php\/wp-json\/wp\/v2\/media?parent=397"}],"wp:term":[{"taxonomy":"category","embeddable":true,"href":"https:\/\/usagers-transports.haut-allier.eu\/index.php\/wp-json\/wp\/v2\/categories?post=397"},{"taxonomy":"post_tag","embeddable":true,"href":"https:\/\/usagers-transports.haut-allier.eu\/index.php\/wp-json\/wp\/v2\/tags?post=397"}],"curies":[{"name":"wp","href":"https:\/\/api.w.org\/{rel}","templated":true}]}}