{"id":398,"date":"2017-10-21T08:58:19","date_gmt":"2017-10-21T06:58:19","guid":{"rendered":"http:\/\/5.45.101.177\/haut-allier\/usagers-transportse\/index.php\/2017\/10\/21\/fermeture-de-la-gare-sncf-de-saint398\/"},"modified":"2017-10-21T08:58:19","modified_gmt":"2017-10-21T06:58:19","slug":"fermeture-de-la-gare-sncf-de-saint398","status":"publish","type":"post","link":"https:\/\/usagers-transports.haut-allier.eu\/index.php\/2017\/10\/21\/fermeture-de-la-gare-sncf-de-saint398\/","title":{"rendered":"Fermeture de la gare SNCF de Saint-Flour : les manifestations"},"content":{"rendered":"<p>Plusieurs actions ont eu lieu devant la gare de Saint-Flour pour protester contre sa fermeture pr\u00e9vue, <a href=\"http:\/\/usagers-transports.haut-allier.eu\/?rentree-sncf-2017-la-gare-de-saint,396\"><strong>nous vous le disions<\/strong><\/a> mi septembre le premier novembre.<br \/>\n&nbsp;<br \/>\nLes voici relat\u00e9es par les m\u00e9dias :<br \/>\n&nbsp;<br \/>\n&#8211; La Montagne du 15 octobre 2017 : <a href=\"http:\/\/www.lamontagne.fr\/saint-flour\/emploi\/services\/2017\/10\/15\/ils-se-mobilisent-pour-conserver-le-guichet-de-la-gare-de-saint-flour_12590563.html\">Ils se mobilisent pour conserver le guichet de la gare de Saint-Flour<\/a><br \/>\n&nbsp;<\/p>\n<p>Un autre rassemblement a eu lieu le vendredi 30 Octobre au passage de l&rsquo;Intercit\u00e9s \u00a0\u00bb L&rsquo;AUBRAC \u00a0\u00bb \u00e0 14h59 \u00e0 l&rsquo;initiative cette fois de nombreux \u00e9lus.<br \/>\n&nbsp;<br \/>\n&#8211; France 3 Auvergne du 20 octobre 2017 : <a href=\"http:\/\/france3-regions.francetvinfo.fr\/auvergne-rhone-alpes\/cantal\/saint-flour\/cantal-mobilisation-sauver-guichet-gare-saint-flour-1351841.html\">Cantal: mobilisation pour sauver le guichet de la gare de Saint-Flour<\/a><br \/>\n&nbsp;<\/p>\n","protected":false},"excerpt":{"rendered":"<p>Plusieurs actions ont eu lieu devant la gare de Saint-Flour pour protester contre sa fermeture pr\u00e9vue, nous vous<\/p>\n","protected":false},"author":1,"featured_media":2200,"comment_status":"closed","ping_status":"open","sticky":false,"template":"","format":"standard","meta":{"footnotes":""},"categories":[3],"tags":[],"class_list":["post-398","post","type-post","status-publish","format-standard","has-post-thumbnail","hentry","category-en-train"],"_links":{"self":[{"href":"https:\/\/usagers-transports.haut-allier.eu\/index.php\/wp-json\/wp\/v2\/posts\/398","targetHints":{"allow":["GET"]}}],"collection":[{"href":"https:\/\/usagers-transports.haut-allier.eu\/index.php\/wp-json\/wp\/v2\/posts"}],"about":[{"href":"https:\/\/usagers-transports.haut-allier.eu\/index.php\/wp-json\/wp\/v2\/types\/post"}],"author":[{"embeddable":true,"href":"https:\/\/usagers-transports.haut-allier.eu\/index.php\/wp-json\/wp\/v2\/users\/1"}],"replies":[{"embeddable":true,"href":"https:\/\/usagers-transports.haut-allier.eu\/index.php\/wp-json\/wp\/v2\/comments?post=398"}],"version-history":[{"count":0,"href":"https:\/\/usagers-transports.haut-allier.eu\/index.php\/wp-json\/wp\/v2\/posts\/398\/revisions"}],"wp:featuredmedia":[{"embeddable":true,"href":"https:\/\/usagers-transports.haut-allier.eu\/index.php\/wp-json\/wp\/v2\/media\/2200"}],"wp:attachment":[{"href":"https:\/\/usagers-transports.haut-allier.eu\/index.php\/wp-json\/wp\/v2\/media?parent=398"}],"wp:term":[{"taxonomy":"category","embeddable":true,"href":"https:\/\/usagers-transports.haut-allier.eu\/index.php\/wp-json\/wp\/v2\/categories?post=398"},{"taxonomy":"post_tag","embeddable":true,"href":"https:\/\/usagers-transports.haut-allier.eu\/index.php\/wp-json\/wp\/v2\/tags?post=398"}],"curies":[{"name":"wp","href":"https:\/\/api.w.org\/{rel}","templated":true}]}}