{"id":399,"date":"2017-10-21T10:20:52","date_gmt":"2017-10-21T08:20:52","guid":{"rendered":"http:\/\/5.45.101.177\/haut-allier\/usagers-transportse\/index.php\/2017\/10\/21\/gorges-du-haut-allier-nous399\/"},"modified":"2017-10-21T10:20:52","modified_gmt":"2017-10-21T08:20:52","slug":"gorges-du-haut-allier-nous399","status":"publish","type":"post","link":"https:\/\/usagers-transports.haut-allier.eu\/index.php\/2017\/10\/21\/gorges-du-haut-allier-nous399\/","title":{"rendered":"Gorges du Haut-Allier : nous r\u00e9clamons le maintien des arr\u00eats de l&rsquo;Intercit\u00e9s C\u00e9venol apr\u00e8s le 1er janvier 2018"},"content":{"rendered":"<p>Le collectif des Usagers des Transports du Haut-Allier vient d&rsquo;adresser une lettre \u00e0 la pr\u00e9sidente de la r\u00e9gion Occitanie Carole Delga, collectivit\u00e9 \u00e0 qui sera transf\u00e9r\u00e9 la comp\u00e9tence de l&rsquo;organisation de l&rsquo;Intercit\u00e9s Le C\u00e9venol au 1er janvier prochain, et donc de ses arr\u00eats entre Clermont Ferrand et N\u00eemes, afin que ces derniers soient maintenus et d\u00e9velopp\u00e9s dans nos gorges du Haut-Allier, difficiles d&rsquo;acc\u00e8s.<br \/>\n&nbsp;<br \/>\n<img loading=\"lazy\" decoding=\"async\" class=\" aligncenter size-full wp-image-2202\" src=\"http:\/\/5.45.101.177\/haut-allier\/usagers-transportse\/wp-content\/uploads\/2017\/10\/lettre-usagers-transports-haut-allier-a-region-occitanie-delga-21oct2017-miniature.jpg\" alt=\"lettre-usagers-transports-haut-allier-a-region-occitanie-delga-21oct2017-miniature.jpg\" align=\"center\" width=\"297\" height=\"421\" srcset=\"https:\/\/usagers-transports.haut-allier.eu\/wp-content\/uploads\/2017\/10\/lettre-usagers-transports-haut-allier-a-region-occitanie-delga-21oct2017-miniature.jpg 297w, https:\/\/usagers-transports.haut-allier.eu\/wp-content\/uploads\/2017\/10\/lettre-usagers-transports-haut-allier-a-region-occitanie-delga-21oct2017-miniature-212x300.jpg 212w\" sizes=\"auto, (max-width: 297px) 100vw, 297px\" \/><br \/>\n&nbsp;<br \/>\nAu vu de l&rsquo;enclavement des communes des gorges obligeant les usagers \u00e0 des trajets routiers dangereux en p\u00e9riode hivernale ou simplement longs pour se rendre dans les gares plus importantes comme Langeac ou Langogne, nous demandons \u00e0 ce qu&rsquo;il poursuive ses arr\u00eats \u00e0 Monistrol d&rsquo;Allier, d\u00e9cid\u00e9 en 2016, \u00e0 Alleyras, obtenu en 2017, et \u00e9galement \u00e0 la gare de Chapeauroux.<br \/>\n&nbsp;<br \/>\nC&rsquo;est aussi en se basant sur le service quotidien offert tr\u00e8s r\u00e9duit, 4 arr\u00eats de TER en semaine et 3 le samedi, sur les horaires pas forc\u00e9ment les plus pratiques, et sur la meilleure adaptation aux petites gares des nouvelles rames R\u00e9giolis bient\u00f4t en fonction, que nous effectuons notre demande.<br \/>\n&nbsp;<br \/>\nLe collectif attend de la r\u00e9gion Occitanie une r\u00e9ponse claire et pr\u00e9cise et pas seulement une d\u00e9claration d&rsquo;intention.<br \/>\n&nbsp;<br \/>\n<img loading=\"lazy\" decoding=\"async\" class=\" aligncenter size-full wp-image-2203\" src=\"http:\/\/5.45.101.177\/haut-allier\/usagers-transportse\/wp-content\/uploads\/2017\/10\/vlcsnap-2017-10-21-09h24m24s224.jpg\" alt=\"vlcsnap-2017-10-21-09h24m24s224.jpg\" align=\"center\" width=\"800\" height=\"450\" srcset=\"https:\/\/usagers-transports.haut-allier.eu\/wp-content\/uploads\/2017\/10\/vlcsnap-2017-10-21-09h24m24s224.jpg 800w, https:\/\/usagers-transports.haut-allier.eu\/wp-content\/uploads\/2017\/10\/vlcsnap-2017-10-21-09h24m24s224-300x169.jpg 300w, https:\/\/usagers-transports.haut-allier.eu\/wp-content\/uploads\/2017\/10\/vlcsnap-2017-10-21-09h24m24s224-768x432.jpg 768w\" sizes=\"auto, (max-width: 800px) 100vw, 800px\" \/><\/p>\n","protected":false},"excerpt":{"rendered":"<p>Le collectif des Usagers des Transports du Haut-Allier vient d&rsquo;adresser une lettre \u00e0 la pr\u00e9sidente de la r\u00e9gion<\/p>\n","protected":false},"author":1,"featured_media":2201,"comment_status":"closed","ping_status":"open","sticky":false,"template":"","format":"standard","meta":{"footnotes":""},"categories":[3],"tags":[],"class_list":["post-399","post","type-post","status-publish","format-standard","has-post-thumbnail","hentry","category-en-train"],"_links":{"self":[{"href":"https:\/\/usagers-transports.haut-allier.eu\/index.php\/wp-json\/wp\/v2\/posts\/399","targetHints":{"allow":["GET"]}}],"collection":[{"href":"https:\/\/usagers-transports.haut-allier.eu\/index.php\/wp-json\/wp\/v2\/posts"}],"about":[{"href":"https:\/\/usagers-transports.haut-allier.eu\/index.php\/wp-json\/wp\/v2\/types\/post"}],"author":[{"embeddable":true,"href":"https:\/\/usagers-transports.haut-allier.eu\/index.php\/wp-json\/wp\/v2\/users\/1"}],"replies":[{"embeddable":true,"href":"https:\/\/usagers-transports.haut-allier.eu\/index.php\/wp-json\/wp\/v2\/comments?post=399"}],"version-history":[{"count":0,"href":"https:\/\/usagers-transports.haut-allier.eu\/index.php\/wp-json\/wp\/v2\/posts\/399\/revisions"}],"wp:featuredmedia":[{"embeddable":true,"href":"https:\/\/usagers-transports.haut-allier.eu\/index.php\/wp-json\/wp\/v2\/media\/2201"}],"wp:attachment":[{"href":"https:\/\/usagers-transports.haut-allier.eu\/index.php\/wp-json\/wp\/v2\/media?parent=399"}],"wp:term":[{"taxonomy":"category","embeddable":true,"href":"https:\/\/usagers-transports.haut-allier.eu\/index.php\/wp-json\/wp\/v2\/categories?post=399"},{"taxonomy":"post_tag","embeddable":true,"href":"https:\/\/usagers-transports.haut-allier.eu\/index.php\/wp-json\/wp\/v2\/tags?post=399"}],"curies":[{"name":"wp","href":"https:\/\/api.w.org\/{rel}","templated":true}]}}