{"id":4,"date":"2012-04-30T14:54:38","date_gmt":"2012-04-30T12:54:38","guid":{"rendered":"http:\/\/5.45.101.177\/haut-allier\/usagers-transportse\/index.php\/2012\/04\/30\/train-sarkozy-raye-toutes-les004\/"},"modified":"2012-04-30T14:54:38","modified_gmt":"2012-04-30T12:54:38","slug":"train-sarkozy-raye-toutes-les004","status":"publish","type":"post","link":"https:\/\/usagers-transports.haut-allier.eu\/index.php\/2012\/04\/30\/train-sarkozy-raye-toutes-les004\/","title":{"rendered":"Train : Sarkozy raye toutes les lignes du massif central en 2014 !"},"content":{"rendered":"<p>Apr\u00e8s notre br\u00e8ve sur les travaux de remplacement des traverses entre Labastide et Le Monsatier sur la Transloz\u00e9rienne, que la SNCF, RFF et les journalistes font passer pour une quasi ligne nouvelle, nous avons recueilli la r\u00e9action d&rsquo;un des membres de l&rsquo;association pour la d\u00e9fense du C\u00e9venol (axe principal qui donne correspondance vers Mende), association qui regroupe aussi des responsables politiques de tous bords. La voici, elle parle d&rsquo;elle-m\u00eame : <br \/>[( Malheureusement, ces reportages sont issus (&hellip;)<\/p>\n","protected":false},"excerpt":{"rendered":"<p>Apr\u00e8s notre br\u00e8ve sur les travaux de remplacement des traverses entre Labastide et Le Monsatier sur la Transloz\u00e9rienne,<\/p>\n","protected":false},"author":1,"featured_media":0,"comment_status":"closed","ping_status":"open","sticky":false,"template":"","format":"standard","meta":{"footnotes":""},"categories":[2],"tags":[],"class_list":["post-4","post","type-post","status-publish","format-standard","hentry","category-infos"],"_links":{"self":[{"href":"https:\/\/usagers-transports.haut-allier.eu\/index.php\/wp-json\/wp\/v2\/posts\/4","targetHints":{"allow":["GET"]}}],"collection":[{"href":"https:\/\/usagers-transports.haut-allier.eu\/index.php\/wp-json\/wp\/v2\/posts"}],"about":[{"href":"https:\/\/usagers-transports.haut-allier.eu\/index.php\/wp-json\/wp\/v2\/types\/post"}],"author":[{"embeddable":true,"href":"https:\/\/usagers-transports.haut-allier.eu\/index.php\/wp-json\/wp\/v2\/users\/1"}],"replies":[{"embeddable":true,"href":"https:\/\/usagers-transports.haut-allier.eu\/index.php\/wp-json\/wp\/v2\/comments?post=4"}],"version-history":[{"count":0,"href":"https:\/\/usagers-transports.haut-allier.eu\/index.php\/wp-json\/wp\/v2\/posts\/4\/revisions"}],"wp:attachment":[{"href":"https:\/\/usagers-transports.haut-allier.eu\/index.php\/wp-json\/wp\/v2\/media?parent=4"}],"wp:term":[{"taxonomy":"category","embeddable":true,"href":"https:\/\/usagers-transports.haut-allier.eu\/index.php\/wp-json\/wp\/v2\/categories?post=4"},{"taxonomy":"post_tag","embeddable":true,"href":"https:\/\/usagers-transports.haut-allier.eu\/index.php\/wp-json\/wp\/v2\/tags?post=4"}],"curies":[{"name":"wp","href":"https:\/\/api.w.org\/{rel}","templated":true}]}}