{"id":401,"date":"2017-10-23T08:41:16","date_gmt":"2017-10-23T06:41:16","guid":{"rendered":"http:\/\/5.45.101.177\/haut-allier\/usagers-transportse\/index.php\/2017\/10\/23\/fermeture-des-lignes-ferroviaires401\/"},"modified":"2017-10-23T08:41:16","modified_gmt":"2017-10-23T06:41:16","slug":"fermeture-des-lignes-ferroviaires401","status":"publish","type":"post","link":"https:\/\/usagers-transports.haut-allier.eu\/index.php\/2017\/10\/23\/fermeture-des-lignes-ferroviaires401\/","title":{"rendered":"Fermeture des lignes ferroviaires du massif central : la SNCF se d\u00e9voile enfin en refusant les aides des r\u00e9gions !"},"content":{"rendered":"<p>Car pour mener \u00e0 bien ses objectifs de fermeture syst\u00e9matique des lignes en Auvergne, Occitanie et Limousin, elle va m\u00eame jusqu&rsquo;\u00e0 refuser les aides des r\u00e9gions de bonne volont\u00e9 qui voudraient agir hors comp\u00e9tence. Cela se passe pr\u00e8s de Limoges et il s&rsquo;agit du tron\u00e7on de ligne Saint-Yrieix &#8211; Objat qui a besoin d&rsquo;un renouvellement au vu de son abandon. La SNCF rejette l&rsquo;aide du conseil r\u00e9gional de Nouvelle Aquitaine. Ils ne s&rsquo;en cachent m\u00eame plus !<br \/>\n&nbsp;<br \/>\nLa politique des technocrates parisiens de la SNCF se d\u00e9voile sans honte : eux qui ont abandonn\u00e9 depuis des d\u00e9cennies et maintenant veulent fermer les petites lignes irriguant le territoire. Et cela ferait longtemps que ce serait fait si les \u00e9lus, collectivit\u00e9s et usagers ne s&rsquo;\u00e9taient mobilis\u00e9s \u00e0 chaque coup port\u00e9.<br \/>\n&nbsp;<br \/>\nTout cela arrive donc au grand jour : c&rsquo;est le prestataire national en charge du r\u00e9seau des lignes ferroviaires qui rogne, d\u00e9truit ann\u00e9e apr\u00e8s ann\u00e9e le patrimoine national. Il faudra qu&rsquo;il rende des comptes.<br \/>\n&nbsp;<br \/>\nNous demandons avec plusieurs groupes d&rsquo;usagers ind\u00e9pendants, une fois encore, <strong>la d\u00e9mission urgente de Monsieur P\u00e9py et l&rsquo;\u00e9viction de sa cour parisienne<\/strong> !<br \/>\n&nbsp;<br \/>\nL&rsquo;article du Populaire du Centre : <a href=\"http:\/\/www.lepopulaire.fr\/limoges\/transport\/sncf\/2017\/09\/23\/suppression-programmee-de-la-ligne-saint-yrieix-objat-la-strategie-conteste-de-sncf-reseau_12562930.html\">Suppression programm\u00e9e de la ligne Saint-Yrieix &#8211; Objat : la strat\u00e9gie contest\u00e9e de SNCF-r\u00e9seau<\/a><br \/>\n&nbsp;<br \/>\n105 trains ont \u00e9t\u00e9 supprim\u00e9s la semaine de la rentr\u00e9e scolaire sur l\u2019\u00e9toile de Limoges, par manque de mat\u00e9riel, de conducteurs, ou en raison de probl\u00e8mes de maintenance\u2026 Sans commentaires.<br \/>\n&nbsp;<br \/>\n <img loading=\"lazy\" decoding=\"async\" class=\" aligncenter size-full wp-image-2206\" src=\"http:\/\/5.45.101.177\/haut-allier\/usagers-transportse\/wp-content\/uploads\/2017\/10\/etoile-ferroviaire-limoges.jpg\" alt=\"etoile-ferroviaire-limoges.jpg\" align=\"center\" width=\"726\" height=\"804\" srcset=\"https:\/\/usagers-transports.haut-allier.eu\/wp-content\/uploads\/2017\/10\/etoile-ferroviaire-limoges.jpg 726w, https:\/\/usagers-transports.haut-allier.eu\/wp-content\/uploads\/2017\/10\/etoile-ferroviaire-limoges-271x300.jpg 271w\" sizes=\"auto, (max-width: 726px) 100vw, 726px\" \/><\/p>\n","protected":false},"excerpt":{"rendered":"<p>Car pour mener \u00e0 bien ses objectifs de fermeture syst\u00e9matique des lignes en Auvergne, Occitanie et Limousin, elle<\/p>\n","protected":false},"author":1,"featured_media":2205,"comment_status":"closed","ping_status":"open","sticky":false,"template":"","format":"standard","meta":{"footnotes":""},"categories":[3],"tags":[],"class_list":["post-401","post","type-post","status-publish","format-standard","has-post-thumbnail","hentry","category-en-train"],"_links":{"self":[{"href":"https:\/\/usagers-transports.haut-allier.eu\/index.php\/wp-json\/wp\/v2\/posts\/401","targetHints":{"allow":["GET"]}}],"collection":[{"href":"https:\/\/usagers-transports.haut-allier.eu\/index.php\/wp-json\/wp\/v2\/posts"}],"about":[{"href":"https:\/\/usagers-transports.haut-allier.eu\/index.php\/wp-json\/wp\/v2\/types\/post"}],"author":[{"embeddable":true,"href":"https:\/\/usagers-transports.haut-allier.eu\/index.php\/wp-json\/wp\/v2\/users\/1"}],"replies":[{"embeddable":true,"href":"https:\/\/usagers-transports.haut-allier.eu\/index.php\/wp-json\/wp\/v2\/comments?post=401"}],"version-history":[{"count":0,"href":"https:\/\/usagers-transports.haut-allier.eu\/index.php\/wp-json\/wp\/v2\/posts\/401\/revisions"}],"wp:featuredmedia":[{"embeddable":true,"href":"https:\/\/usagers-transports.haut-allier.eu\/index.php\/wp-json\/wp\/v2\/media\/2205"}],"wp:attachment":[{"href":"https:\/\/usagers-transports.haut-allier.eu\/index.php\/wp-json\/wp\/v2\/media?parent=401"}],"wp:term":[{"taxonomy":"category","embeddable":true,"href":"https:\/\/usagers-transports.haut-allier.eu\/index.php\/wp-json\/wp\/v2\/categories?post=401"},{"taxonomy":"post_tag","embeddable":true,"href":"https:\/\/usagers-transports.haut-allier.eu\/index.php\/wp-json\/wp\/v2\/tags?post=401"}],"curies":[{"name":"wp","href":"https:\/\/api.w.org\/{rel}","templated":true}]}}