{"id":403,"date":"2017-10-26T09:08:36","date_gmt":"2017-10-26T07:08:36","guid":{"rendered":"http:\/\/5.45.101.177\/haut-allier\/usagers-transportse\/index.php\/2017\/10\/26\/le-depute-de-lozere-pierre-morel403\/"},"modified":"2017-10-26T09:08:36","modified_gmt":"2017-10-26T07:08:36","slug":"le-depute-de-lozere-pierre-morel403","status":"publish","type":"post","link":"https:\/\/usagers-transports.haut-allier.eu\/index.php\/2017\/10\/26\/le-depute-de-lozere-pierre-morel403\/","title":{"rendered":"Le d\u00e9put\u00e9 de Loz\u00e8re Pierre Morel nous \u00e9crit"},"content":{"rendered":"<p>Au sujet de <a href=\"http:\/\/usagers-transports.haut-allier.eu\/?gorges-du-haut-allier-nous,399\"><strong>notre demande d&rsquo;arr\u00eats dans les trois gares des gorges de l&rsquo;Allier<\/strong><\/a> qu&rsquo;il appuie. Il nous fait part aussi de son \u00e9tonnement quant au mutisme du collectif sur le transfert des Intercit\u00e9s aux r\u00e9gions.<br \/>\n&nbsp;<br \/>\nNous lui r\u00e9pondons dans la foul\u00e9e.<br \/>\n&nbsp;<br \/>\nCi dessous sa lettre du 25 octobre et notre r\u00e9ponse du m\u00eame jour :<br \/>\n&nbsp;<\/p>\n<p>[(<br \/>\n<em><br \/>\nC&rsquo;est avec beaucoup d&rsquo;int\u00e9r\u00eat que j&rsquo;ai pris connaissance de votre mail du 21 octobre 2017.<br \/>\n&nbsp;<br \/>\nJe comprends que vous puissiez r\u00e9agir mais j&rsquo;aurais souhait\u00e9 la m\u00eame conviction lorsque la probl\u00e9matique de la r\u00e9gionalisation s&rsquo;est pos\u00e9e. J&rsquo;ai \u00e9t\u00e9 un des rares \u00e9lus \u00e0 d\u00e9noncer cet abandon administratif, juridique et financier de la ligne des C\u00e9vennes. Je n&rsquo;ai pas peur de dire qu&rsquo;il s&rsquo;agit d&rsquo;une v\u00e9ritable catastrophe que de vouloir confier les infrastructures et la gestion aux r\u00e9gions.<br \/>\n&nbsp;<br \/>\nMme Carole DELGA, pour des raisons certainement doctrinaires, a choisi de r\u00e9pondre favorablement \u00e0 ce que le Gouvernement socialiste lui demandait \u00e0 l&rsquo;\u00e9poque. Je vous rappelle que nous avions \u00e9t\u00e9, il y a quelques ann\u00e9es, certains \u00e0 proposer la cr\u00e9ation des TET avec une enveloppe financi\u00e8re provenant du budget de la Nation qui servait \u00e0 pr\u00e9server les 40 lignes ferroviaires nationales dites d\u00e9ficitaires selon la SNCF.<br \/>\n&nbsp;<br \/>\nAujourd&rsquo;hui, nous constatons que les choses vont s&rsquo;aggraver. Je comprends que l&rsquo;on fasse des manifestations mais j&rsquo;aurais pr\u00e9f\u00e9r\u00e9 que des positions tr\u00e8s pr\u00e9cises soient prises concernant l&rsquo;abandon par l&rsquo;Etat des lignes TET.<br \/>\n&nbsp;<br \/>\nPour vous \u00eatre agr\u00e9able toutefois, je saisis la R\u00e9gion Occitanie du probl\u00e8me que vous soulevez sur l&rsquo;arr\u00eat des trains dans les Gorges du Haut-Allier.<br \/>\n<\/em><br \/>\n)]<br \/>\n&nbsp;<\/p>\n<p>[(<br \/>\nMonsieur Morel,<br \/>\n&nbsp;<br \/>\nNous avions bien not\u00e9 votre engagement pour le maintien du TET C\u00e9venol dans l&rsquo;escarcelle de l&rsquo;\u00e9tat.<br \/>\n&nbsp;<br \/>\nMalheureusement ce que nous avons pu constater tous ces mois \/ ann\u00e9es pass\u00e9es est un d\u00e9sint\u00e9r\u00eat grandissant de sa part voire un abandon.<br \/>\n&nbsp;<br \/>\nEt la proc\u00e9dure entam\u00e9e par l&rsquo;ex ministre socialiste des transports, d&rsquo;abandon du r\u00e9seau Intercit\u00e9s par l&rsquo;\u00e9tat vers les r\u00e9gions en \u00e9change de promesses de renouvellement des rames, si elle ne nous paraissait pas du tout satisfaisante en tous cas avait au moins le m\u00e9rite dans le cas des r\u00e9gions volontaristes sur le ferroviaire comme l&rsquo;Occitanie, de pr\u00e9senter l&rsquo;espoir d&rsquo;une meilleure future gestion.<br \/>\n&nbsp;<br \/>\nC&rsquo;est pour cela que, un peu fatalistes, nous n&rsquo;avons que tr\u00e8s peu r\u00e9agi \u00e0 la manoeuvre.<br \/>\n&nbsp;<br \/>\nNous ne sommes pourtant pas dupes et veillerons \u00e0 ce que la nouvelle gestion des Intercit\u00e9s du massif central soit d&rsquo;un meilleur niveau que la pr\u00e9c\u00e9dente.<br \/>\n&nbsp;<br \/>\nNous aurions bien entendu souhait\u00e9 avec beaucoup en r\u00e9gion Auvergne  que l&rsquo;\u00e9quipe de Monsieur Wauquiez \u00e0 Lyon s&rsquo;implique autant que l&rsquo;a fait l&rsquo;\u00e9quipe Delga \u00e0 Toulouse, m\u00eame s&rsquo;il y a eu beaucoup d&rsquo;enfumage.<br \/>\n&nbsp;<br \/>\nDans la balance, les discours, les d\u00e9clarations fleuves et les intentions d&rsquo;une \u00e9quipe politique p\u00e8sent toutefois plus lourds que le silence assourdissant de celle en poste \u00e0 Lyon au sujet du ferroviaire dans le massif central.<br \/>\n&nbsp;<br \/>\nEn vous remerciant d&rsquo;appuyer notre demande recevez Monsieur le D\u00e9put\u00e9 l&rsquo;assurance de nos meilleures salutations.<\/p>\n<p>)]<\/p>\n","protected":false},"excerpt":{"rendered":"<p>Au sujet de notre demande d&rsquo;arr\u00eats dans les trois gares des gorges de l&rsquo;Allier qu&rsquo;il appuie. Il nous<\/p>\n","protected":false},"author":1,"featured_media":2208,"comment_status":"closed","ping_status":"open","sticky":false,"template":"","format":"standard","meta":{"footnotes":""},"categories":[3],"tags":[],"class_list":["post-403","post","type-post","status-publish","format-standard","has-post-thumbnail","hentry","category-en-train"],"_links":{"self":[{"href":"https:\/\/usagers-transports.haut-allier.eu\/index.php\/wp-json\/wp\/v2\/posts\/403","targetHints":{"allow":["GET"]}}],"collection":[{"href":"https:\/\/usagers-transports.haut-allier.eu\/index.php\/wp-json\/wp\/v2\/posts"}],"about":[{"href":"https:\/\/usagers-transports.haut-allier.eu\/index.php\/wp-json\/wp\/v2\/types\/post"}],"author":[{"embeddable":true,"href":"https:\/\/usagers-transports.haut-allier.eu\/index.php\/wp-json\/wp\/v2\/users\/1"}],"replies":[{"embeddable":true,"href":"https:\/\/usagers-transports.haut-allier.eu\/index.php\/wp-json\/wp\/v2\/comments?post=403"}],"version-history":[{"count":0,"href":"https:\/\/usagers-transports.haut-allier.eu\/index.php\/wp-json\/wp\/v2\/posts\/403\/revisions"}],"wp:featuredmedia":[{"embeddable":true,"href":"https:\/\/usagers-transports.haut-allier.eu\/index.php\/wp-json\/wp\/v2\/media\/2208"}],"wp:attachment":[{"href":"https:\/\/usagers-transports.haut-allier.eu\/index.php\/wp-json\/wp\/v2\/media?parent=403"}],"wp:term":[{"taxonomy":"category","embeddable":true,"href":"https:\/\/usagers-transports.haut-allier.eu\/index.php\/wp-json\/wp\/v2\/categories?post=403"},{"taxonomy":"post_tag","embeddable":true,"href":"https:\/\/usagers-transports.haut-allier.eu\/index.php\/wp-json\/wp\/v2\/tags?post=403"}],"curies":[{"name":"wp","href":"https:\/\/api.w.org\/{rel}","templated":true}]}}