{"id":404,"date":"2017-11-02T19:45:46","date_gmt":"2017-11-02T18:45:46","guid":{"rendered":"http:\/\/5.45.101.177\/haut-allier\/usagers-transportse\/index.php\/2017\/11\/02\/ligne-du-train-cevenol-la-lettre404\/"},"modified":"2017-11-02T19:45:46","modified_gmt":"2017-11-02T18:45:46","slug":"ligne-du-train-cevenol-la-lettre404","status":"publish","type":"post","link":"https:\/\/usagers-transports.haut-allier.eu\/index.php\/2017\/11\/02\/ligne-du-train-cevenol-la-lettre404\/","title":{"rendered":"Ligne du train C\u00e9venol : la lettre des Villefortais \u00e0 la r\u00e9gion Occitanie et autres actions"},"content":{"rendered":"<p>La coupe est pleine pour le Collectif Citoyen de Villefort au sujet du devenir incertain \u00e0 ses yeux de la ligne du C\u00e9venol. Le 30 octobre il s&rsquo;est donc fendu d&rsquo;une longue lettre \u00e0 la Pr\u00e9sidente de la r\u00e9gion Occitanie, \u00e0 son d\u00e9l\u00e9gu\u00e9 transports Jean-Luc Gibelin, une missive qu&rsquo;il a mis en copie pour la SNCF. Pour votre information afin de comprendre le ressenti des habitants des hautes C\u00e9vennes sur le ferroviaire. En voici les termes :<br \/>\n&nbsp;<br \/>\n[(<br \/>\n<em>A Madame Carole Delga, Pr\u00e9sidente de la R\u00e9gion Occitanie et Monsieur Jean Luc Gibelin, Vice Pr\u00e9sident de la R\u00e9gion d\u00e9l\u00e9gu\u00e9 aux Transports,<br \/>\n&nbsp;<br \/>\n<strong>Objet de la lettre : Devenir du rail en Loz\u00e8re.<\/strong><br \/>\n&nbsp;<br \/>\nMadame, Monsieur je me permets de vous \u00e9crire pour vous faire part au nom du Collectif pour la d\u00e9fense de la gare de Villefort de nos fortes inqui\u00e9tudes \u00e0 la veille des changements du nouveau service annuel 2018 pour les TER pour le rail en Loz\u00e8re.<br \/>\n&nbsp;<br \/>\nConcernant tout d&rsquo;abord notre gare de Villefort, un agent est en arr\u00eat maladie depuis le mois d&rsquo;Ao\u00fbt maintenant date depuis laquelle \u00e0 chaque fois qu&rsquo;il devait \u00eatre pr\u00e9sent la gare est totalement ferm\u00e9e (hall et guichet) emp\u00eachant \u00e0 la fois tout service de renseignement, de vente, et de trafic de croisement : cette situation a entra\u00een\u00e9 notamment cet \u00e9t\u00e9 des retards interminables sur la ligne des C\u00e9vennes ! La SNCF nous ayant expliqu\u00e9 qu&rsquo;elle ne disposait pas de rempla\u00e7ants car 3 agents \u00e9taient alors en cong\u00e9s maladie&#8230; Aujourd&rsquo;hui bien que certains agents soient revenus \u00e0 G\u00e9nolhac ou La bastide la gare de Villefort comme ce matin 30 Octobre continue cependant \u00e0 \u00eatre ferm\u00e9e!!! Cette situation devient inadmissible !Et repr\u00e9sente environ 40 demi journ\u00e9es de fermeture depuis cet \u00e9t\u00e9 !Et l&rsquo;id\u00e9e d&rsquo;une action citoyenne est de plus en plus pr\u00e9sente dans les esprits si rien ne change !<br \/>\n&nbsp;<br \/>\nDe plus \u00e0 compter du premier janvier la R\u00e9gion Occitanie reprend \u00e0 sa charge l&rsquo;exploitation du C\u00e9venol ce qui est une tr\u00e8s bonne chose mais vous ne devez pas \u00eatre sans savoir que SNCF Intercit\u00e9s a sabot\u00e9 en gare de N\u00eemes les correspondances vers Marseille emp\u00eachant toutes correspondances, il reste un mois pour r\u00e9agir et je pense que c&rsquo;est en unissant nos forces que l&rsquo;on doit agir car m\u00eame si peu de personnes voyagent de Paris vers Marseille par les C\u00e9vennes, la SNCF ayant parachev\u00e9 la relation qui est non propos\u00e9e sur le site voyages sncf.com, la situation en est toute autre pour les voyageurs en partance de Langogne, Mende, Villefort ou G\u00e9nolhac vers Marseille et cette destination doit \u00eatre accessible depuis ce train. La ligne des C\u00e9vennes ne doit pas devenir un \u00ab cul de sac \u00bb et son ouverture vers le Sud doit \u00eatre conserv\u00e9e !<br \/>\n&nbsp;<br \/>\nAutre sujet d&rsquo;inqui\u00e9tude pour le C\u00e9venol c&rsquo;est le tarif propos\u00e9 en effet jusqu&rsquo;\u00e0 maintenant il b\u00e9n\u00e9ficiait des tarifs prem&rsquo;s et N\u00eemes \/Clermont-Ferrand pouvait \u00eatre accessible d\u00e8s 15 euros, en janvier ce prix va grimper \u00e0 45 euros&#8230;. Il serait urgent de r\u00e9fl\u00e9chir \u00e0 une tarification plus avantageuse . A d\u00e9faut de voir se vider un train qui ma foi m\u00eame hors saison conna\u00eet une fr\u00e9quentation correcte.<br \/>\n&nbsp;<br \/>\nLa Loz\u00e8re c&rsquo;est aussi la ligne des Causses et si je vais faire une longue apart\u00e9 sur celle ci m\u00eame \u00e9loign\u00e9e du secteur des C\u00e9vennes elle me para\u00eet indispensable. Lors des EGRIM a \u00e9t\u00e9 \u00e9voqu\u00e9e la forte volont\u00e9 de cr\u00e9er un TER N\u00eemes \/ Toulouse par le Nord (Mende \/ S\u00e9verac \/ Rodez et Albi) ce train cr\u00e9ant un lien \u00e0 la fois vers la capitale r\u00e9gionale et offrant la possibilit\u00e9 en le pla\u00e7ant \u00e0 de bonnes plages horaires d&rsquo;enfin permettre un d\u00e9placement domicile\/travail c\u00f4t\u00e9 Est de la Loz\u00e8re. Mais avec l&rsquo;annonce par SNCF R\u00e9seau de la fermeture de S\u00e9verac\/ Rodez cette perspective s&rsquo;\u00e9loigne peu \u00e0 peu&#8230;<br \/>\n&nbsp;<br \/>\nLa ligne des Causses b\u00e9n\u00e9ficie d&rsquo;une exp\u00e9rimentation de deux ans et la R\u00e9gion prend \u00e0 sa charge la moiti\u00e9 du d\u00e9ficit, hors \u00e0 ce jour il ne reste plus que 13 mois pour mener cette op\u00e9ration, esp\u00e9rons que ce chiffre porte bonheur \u00e0 cette ligne qui doit survivre ! Il est urgent de cr\u00e9er une exp\u00e9rimentation digne de ce nom et qui \u00e0 mon sens n&rsquo;a pas encore vu le jour car \u00e0 ce jour (cf les fiches horaires en annexe) la diminution de l&rsquo;offre TER sur ce secteur entra\u00eene une situation inexorable et l&rsquo;issue semble toute trac\u00e9e si au prochain service une offre minimum d&rsquo;aller retour bien plac\u00e9s ne se met pas en place.<br \/>\n&nbsp;<br \/>\nJe fais \u00e9cho d&rsquo;ailleurs au dernier journal de la R\u00e9gion o\u00f9 vous \u00e9voquez la question du ferroviaire o\u00f9 vous sp\u00e9cifiez + de LGV = + de TER pour la ligne des Causses juste plus de TER suffit !<br \/>\n&nbsp;<br \/>\nDepuis de trop nombreuses ann\u00e9es, on a l&rsquo;impression que l&rsquo;orientation politique g\u00e9n\u00e9rale s&rsquo;apparente \u00e0 une personne \u00e0 qui on aurait amput\u00e9 les deux jambes et \u00e0 qui apr\u00e8s on demanderait de marcher normalement,c&rsquo;est impossible&#8230; Rendez nous d\u00e9j\u00e0 tous les TER supprim\u00e9s sur les Causses et les C\u00e9vennes depuis des ann\u00e9es ce serait d\u00e9j\u00e0 pas si mal !<br \/>\n&nbsp;<br \/>\nLes ruptures de charge trop nombreuses, l&rsquo;offre quasi inexistante, le vide sid\u00e9ral entre S\u00e9verac et Le Monastier Pin Mori\u00e9s et les ralentissements sur cette portion li\u00e9s \u00e0 la v\u00e9tust\u00e9 de l&rsquo;armement de la voie, l&rsquo;impossibilit\u00e9 de se rendre de Banassac \u00e0 Mende et d&rsquo;en revenir le soir etc&#8230;rendent la situation extr\u00eamement d\u00e9licate.<br \/>\n&nbsp;<br \/>\nDe plus, vous le verrez aussi sur les fiches horaires les dessertes entre B\u00e9darieux et B\u00e9ziers initialement effectu\u00e9es int\u00e9gralement TER se font pour 50 % en Bus d\u00e9sormais alors que sur cette portion de ligne la fr\u00e9quentation est au rendez vous et peut s&rsquo;apparenter \u00e0 de la desserte p\u00e9ri-urbaine.<br \/>\n&nbsp;<br \/>\nLes voyageurs ne resteront et surtout reviendront que s&rsquo;ils ne trouvent des trains adapt\u00e9s \u00e0 leurs besoins. A ce titre les correspondances doivent \u00eatre soign\u00e9es en gare de Neussargues, S\u00e9verac, Millau, et B\u00e9ziers. Et une meilleure visibilit\u00e9 de l&rsquo;offre est aussi indispensable car si elle est moyenne pour la ligne des C\u00e9vennes elle est inexistante pour celle des Causses.<br \/>\n&nbsp;<br \/>\nLe maillage du territoire ne doit pas s&rsquo;effectuer ligne par ligne comme on a l&rsquo;habitude de tout cloisonner dans notre soci\u00e9t\u00e9 moderne mais plut\u00f4t comme un ensemble car l&rsquo;existence d&rsquo;une ligne est li\u00e9e \u00e0 sa cousine car dans la logique d&rsquo;une mobilit\u00e9 durable chacune des lignes est indispensable au d\u00e9senclavement des territoires surtout un territoire aussi rural que la Loz\u00e8re.<br \/>\n&nbsp;<br \/>\nEt la ligne des Causses doit survivre d&rsquo;autant plus qu&rsquo;elle reste la seule p\u00e9n\u00e9trante dans le Massif Central \u00e0 \u00eatre \u00e9lectrifi\u00e9e, elle rev\u00eat donc un caract\u00e8re \u00e9cologique tr\u00e8s important.<br \/>\n&nbsp;<br \/>\nLa logique des Bus Macron ne nous convient pas et surtout l&rsquo;hiver le train montre sa sup\u00e9riorit\u00e9 \u00e0 la route ! En Occitanie contrairement \u00e0 la r\u00e9gion AURA la volont\u00e9 de faire du rail une priorit\u00e9 est indiscutable mais au prochain service 2018 la vague de fermeture est \u00e9pouvantable : Oyonnax\/Saint Claude dans le Jura, Rodez\/S\u00e9verac ou encore Quillan\/Limoux pr\u00e8s de chez nous&#8230;.<br \/>\n&nbsp;<br \/>\nEn Auvergne \u00e9galement ces dix derni\u00e8res ann\u00e9es c&rsquo;est des kilom\u00e8tres de rail qui ont disparus et sacrifi\u00e9s&#8230; Bort les Orgues a perdu ses deux lignes, Ussel\/Montlu\u00e7on, Ussel\/Volvic, La ligne des Fades , Clermont-Ferrand\/Saint-Etienne ne sont plus que des doux souvenirs \u2026 alors que pendant ce temps les cr\u00e9dits pour construire une \u00e9toile autorouti\u00e8re autour de Clermont-Ferrand ont pu \u00eatre trouv\u00e9s !<br \/>\n&nbsp;<br \/>\nNous gageons et esp\u00e9rons qu&rsquo;il n&rsquo;en sera pas de m\u00eame en Loz\u00e8re et regrettons que la route concurrence toujours le rail au lieu d&rsquo;\u00eatre compl\u00e9mentaire&#8230;<br \/>\n&nbsp;<br \/>\nEnfin le H loz\u00e9rien dont le point central de l&rsquo;historique ligne Le Monastier \/ La  Bastide St Laurent Les Bains surnomm\u00e9e \u00ab Transloz\u00e9rienne \u00bb,qui est la gare de Mende voit ses relations par le fer se r\u00e9duire de service annuel en service annuel, comme nombre de ses cons\u0153urs dans le Massif Central&#8230;<br \/>\n&nbsp;<br \/>\nNe vous fiez pas aux apparences ! Certes la Loz\u00e8re est le d\u00e9partement le moins peupl\u00e9 de France, certes la ligne Marvejols \/ La Bastide est l&rsquo;arch\u00e9type de la petite ligne rurale en sursis avec une infrastructure vieillissante (rails DC sur 2\/3 du parcours) entra\u00eenant de fait des limitations de vitesse cons\u00e9quentes. Mais la gare de Mende rev\u00eat tout de m\u00eame un int\u00e9r\u00eat g\u00e9ographique strat\u00e9gique et reste un point central pour des relations ferroviaires vers Montpellier (Sud) et Clermont Ferrand (Nord) mais aussi vers Toulouse (Ouest) en constituant pour cette derni\u00e8re un itin\u00e9raire d\u00e9tourn\u00e9 de l&rsquo;axe littoral tr\u00e8s fr\u00e9quent\u00e9 et souvent satur\u00e9 entra\u00eenant de nombreux retards.<br \/>\n&nbsp;<br \/>\nTelle le Trans-sib\u00e9rien traversant les \u00e9tendues glaciales de la Russie Sib\u00e9rienne, la ligne transloz\u00e9rienne traverse elle les plateaux peu peupl\u00e9s de la Loz\u00e8re dans sa partie montagneuse et la plaine du Lot plus bas vers Chanac, en desservant au passage de nombreuses petites gares d\u00e9sormais ferm\u00e9es et transform\u00e9es en simple haltes. Quand vient l&rsquo;hiver cette impression d&rsquo;ailleurs s&rsquo;accentue de plus belle et offre un spectacle enneig\u00e9 \u00e0 couper le souffle confortablement install\u00e9 dans son si\u00e8ge . A mi chemin de cette ligne thermique la plus haute de France longue de 88 kilom\u00e8tres, la gare de Mende seule encore ouverte et disposant d&rsquo;un guichet jusqu&rsquo;au terminus de Marvejols repr\u00e9sente un point de jonction pour les relations vers Montpellier ou Clermont-Ferrand. A ce jour il ne reste plus qu&rsquo;un TER direct Montpellier\/ Mende direct du lundi au vendredi le soir, tous les autres trajets s&rsquo;effectuant avec un changement \u00e0 N\u00eemes ou La Bastide. Pour Clermont-Ferrand la situation est encore pi\u00e8tre car si l&rsquo;on souhaite effectuer le trajet en train c&rsquo;est une rupture de charge \u00e0 Marvejols qui nous attend&#8230;<br \/>\n&nbsp;<br \/>\nLa rupture de charge l&rsquo;arme la plus efficace jamais invent\u00e9e \u00e0 ce jour par la SNCF pour parachever le rail en Loz\u00e8re et dissuader m\u00eame les plus t\u00e9m\u00e9raires : En effet depuis le SA 2013 si aucun train direct ne fait le trajet jusqu&rsquo;\u00e0 la capitale Auvergnate de 3 \u00e0 4 aller \/ retour directs ont \u00e9t\u00e9 mis sur route par autobus chaque jour passant par l&rsquo;A 75 qui a fait tant de ravages \u00e0 la ligne des Causses&#8230;<br \/>\n&nbsp;<br \/>\nLes dires du pr\u00e9sident de la SNCF ne font qu&rsquo;acc\u00e9l\u00e9rer cette tendance du tout bus SNCF qui a affirm\u00e9 que \u00ab le Car doit surpasser le TER Ferroviaire \u00bb. Un comble pour notre ligne quand on sait qu&rsquo;il y a \u00e0 peine 5 ans un grand chantier de RVB avait \u00e9t\u00e9 men\u00e9 entre La Bastide et Belvezet et que depuis une partie du trafic TER a \u00e9t\u00e9 report\u00e9 sur la route !!<br \/>\n&nbsp;<br \/>\nComment expliquer alors cette in\u00e9galit\u00e9 dans les relations quand Clermont se situe \u00e0 240 kms de la pr\u00e9fecture Loz\u00e9rienne et Montpellier \u00e0 170 kms ? Mende m\u00e9riterait des relations ferroviaires directes dignes de ce nom vers les grandes villes de la r\u00e9gion Occitanie. Le train le plus direct passe par les C\u00e9vennes avec un changement obligatoire \u00e0 N\u00eemes. Pis par la ligne des Causses un tel trajet \u00e0 un seul changement est inexistant. Aujourd&rsquo;hui, seuls les trains scolaires ,compos\u00e9s d&rsquo;une UM2 d&rsquo;AGC des vendredis et dimanches soirs animent la petite gare Loz\u00e9rienne&#8230; Pas moins de 1000 lyc\u00e9ens transitent ainsi de et vers Montpellier, B\u00e9ziers, Arles, ou Miramas chaque semaine scolaire&#8230;<br \/>\n&nbsp;<br \/>\nA l&rsquo;image de nombre de relations ferroviaires dans le Massif Central, la desserte de la gare de Mende devient peu \u00e0 peu squelettique. Bien que pr\u00e9fecture de la Loz\u00e8re, Mende ne dispose d&rsquo;aucun acc\u00e8s en transport en commun vers Toulouse capitale de la nouvelle grande r\u00e9gion. On se souvient alors du c\u00e9l\u00e8bre Locorama, le Toulouse\/Lyon qui a circul\u00e9 jusqu&rsquo;en 1988&#8230; Un train traversant le Massif Central qui n&rsquo;est aujourd&rsquo;hui qu&rsquo;un lointain souvenir !<br \/>\n&nbsp;<br \/>\nCar oui comme dit pr\u00e9c\u00e9demment la desserte ferroviaire de Mende devient squelettique mais les horaires propos\u00e9s par rail sont totalement dissuasifs d\u00e9part \u00e0 4h50 ou arriv\u00e9e \u00e0 21h25, une technique classique propos\u00e9e par la SNCF quand elle veut tuer son b\u00e9b\u00e9.<br \/>\n&nbsp;<br \/>\nLes \u00e9chos d&rsquo;une situation initiale, \u00e0 la fin du si\u00e8cle dernier, reviennent aujourd&rsquo;hui: le Massif Central doit aux yeux de la Maison M\u00e8re devenir un d\u00e9sert ferroviaire et humain !! La Transloz\u00e9rienne est aujourd&rsquo;hui plus que menac\u00e9e car non inscrite dans le nouveau Contrat Plan Etat R\u00e9gion . Une situation bancale et \u00e9c\u0153urante !<br \/>\n&nbsp;<br \/>\nQuand on assiste aux sc\u00e8nes ferroviaires en gare de Mende, Langogne, Marvejols, ou Villefort tout nous rappelle une belle pi\u00e8ce de th\u00e9\u00e2tre d&rsquo;un autre temps qui se joue sous nos yeux et m\u00eame la bande sonore s&rsquo;en m\u00eale\u2026<br \/>\n&nbsp;<br \/>\nUne pi\u00e8ce de th\u00e9\u00e2tre qui joue son dernier acte ? Pourtant on apprend toujours des centaines d&rsquo;ann\u00e9es apr\u00e8s Moli\u00e8re.<br \/>\n&nbsp;<br \/>\nL&rsquo;on se doute bien que rien n&rsquo;est \u00e9ternel mais esp\u00e9rons que ce ne soit juste qu&rsquo;une impression et que le train sifflera encore longtemps sur les rails de Loz\u00e8re car il nous montre encore et toujours aujourd&rsquo;hui sa sup\u00e9riorit\u00e9 en hiver sur la route chouchou de nos politiques de tous bords berc\u00e9s par le doux discours du lobby routier &#8230;Les anciens eux avaient compris l&rsquo;int\u00e9r\u00eat du ferroviaire et c&rsquo;est dommage que nous n&rsquo;entendions pas cette logique&#8230;<\/em><br \/>\n)]<\/p>\n<p><img loading=\"lazy\" decoding=\"async\" class=\" aligncenter size-full wp-image-2210\" src=\"http:\/\/5.45.101.177\/haut-allier\/usagers-transportse\/wp-content\/uploads\/2017\/11\/clermont_-_marseille_2018.jpg\" alt=\"clermont_-_marseille_2018.jpg\" align=\"center\" width=\"1233\" height=\"552\" srcset=\"https:\/\/usagers-transports.haut-allier.eu\/wp-content\/uploads\/2017\/11\/clermont_-_marseille_2018.jpg 1233w, https:\/\/usagers-transports.haut-allier.eu\/wp-content\/uploads\/2017\/11\/clermont_-_marseille_2018-300x134.jpg 300w, https:\/\/usagers-transports.haut-allier.eu\/wp-content\/uploads\/2017\/11\/clermont_-_marseille_2018-1024x458.jpg 1024w, https:\/\/usagers-transports.haut-allier.eu\/wp-content\/uploads\/2017\/11\/clermont_-_marseille_2018-768x344.jpg 768w\" sizes=\"auto, (max-width: 1233px) 100vw, 1233px\" \/><br \/>\n&nbsp;<br \/>\n<img loading=\"lazy\" decoding=\"async\" class=\" aligncenter size-full wp-image-2211\" src=\"http:\/\/5.45.101.177\/haut-allier\/usagers-transportse\/wp-content\/uploads\/2017\/11\/marseille_-_clermont_2018.jpg\" alt=\"marseille_-_clermont_2018.jpg\" align=\"center\" width=\"1172\" height=\"548\" srcset=\"https:\/\/usagers-transports.haut-allier.eu\/wp-content\/uploads\/2017\/11\/marseille_-_clermont_2018.jpg 1172w, https:\/\/usagers-transports.haut-allier.eu\/wp-content\/uploads\/2017\/11\/marseille_-_clermont_2018-300x140.jpg 300w, https:\/\/usagers-transports.haut-allier.eu\/wp-content\/uploads\/2017\/11\/marseille_-_clermont_2018-1024x479.jpg 1024w, https:\/\/usagers-transports.haut-allier.eu\/wp-content\/uploads\/2017\/11\/marseille_-_clermont_2018-768x359.jpg 768w\" sizes=\"auto, (max-width: 1172px) 100vw, 1172px\" \/><br \/>\n&nbsp;<\/p>\n<p>Et c&rsquo;est au tour du Comit\u00e9 de D\u00e9fense des Services Publics et des Usagers dans les Hautes-C\u00e9vennes (G\u00e9nolhac) d&rsquo;inviter \u00e0 plusieurs actions :<br \/>\n&nbsp;<br \/>\n1) La premi\u00e8re est de t\u00e9l\u00e9phoner \u00e0 Mme Lamine pour manifester sa grogne envers ce qu&rsquo;il se passe au sujet du b\u00e2timent des toilettes de la gare de G\u00e9nolhac.<br \/>\n&nbsp;<br \/>\n<img loading=\"lazy\" decoding=\"async\" class=\" aligncenter size-full wp-image-2212\" src=\"http:\/\/5.45.101.177\/haut-allier\/usagers-transportse\/wp-content\/uploads\/2017\/11\/affiche_defense_des_toiletets_de_la_gare.jpg\" alt=\"affiche_defense_des_toiletets_de_la_gare.jpg\" align=\"center\" width=\"565\" height=\"800\" srcset=\"https:\/\/usagers-transports.haut-allier.eu\/wp-content\/uploads\/2017\/11\/affiche_defense_des_toiletets_de_la_gare.jpg 565w, https:\/\/usagers-transports.haut-allier.eu\/wp-content\/uploads\/2017\/11\/affiche_defense_des_toiletets_de_la_gare-212x300.jpg 212w\" sizes=\"auto, (max-width: 565px) 100vw, 565px\" \/><br \/>\n&nbsp;<\/p>\n<p>2) La deuxi\u00e8me est de se <strong>rassembler \u00e0 Al\u00e8s le vendredi 10 novembre \u00e0 la gare \u00e0 17h <\/strong> pour exiger la r\u00e9ouverture de la ligne Al\u00e8s-Bess\u00e8ges. L&rsquo;exasp\u00e9ration monte ! Il est tr\u00e8s difficile de faire bouger la SNCF et l&rsquo;\u00e9tat quand ils ne veulent pas.<br \/>\n&nbsp;<\/p>\n<p>3) La troisi\u00e8me est de se rendre <strong>\u00e0 Toulouse le lundi 13 novembre<\/strong> (en train) pour un \u00ab\u00a0colloque sur le ferroviaire dans toute la R\u00e9gion Occitanie\u00a0\u00bb. Il faut s&rsquo;inscrire tr\u00e8s tr\u00e8s vite aupr\u00e8s de Claude Magnien (04 66 61 11 26). Les modalit\u00e9s seront communiqu\u00e9es aux volontaires pour ce voyage.<\/p>\n","protected":false},"excerpt":{"rendered":"<p>La coupe est pleine pour le Collectif Citoyen de Villefort au sujet du devenir incertain \u00e0 ses yeux<\/p>\n","protected":false},"author":1,"featured_media":2209,"comment_status":"open","ping_status":"open","sticky":false,"template":"","format":"standard","meta":{"footnotes":""},"categories":[3],"tags":[],"class_list":["post-404","post","type-post","status-publish","format-standard","has-post-thumbnail","hentry","category-en-train"],"_links":{"self":[{"href":"https:\/\/usagers-transports.haut-allier.eu\/index.php\/wp-json\/wp\/v2\/posts\/404","targetHints":{"allow":["GET"]}}],"collection":[{"href":"https:\/\/usagers-transports.haut-allier.eu\/index.php\/wp-json\/wp\/v2\/posts"}],"about":[{"href":"https:\/\/usagers-transports.haut-allier.eu\/index.php\/wp-json\/wp\/v2\/types\/post"}],"author":[{"embeddable":true,"href":"https:\/\/usagers-transports.haut-allier.eu\/index.php\/wp-json\/wp\/v2\/users\/1"}],"replies":[{"embeddable":true,"href":"https:\/\/usagers-transports.haut-allier.eu\/index.php\/wp-json\/wp\/v2\/comments?post=404"}],"version-history":[{"count":0,"href":"https:\/\/usagers-transports.haut-allier.eu\/index.php\/wp-json\/wp\/v2\/posts\/404\/revisions"}],"wp:featuredmedia":[{"embeddable":true,"href":"https:\/\/usagers-transports.haut-allier.eu\/index.php\/wp-json\/wp\/v2\/media\/2209"}],"wp:attachment":[{"href":"https:\/\/usagers-transports.haut-allier.eu\/index.php\/wp-json\/wp\/v2\/media?parent=404"}],"wp:term":[{"taxonomy":"category","embeddable":true,"href":"https:\/\/usagers-transports.haut-allier.eu\/index.php\/wp-json\/wp\/v2\/categories?post=404"},{"taxonomy":"post_tag","embeddable":true,"href":"https:\/\/usagers-transports.haut-allier.eu\/index.php\/wp-json\/wp\/v2\/tags?post=404"}],"curies":[{"name":"wp","href":"https:\/\/api.w.org\/{rel}","templated":true}]}}