{"id":405,"date":"2017-11-03T22:34:31","date_gmt":"2017-11-03T21:34:31","guid":{"rendered":"http:\/\/5.45.101.177\/haut-allier\/usagers-transportse\/index.php\/2017\/11\/03\/jean-luc-gibelin-occitanie-le405\/"},"modified":"2017-11-03T22:34:31","modified_gmt":"2017-11-03T21:34:31","slug":"jean-luc-gibelin-occitanie-le405","status":"publish","type":"post","link":"https:\/\/usagers-transports.haut-allier.eu\/index.php\/2017\/11\/03\/jean-luc-gibelin-occitanie-le405\/","title":{"rendered":"Jean-Luc Gibelin (Occitanie) : le C\u00e9venol ne devient pas un TER !"},"content":{"rendered":"<p>Dans la r\u00e9ponse succincte qu&rsquo;il vient de faire aux collectifs des hautes C\u00e9vennes (voir les lettres <a href=\"http:\/\/usagers-transports.haut-allier.eu\/?ligne-du-train-cevenol-la-lettre,402\"><strong>ici<\/strong> <\/a>et <a href=\"http:\/\/usagers-transports.haut-allier.eu\/?ligne-du-train-cevenol-la-lettre,404\"><strong>l\u00e0<\/strong> <\/a>) le vice-pr\u00e9sident de la r\u00e9gion Occitanie d\u00e9l\u00e9gu\u00e9 aux transports insiste sur le fait qu&rsquo;au 1er janvier 2018 le train Intercit\u00e9s C\u00e9venol garde son statut de TET, train d&rsquo;\u00e9quilibre du territoire, et que l&rsquo;\u00e9tat est toujours responsable du mat\u00e9riel roulant et du r\u00e9seau. Des pr\u00e9cisions qui \u00e9clairent un peu. Voici son message du 3 novembre 19h :<br \/>\n&nbsp;<\/p>\n<p>[(<br \/>\n<em> (&#8230;) D\u2019ores et d\u00e9j\u00e0, je confirme que nous sommes intervenus aupr\u00e8s de la sncf pour d\u00e9noncer la d\u00e9gradation de l\u2019offre.<br \/>\n&nbsp;<br \/>\nLa suppression de la correspondance semble \u00eatre en lien avec la modification des dessertes transversales Bordeaux Marseille. Cela n\u2019est pas acceptable pour nous.<br \/>\n&nbsp;<br \/>\nLe C\u00e9venol ne devient pas un TER, l\u2019Etat reste responsable du r\u00e9seau, du mat\u00e9riel roulant.<br \/>\n&nbsp;<br \/>\nJe reviens vers vous d\u00e8s que possible (&#8230;).<br \/>\n <\/em><br \/>\n)]<\/p>\n","protected":false},"excerpt":{"rendered":"<p>Dans la r\u00e9ponse succincte qu&rsquo;il vient de faire aux collectifs des hautes C\u00e9vennes (voir les lettres ici et<\/p>\n","protected":false},"author":1,"featured_media":2213,"comment_status":"open","ping_status":"open","sticky":false,"template":"","format":"standard","meta":{"footnotes":""},"categories":[3],"tags":[],"class_list":["post-405","post","type-post","status-publish","format-standard","has-post-thumbnail","hentry","category-en-train"],"_links":{"self":[{"href":"https:\/\/usagers-transports.haut-allier.eu\/index.php\/wp-json\/wp\/v2\/posts\/405","targetHints":{"allow":["GET"]}}],"collection":[{"href":"https:\/\/usagers-transports.haut-allier.eu\/index.php\/wp-json\/wp\/v2\/posts"}],"about":[{"href":"https:\/\/usagers-transports.haut-allier.eu\/index.php\/wp-json\/wp\/v2\/types\/post"}],"author":[{"embeddable":true,"href":"https:\/\/usagers-transports.haut-allier.eu\/index.php\/wp-json\/wp\/v2\/users\/1"}],"replies":[{"embeddable":true,"href":"https:\/\/usagers-transports.haut-allier.eu\/index.php\/wp-json\/wp\/v2\/comments?post=405"}],"version-history":[{"count":0,"href":"https:\/\/usagers-transports.haut-allier.eu\/index.php\/wp-json\/wp\/v2\/posts\/405\/revisions"}],"wp:featuredmedia":[{"embeddable":true,"href":"https:\/\/usagers-transports.haut-allier.eu\/index.php\/wp-json\/wp\/v2\/media\/2213"}],"wp:attachment":[{"href":"https:\/\/usagers-transports.haut-allier.eu\/index.php\/wp-json\/wp\/v2\/media?parent=405"}],"wp:term":[{"taxonomy":"category","embeddable":true,"href":"https:\/\/usagers-transports.haut-allier.eu\/index.php\/wp-json\/wp\/v2\/categories?post=405"},{"taxonomy":"post_tag","embeddable":true,"href":"https:\/\/usagers-transports.haut-allier.eu\/index.php\/wp-json\/wp\/v2\/tags?post=405"}],"curies":[{"name":"wp","href":"https:\/\/api.w.org\/{rel}","templated":true}]}}