{"id":406,"date":"2017-11-12T11:15:59","date_gmt":"2017-11-12T10:15:59","guid":{"rendered":"http:\/\/5.45.101.177\/haut-allier\/usagers-transportse\/index.php\/2017\/11\/12\/le-mepris-de-wauquiez-pour-le406\/"},"modified":"2017-11-12T11:15:59","modified_gmt":"2017-11-12T10:15:59","slug":"le-mepris-de-wauquiez-pour-le406","status":"publish","type":"post","link":"https:\/\/usagers-transports.haut-allier.eu\/index.php\/2017\/11\/12\/le-mepris-de-wauquiez-pour-le406\/","title":{"rendered":"Le m\u00e9pris de Wauquiez pour le train et l&rsquo;Auvergne \u00e7a suffit !"},"content":{"rendered":"<p>Le Collectif des Usagers des Transports du Haut-Allier s&rsquo;\u00e9l\u00e8ve aujourd&rsquo;hui avec force contre l&rsquo;inaction et le d\u00e9sint\u00e9r\u00eat du staff de la r\u00e9gion Auvergne Rh\u00f4ne Alpes pour les transports ferroviaires auvergnats, et ce depuis son installation il y a deux ans. Ce n&rsquo;est pas la premi\u00e8re fois. Nous insistons encore.<br \/>\n&nbsp;<br \/>\nSTOP aux communiqu\u00e9s incessants de la collectivit\u00e9 r\u00e9gionale au sujet du soit-disant d\u00e9saccord avec la SNCF sur la convention pluriannuelle d\u2019exploitation des trains express r\u00e9gionaux qu&rsquo;elle n&rsquo;a pas sign\u00e9e d\u00e9but 2016, communiqu\u00e9s de son pr\u00e9sident accompagn\u00e9s de coups de gueule \u00e0 c\u00f4t\u00e9 de la plaque.<br \/>\n&nbsp;<br \/>\nEncore ces derniers jours concernant le train Bordeaux Montlu\u00e7on Lyon : la r\u00e9gion Nouvelle Aquitaine pr\u00e9sid\u00e9e par le lig\u00e9rien Alain Rousset, vient de financer la r\u00e9ouverture de la ligne c\u00f4t\u00e9 Bordeaux jusqu&rsquo;\u00e0 Montlu\u00e7on (Allier, Auvergne) et va l&rsquo;inaugurer le 2 d\u00e9cembre. La seule r\u00e9ponse de l&rsquo;\u00e9quipe du Weau \u00e0 la Montagne (voir le lien ci-dessous) sur la continuit\u00e9 absente de la liaison vers Lyon : <em>\u00ab La r\u00e9gion ne se substituera pas \u00e0 l\u2019\u00c9tat. \u00bb<\/em>. Trop facile.<br \/>\n&nbsp;<br \/>\n<strong>C&rsquo;en est fini, Monsieur Wauquiez, vous \u00eates d\u00e9masqu\u00e9. Votre absence d&rsquo;actions sur la premi\u00e8re comp\u00e9tence de la r\u00e9gion, un budget de 567 millions d\u2019euros, ne peut cacher votre ignorance du sujet, votre incapacit\u00e9, votre m\u00e9pris des auvergnats, votre haine des transports publics. <\/strong><br \/>\n&nbsp;<br \/>\nPar contre elle renforce, et ce n&rsquo;est plus une impression, la certitude de vos tristes pr\u00e9f\u00e9rences pour les petites phrases \u00e0 deux balles dans les m\u00e9dias parisiens afin de vous attirer les \u00e9lecteurs du FN tandis donc que vous vous d\u00e9tournez de la gestion correcte du r\u00e9seau ferroviaire voyageurs de la r\u00e9gion dont vous avez la charge. C&rsquo;est s\u00fbr vous ne pouvez pas vous consacrer \u00e0 tout, vous avez vos priorit\u00e9s, et elle ne vous apporterait aucun b\u00e9n\u00e9fice politicien.<br \/>\n&nbsp;<br \/>\nEn cons\u00e9quence de ce d\u00e9sint\u00e9r\u00eat vous emp\u00eachez la r\u00e9gion AURA de jouer le r\u00f4le d&rsquo;aiguillon, de contr\u00f4le et de surveillance du prestataire SNCF d\u00e9sormais enti\u00e8rement libre de terminer la grande oeuvre longuement pr\u00e9par\u00e9e et amen\u00e9e : l&rsquo;an\u00e9antissement entier du r\u00e9seau de trains auvergnat qu&rsquo;elle tente d&rsquo;imposer aux usagers et aux \u00e9lus locaux par de petites touches successives depuis longtemps.<br \/>\n&nbsp;<br \/>\nLe moment venu Monsieur Wauquiez vous devrez vous aussi rendre des comptes sur votre fuite des responsabilit\u00e9s concernant le service public de train en Auvergne. Avec le prestataire national actuel, certes premier coupable. Mais vos rodomontades concernant vos faux d\u00e9saccords avec SNCF ne peuvent plus cacher votre incomp\u00e9tence. Depuis deux ans elle \u00e9clate au grand jour sur le territoire que vous \u00eates cens\u00e9 g\u00e9rer, le territoire de Rh\u00f4ne Alpes Auvergne qui n&rsquo;est qu&rsquo;un marche-pied dans l&rsquo;ascension nationale que vous esp\u00e9rez. Nous souhaitons quant \u00e0 nous que les fran\u00e7ais se rendront vite compte de votre vraie valeur.<br \/>\n&nbsp;<br \/>\n<em>Dans la presse :<\/em><br \/>\n&nbsp;<br \/>\n&#8211; La Montagne du 9 novembre 2017 : <a href=\"http:\/\/www.lamontagne.fr\/montlucon\/transport\/allier\/2017\/11\/09\/sncf-le-train-direct-montlucon-bordeaux-sur-les-rails-a-partir-du-11-decembre_12623326.html\"><strong>Le train direct Montlu\u00e7on-Bordeaux sur les rails \u00e0 partir du 11 d\u00e9cembre<\/strong><\/a><\/p>\n","protected":false},"excerpt":{"rendered":"<p>Le Collectif des Usagers des Transports du Haut-Allier s&rsquo;\u00e9l\u00e8ve aujourd&rsquo;hui avec force contre l&rsquo;inaction et le d\u00e9sint\u00e9r\u00eat du<\/p>\n","protected":false},"author":1,"featured_media":2214,"comment_status":"open","ping_status":"open","sticky":false,"template":"","format":"standard","meta":{"footnotes":""},"categories":[8],"tags":[],"class_list":["post-406","post","type-post","status-publish","format-standard","has-post-thumbnail","hentry","category-communiques"],"_links":{"self":[{"href":"https:\/\/usagers-transports.haut-allier.eu\/index.php\/wp-json\/wp\/v2\/posts\/406","targetHints":{"allow":["GET"]}}],"collection":[{"href":"https:\/\/usagers-transports.haut-allier.eu\/index.php\/wp-json\/wp\/v2\/posts"}],"about":[{"href":"https:\/\/usagers-transports.haut-allier.eu\/index.php\/wp-json\/wp\/v2\/types\/post"}],"author":[{"embeddable":true,"href":"https:\/\/usagers-transports.haut-allier.eu\/index.php\/wp-json\/wp\/v2\/users\/1"}],"replies":[{"embeddable":true,"href":"https:\/\/usagers-transports.haut-allier.eu\/index.php\/wp-json\/wp\/v2\/comments?post=406"}],"version-history":[{"count":0,"href":"https:\/\/usagers-transports.haut-allier.eu\/index.php\/wp-json\/wp\/v2\/posts\/406\/revisions"}],"wp:featuredmedia":[{"embeddable":true,"href":"https:\/\/usagers-transports.haut-allier.eu\/index.php\/wp-json\/wp\/v2\/media\/2214"}],"wp:attachment":[{"href":"https:\/\/usagers-transports.haut-allier.eu\/index.php\/wp-json\/wp\/v2\/media?parent=406"}],"wp:term":[{"taxonomy":"category","embeddable":true,"href":"https:\/\/usagers-transports.haut-allier.eu\/index.php\/wp-json\/wp\/v2\/categories?post=406"},{"taxonomy":"post_tag","embeddable":true,"href":"https:\/\/usagers-transports.haut-allier.eu\/index.php\/wp-json\/wp\/v2\/tags?post=406"}],"curies":[{"name":"wp","href":"https:\/\/api.w.org\/{rel}","templated":true}]}}