{"id":408,"date":"2017-11-17T13:43:56","date_gmt":"2017-11-17T12:43:56","guid":{"rendered":"http:\/\/5.45.101.177\/haut-allier\/usagers-transportse\/index.php\/2017\/11\/17\/a-quoi-faut-il-s-attendre-pour-le408\/"},"modified":"2017-11-17T13:43:56","modified_gmt":"2017-11-17T12:43:56","slug":"a-quoi-faut-il-s-attendre-pour-le408","status":"publish","type":"post","link":"https:\/\/usagers-transports.haut-allier.eu\/index.php\/2017\/11\/17\/a-quoi-faut-il-s-attendre-pour-le408\/","title":{"rendered":"A quoi faut-il s&rsquo;attendre pour le ferroviaire en Occitanie et pour le train C\u00e9venol ?"},"content":{"rendered":"<p>Un colloque r\u00e9gional sur le ferroviaire avait lieu \u00e0 Toulouse lundi 13 novembre dernier. Le collectif citoyen de d\u00e9fense de la gare de Villefort y \u00e9tait et nous en a fait un compte-rendu plein d&rsquo;enseignements. Merci \u00e0 eux de nous autoriser \u00e0 le publier.<br \/>\n&nbsp;<br \/>\nEn r\u00e9sum\u00e9 toutefois si vous ne voulez pas tout lire sachez que :<br \/>\n&nbsp;<br \/>\n&#8211; <strong>Le train C\u00e9venol<\/strong> aura un statut de TER \u00e0 partir du 9 d\u00e9cembre mais un TER particulier&#8230; Outre les rames neuves qui vont arriver, l&rsquo;entretien de la voie et des ouvrages d&rsquo;art restent \u00e0 la charge de l&rsquo;Etat. C&rsquo;est dont un nouveau terme de \u00ab Inter-r\u00e9gional \u00bb qui lui sera attribu\u00e9.<\/p>\n<p>&#8211; <strong>Pour l&rsquo;Aubrac<\/strong> la situation est beaucoup plus tendue, exp\u00e9rimentation sur deux ans mais apr\u00e8s ?<\/p>\n<p>&#8211; 3 cat\u00e9gories d\u00e9sormais pour les TER dont les \u00abProxi\u00bb qui seront ceux qui circuleront chez nous avec une desserte fine du territoire. <\/p>\n<p>&#8211; <strong>L&rsquo;\u00e9tat du r\u00e9seau ferroviaire<\/strong> de l&rsquo;ex r\u00e9gion Languedoc Roussillon est tr\u00e8s mauvais sauf la ligne Perpignan Marseille car n&rsquo;ayant pas \u00e9t\u00e9 renouvel\u00e9, on peut remercier les tonitruants feu Fr\u00eache et Bourquin, tandis que celui de l&rsquo;ex Midi-Pyr\u00e9n\u00e9es est parfait suite au plan Rail du plus discret Martin Malvy l&rsquo;ancien pr\u00e9sident de r\u00e9gion.<\/p>\n<p>&#8211; <strong>En milieu rural le sentiment<\/strong> est g\u00e9n\u00e9ral : partout on d\u00e9nonce l&rsquo;abandon, l&rsquo;\u00e9loignement des services publics.<\/p>\n<p>&nbsp;<\/p>\n<p><strong>Voici le compte-rendu complet de nos amis villefortais :<\/strong><br \/>\n&nbsp;<\/p>\n<blockquote><p>\nEtaient pr\u00e9sent(e)s Carole Delga Pr\u00e9sidente de la r\u00e9gion, Jean Luc Gibelin Vice Pr\u00e9sident de OPM,Jacques Rascol Directeur SNCF Mobilit\u00e9s OPM, Messieurs les directeurs SNCF R\u00e9seau, SNCFFret, et de nombreux repr\u00e9sentants CGT Cheminots, un expert de SECAFI ainsi qu&rsquo;une assembl\u00e9etr\u00e8s nombreuse compos\u00e9e de cheminots, d&rsquo;associations de d\u00e9fense de ligne, et , d&rsquo;usagers (env. 350personnes).<br \/>\n&nbsp;<br \/>\nCe colloque a \u00e9t\u00e9 organis\u00e9 par les deux CER ex Midi-Pyr\u00e9n\u00e9es(MP) et ex Languedoc Roussillon (LR).<br \/>\n&nbsp;<br \/>\nLa r\u00e9union s&rsquo;est d\u00e9roul\u00e9e en 2 phases :<br \/>\n&nbsp;<br \/>\n1) TER Quels moyens pour r\u00e9pondre aux besoins des usagers et aux exigences du service public ?<br \/>\n&nbsp;<br \/>\nQuelques constats pr\u00e9liminaires :<br \/>\n&nbsp;<br \/>\nL&rsquo;Occitanie (OPM) est une r\u00e9gion tr\u00e8s peupl\u00e9e avec pr\u00e8s de 5.7 Millions d&rsquo;habitants et une d\u00e9mographie en forte hausse car pr\u00e8s de 50 000 personnes s&rsquo;installent sur notre territoire chaque ann\u00e9e dont une majorit\u00e9 d&rsquo;actifs d&rsquo;o\u00f9 un besoin de mobilit\u00e9 accru mais cette r\u00e9partition de la population est tr\u00e8s in\u00e9gale on le sait la Loz\u00e8re et le Gers \u00e9tant les parents pauvres&#8230;<br \/>\n&nbsp;<br \/>\nAu niveau du r\u00e9seau ferroviaire, des fortes disparit\u00e9s s&rsquo;observent \u00e9galement, en effet du c\u00f4t\u00e9 MP gr\u00e2ce au Plan Rail de Martin Malvy la plupart des lignes sont en tr\u00e8s bon \u00e9tat sauf Montr\u00e9jeau\/Luchon et Rodez\/S\u00e9verac. Pour cette derni\u00e8re, qui pour nous Loz\u00e9riens est capitale car nous reliant \u00e0 Toulouse, elle va fermer le 9 d\u00e9cembre pour r\u00e9aliser des travaux d&rsquo;urgence d&rsquo;un montant de 4 Millions d&rsquo;Euros.<br \/>\n&nbsp;<br \/>\nEn LR par contre les lignes n&rsquo;ont pas eu de RVB (renouvellement voie et ballast) hormis la ligne c\u00f4ti\u00e8re Perpignan\/ Marseille&#8230;De nombreuses lignes sont dans un \u00e9tat beaucoup plus fragile&#8230; \u00e0 l&rsquo;instar de Marvejols\/Belvezet.<br \/>\n&nbsp;<br \/>\nGlobalement le trafic voyageur en OPM est pass\u00e9 de 13 \u00e0 21 millions de voyageurs sur les TER entre 2010 et aujourd&rsquo;hui et le budget r\u00e9gional pour le fer s&rsquo;\u00e9l\u00e8ve \u00e0 290 Millions d&rsquo;Euros.<br \/>\n&nbsp;<br \/>\nCarole Delga a rappel\u00e9 les 6 lignes prioritaires \u00e0 renouveler ou r\u00e9-ouvrir :<\/p>\n<p>-Montr\u00e9jeau\/Luchon,<br \/>\n-Rodez\/Millau,<br \/>\n-Le train jaune,<br \/>\n-Al\u00e8s\/Bess\u00e8ges,<br \/>\n-Carcassonne\/Quillan,<br \/>\n-et la Rive Droite du Rh\u00f4ne.<\/p>\n<p>&nbsp;<br \/>\nJean Luc Gibelin a lui assur\u00e9 la mise en place des comit\u00e9s d\u00e9partementaux rempla\u00e7ant les anciens comit\u00e9s de ligne disparus pour notre ligne en 2010. Cependant aucune date n&rsquo;a \u00e9t\u00e9 apport\u00e9e pour chacun des diff\u00e9rents sujets et c&rsquo;est bien regrettable, on imagine la complexit\u00e9 des n\u00e9gociations avec une SNCF dont l&rsquo;Etat se d\u00e9sengage totalement et qui veut faire des \u00e9conomies&#8230;Bref, ce n&rsquo;est pas rose m\u00eame si la R\u00e9gion porte une belle volont\u00e9&#8230;<br \/>\n&nbsp;<br \/>\nMais pour vous donner une id\u00e9e de la bataille \u00e0 mener, SNCF entend fermer des guichets \u00e0 Narbonne, Cahors et Carcassonne, du coup, Villefort dans la balance&#8230;. ??!!!!<br \/>\n&nbsp;<br \/>\nPour terminer les TER seront divis\u00e9s en 3 cat\u00e9gories : les \u00ab TER Proxi \u00bb seront ceux qui circuleront chez nous avec, comme ils appellent, une desserte fine du territoire.<br \/>\n&nbsp;<br \/>\n2) Mobilit\u00e9s en OPM : Intercit\u00e9s, trains de nuit, TGV, Fret&#8230; Quels engagements pour desservir l&rsquo;ensemble des territoires et satisfaire les besoins des usagers ?<br \/>\n&nbsp;<br \/>\nEvidemment partout en milieu rural ces sentiments d&rsquo;abandon , d&rsquo;\u00e9loignement des services publics sont ressentis par la population&#8230;<br \/>\n&nbsp;<br \/>\nAu sujet des IC, en ce qui concerne notre C\u00e9venol il a un statut de TER \u00e0 compter du 9 d\u00e9cembre mais un TER particulier&#8230; En effet les rames neuves arriveront prochainement, et l&rsquo;entretien de la voie et des ouvrages d&rsquo;art restent \u00e0 la charge de l&rsquo;Etat. C&rsquo;est dont un nouveau terme de \u00ab Inter-r\u00e9gional \u00bb qui lui sera attribu\u00e9.<br \/>\n&nbsp;<br \/>\nPour son cousin, l&rsquo;Aubrac, l\u00e0 la situation est beaucoup plus tendue, exp\u00e9rimentation sur deux ans mais apr\u00e8s ??<br \/>\n&nbsp;<br \/>\nLa r\u00e9gion a remis en circulation l&rsquo;IC de nuit Cerb\u00e8re\/Toulouse\/paris et a alert\u00e9 sur le danger qui plane \u00e0 compter de janvier sur le seul et unique train de nuit en Massif Central le Rodez\/Paris si pratique pour les Loz\u00e9riens !<br \/>\n&nbsp;<br \/>\nPour le FRET, son directeur ne doit pas \u00eatre fier de pr\u00e9senter un bilan aussi d\u00e9sastreux \u00e0 savoir qu&rsquo;il ne repr\u00e9sente plus que 10% contre 30% du total des marchandises transport\u00e9es en \u00e0 peine 20 ans, de gros \u00e9cumages dans les effectifs ayant \u00e9t\u00e9 r\u00e9alis\u00e9s, la situation est tendue et la SNCF refuse par exemple \u00e0 Perrier \u00e0 Verg\u00e8ze de doubler le nombre de trains \u2026 Tout va bien alors, vous ne trouvez pas ??!!!Quelle honte, non ? Quand on conna\u00eet l&rsquo;importance des \u00e9missions de gaz du transport routier sans compter l&rsquo;encombrement des routes par les camions.<br \/>\n&nbsp;<br \/>\nAlors les bla bla des m\u00e9dias et politiques avec la COP 21 dans tout \u00e7a ?<br \/>\n&nbsp;<br \/>\nEnfin en ce qui concerne le TGV je ne vais aborder que ce qui nous concerne le CNM<br \/>\n(contournement N\u00eemes\/Montpellier) l\u00e0 aussi un pas beau dossier du tout !! Oh que non !!!<br \/>\n&nbsp;<br \/>\nUn budget \u00e9norme, un partenariat priv\u00e9 \/ public et c&rsquo;est Eiffage qui encaissera les p\u00e9ages des 4 TGV et 2 IC quotidiens qui emprunteront cet axe avec une quarantaine de trains de FRET&#8230; Vous imaginez d\u00e9penser des milliards d&rsquo;euros pour une poign\u00e9e de trains voyageurs et apr\u00e8s on nous dit que Al\u00e8s Bess\u00e8ges ou Belvezet Mende c&rsquo;est pas possible&#8230;. Deux poids, deux mesures !<br \/>\n&nbsp;<br \/>\nBref, m\u00eame si il y a une forte volont\u00e9 de la part du Conseil R\u00e9gional, il va falloir se battre et ne pas se d\u00e9courager pour notre gare de Villefort : rester mobilis\u00e9(e)s et l&rsquo;utiliser le plus possible car nos achats sont un vrai pouvoir politique que nous avons entre nos mains. Mais c&rsquo;est vrai que par rapport au d\u00e9sengagement total de la part de la r\u00e9gion Auvergne Rh\u00f4ne Alpes, on peut un peu relativiser et voir le verre \u00e0 moiti\u00e9 plein qu&rsquo;\u00e0 moiti\u00e9 vide.<br \/>\n&nbsp;<\/p><\/blockquote>\n<p>Un grand merci pour ce point Alex.<\/p>\n","protected":false},"excerpt":{"rendered":"<p>Un colloque r\u00e9gional sur le ferroviaire avait lieu \u00e0 Toulouse lundi 13 novembre dernier. Le collectif citoyen de<\/p>\n","protected":false},"author":1,"featured_media":2216,"comment_status":"closed","ping_status":"open","sticky":false,"template":"","format":"standard","meta":{"footnotes":""},"categories":[3],"tags":[],"class_list":["post-408","post","type-post","status-publish","format-standard","has-post-thumbnail","hentry","category-en-train"],"_links":{"self":[{"href":"https:\/\/usagers-transports.haut-allier.eu\/index.php\/wp-json\/wp\/v2\/posts\/408","targetHints":{"allow":["GET"]}}],"collection":[{"href":"https:\/\/usagers-transports.haut-allier.eu\/index.php\/wp-json\/wp\/v2\/posts"}],"about":[{"href":"https:\/\/usagers-transports.haut-allier.eu\/index.php\/wp-json\/wp\/v2\/types\/post"}],"author":[{"embeddable":true,"href":"https:\/\/usagers-transports.haut-allier.eu\/index.php\/wp-json\/wp\/v2\/users\/1"}],"replies":[{"embeddable":true,"href":"https:\/\/usagers-transports.haut-allier.eu\/index.php\/wp-json\/wp\/v2\/comments?post=408"}],"version-history":[{"count":0,"href":"https:\/\/usagers-transports.haut-allier.eu\/index.php\/wp-json\/wp\/v2\/posts\/408\/revisions"}],"wp:featuredmedia":[{"embeddable":true,"href":"https:\/\/usagers-transports.haut-allier.eu\/index.php\/wp-json\/wp\/v2\/media\/2216"}],"wp:attachment":[{"href":"https:\/\/usagers-transports.haut-allier.eu\/index.php\/wp-json\/wp\/v2\/media?parent=408"}],"wp:term":[{"taxonomy":"category","embeddable":true,"href":"https:\/\/usagers-transports.haut-allier.eu\/index.php\/wp-json\/wp\/v2\/categories?post=408"},{"taxonomy":"post_tag","embeddable":true,"href":"https:\/\/usagers-transports.haut-allier.eu\/index.php\/wp-json\/wp\/v2\/tags?post=408"}],"curies":[{"name":"wp","href":"https:\/\/api.w.org\/{rel}","templated":true}]}}