{"id":411,"date":"2017-12-01T09:35:46","date_gmt":"2017-12-01T08:35:46","guid":{"rendered":"http:\/\/5.45.101.177\/haut-allier\/usagers-transportse\/index.php\/2017\/12\/01\/haut-allier-en-plein-hiver-sncf-et411\/"},"modified":"2017-12-01T09:35:46","modified_gmt":"2017-12-01T08:35:46","slug":"haut-allier-en-plein-hiver-sncf-et411","status":"publish","type":"post","link":"https:\/\/usagers-transports.haut-allier.eu\/index.php\/2017\/12\/01\/haut-allier-en-plein-hiver-sncf-et411\/","title":{"rendered":"Haut-Allier : en plein hiver SNCF et R\u00e9gion AURA suppriment un TER sur les seuls deux !"},"content":{"rendered":"<p>Du 30 novembre au 22 d\u00e9cembre, afin d&rsquo;assurer sans doute la continuit\u00e9 du service normal en cette p\u00e9riode de circulation neigeuse, difficile et tr\u00e8s dangereuse, SNCF Auvergne Rh\u00f4ne Alpes et la r\u00e9gion correspondante pr\u00e9sid\u00e9e par le Weau ne trouvent rien de mieux que de supprimer carr\u00e9ment le TER du soir entre Clermont Ferrand et Langogne. Une nouvelle entourloupe pour notre ligne du train C\u00e9venol.<br \/>\n&nbsp;<br \/>\nCons\u00e9quence du d\u00e9sint\u00e9r\u00eat av\u00e9r\u00e9 de la grande r\u00e9gion pour l&rsquo;Auvergne et le Haut Allier il n&rsquo;aura pas fallu attendre longtemps pour constater, apr\u00e8s la signature de la convention SNCF \/ AURA, la diff\u00e9rence de traitement entre les collectivit\u00e9s volontaristes et celles qui se fichent du service au public. La r\u00e9gion et SNCF Occitanie continuent d&rsquo;assurer, elles, le trajet N\u00eemes Langogne dans la m\u00eame p\u00e9riode. Au nord aucune substitution n&rsquo;est pr\u00e9vue m\u00eame par bus entre Langogne et Clermont ! Tout ceci est bien la cons\u00e9quence directe des \u00e9conomies demand\u00e9es par le Weau \u00e0 la SNCF et cette derni\u00e8re s&rsquo;en prend donc \u00e0 nos lignes rurales, dites moins rentables.<br \/>\n&nbsp;<br \/>\n<strong>Aucune r\u00e9ponse \u00e0 notre demande d&rsquo;arr\u00eat du C\u00e9venol \u00e0 Alleyras<\/strong><br \/>\n&nbsp;<br \/>\nNous <a href=\"http:\/\/usagers-transports.haut-allier.eu\/?gorges-du-haut-allier-nous,399\"><strong>avons demand\u00e9 la poursuite<\/strong> <\/a> des arr\u00eats du train TET C\u00e9venol \u00e0 Alleyras apr\u00e8s le 1er janvier 2018. Pas de r\u00e9action non plus.<br \/>\n&nbsp;<br \/>\n<strong>Un affichage des horaires erron\u00e9e dans les gares<\/strong><br \/>\n&nbsp;<br \/>\nM\u00eame les affiches appos\u00e9es dans les haltes et gares de la ligne sont inexactes. Depuis juillet 2017&#8230; SNCF AURA est incapable de les tenir \u00e0 jour. Ce qui fait qu&rsquo;en l&rsquo;absence de panneaux informatifs en temps r\u00e9el, que nous r\u00e9clamons depuis 10 ans, aucune information n&rsquo;est disponible.<br \/>\n&nbsp;<br \/>\n<strong> <em>La p\u00e9riode tr\u00e8s difficile pour les usagers du Haut Allier et de la ligne des C\u00e9vennes se confirme jour apr\u00e8s jour avec l&rsquo;arriv\u00e9e au pouvoir des incapables de la r\u00e9gion AURA. <\/em>  <\/strong><br \/>\n&nbsp;<br \/>\nNous venons ce jour de publier un communiqu\u00e9 de presse pour exprimer notre col\u00e8re dans les m\u00e9dias.<br \/>\n&nbsp;<br \/>\n<strong>Les fiches horaires du d\u00e9sastre<\/strong><br \/>\n&nbsp;<br \/>\n<a href=\"http:\/\/5.45.101.177\/haut-allier\/usagers-transportse\/wp-content\/uploads\/2017\/12\/occitanie_ni-cle_du_30_novembre_au_22_decembre_tcm76-136387_tcm76-172958.pdf\">occitanie_ni-cle_du_30_novembre_au_22_decembre_tcm76-136387_tcm76-172958.pdf<\/a><br \/>\n&nbsp;<br \/>\n<a href=\"http:\/\/5.45.101.177\/haut-allier\/usagers-transportse\/wp-content\/uploads\/2017\/12\/aura_affiche_pta_du_30-11_au_22_12_ligne_08_cle-ni_v2_tcm72-105036_tcm72-117624_1_.pdf\">aura_affiche_pta_du_30-11_au_22_12_ligne_08_cle-ni_v2_tcm72-105036_tcm72-117624_1_.pdf<\/a><br \/>\n&nbsp;<br \/>\n<strong>Les fiches horaires du 10\/12 au 07\/07\/2018<\/strong><br \/>\n&nbsp;<br \/>\n<a href=\"http:\/\/5.45.101.177\/haut-allier\/usagers-transportse\/wp-content\/uploads\/2017\/12\/2018_i08_h18_i_tcm72-108874_tcm72-108873.pdf\">2018_i08_h18_i_tcm72-108874_tcm72-108873.pdf<\/a><br \/>\n&nbsp;<br \/>\n<img loading=\"lazy\" decoding=\"async\" class=\" aligncenter size-full wp-image-2236\" src=\"http:\/\/5.45.101.177\/haut-allier\/usagers-transportse\/wp-content\/uploads\/2017\/12\/2018_i08_h18_i_tcm72-108874_tcm72-108873-2.jpg\" alt=\"2018_i08_h18_i_tcm72-108874_tcm72-108873-2.jpg\" align=\"center\" width=\"795\" height=\"561\" srcset=\"https:\/\/usagers-transports.haut-allier.eu\/wp-content\/uploads\/2017\/12\/2018_i08_h18_i_tcm72-108874_tcm72-108873-2.jpg 795w, https:\/\/usagers-transports.haut-allier.eu\/wp-content\/uploads\/2017\/12\/2018_i08_h18_i_tcm72-108874_tcm72-108873-2-300x212.jpg 300w, https:\/\/usagers-transports.haut-allier.eu\/wp-content\/uploads\/2017\/12\/2018_i08_h18_i_tcm72-108874_tcm72-108873-2-768x542.jpg 768w\" sizes=\"auto, (max-width: 795px) 100vw, 795px\" \/><br \/>\n&nbsp;<br \/>\n<em>(Avec l&rsquo;aide de GT)<\/em><br \/>\n&nbsp;<br \/>\n<strong>Dans la presse :<\/strong><br \/>\n&nbsp;<br \/>\n&#8211; Lyon Capitale du 30\/11\/2017 : <a href=\"http:\/\/www.lyoncapitale.fr\/Journal\/Lyon\/Politique\/Region-rhone-alpes\/Laurent-Wauquiez-revolutionne-t-il-les-TER\">Laurent Wauquiez r\u00e9volutionne-t-il les TER ?<\/a><br \/>\n&#8211; La Montagne du 28\/11\/2017 : <a href=\"https:\/\/www.lamontagne.fr\/marcenat\/faits-divers\/2017\/11\/28\/le-bus-ter-se-renverse-avec-trois-passagers-a-bord_12647941.html\">Le bus TER glisse sur la chauss\u00e9e verglac\u00e9e \u00e0 Marcenat (Cantal) : un homme l\u00e9g\u00e8rement bless\u00e9<\/a> <\/p>\n","protected":false},"excerpt":{"rendered":"<p>Du 30 novembre au 22 d\u00e9cembre, afin d&rsquo;assurer sans doute la continuit\u00e9 du service normal en cette p\u00e9riode<\/p>\n","protected":false},"author":1,"featured_media":2232,"comment_status":"closed","ping_status":"open","sticky":false,"template":"","format":"standard","meta":{"footnotes":""},"categories":[3],"tags":[],"class_list":["post-411","post","type-post","status-publish","format-standard","has-post-thumbnail","hentry","category-en-train"],"_links":{"self":[{"href":"https:\/\/usagers-transports.haut-allier.eu\/index.php\/wp-json\/wp\/v2\/posts\/411","targetHints":{"allow":["GET"]}}],"collection":[{"href":"https:\/\/usagers-transports.haut-allier.eu\/index.php\/wp-json\/wp\/v2\/posts"}],"about":[{"href":"https:\/\/usagers-transports.haut-allier.eu\/index.php\/wp-json\/wp\/v2\/types\/post"}],"author":[{"embeddable":true,"href":"https:\/\/usagers-transports.haut-allier.eu\/index.php\/wp-json\/wp\/v2\/users\/1"}],"replies":[{"embeddable":true,"href":"https:\/\/usagers-transports.haut-allier.eu\/index.php\/wp-json\/wp\/v2\/comments?post=411"}],"version-history":[{"count":0,"href":"https:\/\/usagers-transports.haut-allier.eu\/index.php\/wp-json\/wp\/v2\/posts\/411\/revisions"}],"wp:featuredmedia":[{"embeddable":true,"href":"https:\/\/usagers-transports.haut-allier.eu\/index.php\/wp-json\/wp\/v2\/media\/2232"}],"wp:attachment":[{"href":"https:\/\/usagers-transports.haut-allier.eu\/index.php\/wp-json\/wp\/v2\/media?parent=411"}],"wp:term":[{"taxonomy":"category","embeddable":true,"href":"https:\/\/usagers-transports.haut-allier.eu\/index.php\/wp-json\/wp\/v2\/categories?post=411"},{"taxonomy":"post_tag","embeddable":true,"href":"https:\/\/usagers-transports.haut-allier.eu\/index.php\/wp-json\/wp\/v2\/tags?post=411"}],"curies":[{"name":"wp","href":"https:\/\/api.w.org\/{rel}","templated":true}]}}