{"id":415,"date":"2017-12-05T15:38:06","date_gmt":"2017-12-05T14:38:06","guid":{"rendered":"http:\/\/5.45.101.177\/haut-allier\/usagers-transportse\/index.php\/2017\/12\/05\/effacement-du-trajet-le-plus-court415\/"},"modified":"2017-12-05T15:38:06","modified_gmt":"2017-12-05T14:38:06","slug":"effacement-du-trajet-le-plus-court415","status":"publish","type":"post","link":"https:\/\/usagers-transports.haut-allier.eu\/index.php\/2017\/12\/05\/effacement-du-trajet-le-plus-court415\/","title":{"rendered":"Effacement du trajet le plus court RN88 \/ A75 : le conseil d\u00e9partemental de Haute-Loire premier fautif"},"content":{"rendered":"<p>Premier fautif parce que c&rsquo;est cette collectivit\u00e9 et son service des routes qui d\u00e9cide de la politique des d\u00e9placements du d\u00e9partement et les organise.<br \/>\n&nbsp;<br \/>\nOn le r\u00e9p\u00e8te : depuis plusieurs ann\u00e9es ces messieurs s\u2019ent\u00eatent \u00e0 effacer Alleyras et son passage historique de l\u2019Allier des cartes routi\u00e8res. Cela se manifeste par le contournement organis\u00e9 de Pont d&rsquo;Alleyras, pourtant principal lieu du passage du Velay en G\u00e9vaudan par l&rsquo;Allier depuis plus de 2000 ans. Et c&rsquo;est parfaitement mis au point :<br \/>\n&nbsp;<\/p>\n<p>&#8211; en premier avec l\u2019<strong>absence de panneaux routiers indiquant les Gorges Sauvages du Haut Allier via Pont d&rsquo;Alleyras<\/strong>, au moins dans un d\u00e9marche de parcours touristique. Il vaut largement celui via Monistrol d\u2019Allier ou Chapeauroux. Alors qu\u2019un dispositif de panneaux vers les Gorges du Haut Allier est dispos\u00e9, \u00e9videmment, via Monistrol et Chapeauroux.<br \/>\n&nbsp;<br \/>\n&nbsp;<\/p>\n<p>&#8211; en deuxi\u00e8me par l\u2019<strong>absence d\u2019indication d\u2019un passage au plus court pour relier la RN88 au niveau de Solignac sur Loire \u00e0 l\u2019A75<\/strong> vers Saint-Ch\u00e9ly d\u2019Apcher. M\u00eame le site de r\u00e9f\u00e9rence <a href=\"https:\/\/www.viamichelin.fr\/web\/Itineraires?departure=43370%20Montagnac&#038;departureId=34MTE1YWlrbGI1NDMyNzA1NDMyNzA0dzRiYzE0NTQxNGo2Y05EUXVPVFl3T0RrPThNeTQ0TkRVeGNORFF1T1RZd05qYz1jTXk0NE5EVXhNZz09Y05EUXVPVFl3T0RrPThNeTQ0TkRVeDA5TW9udGFnbmFj&#038;arrival=48200%20La%20Chaumette%2C%20France&#038;index=0&#038;vehicle=0&#038;type=2&#038;distance=km&#038;currency=EUR&#038;highway=false&#038;toll=false&#038;vignette=false&#038;orc=false&#038;crossing=true&#038;caravan=false&#038;car=hatchback&#038;fuel=diesel&#038;fuelCost=1.15&#038;allowance=0&#038;corridor=&#038;departureDate=&#038;arrivalDate=\"><strong>Via Michelin<\/strong><\/a> le reconnait : le trajet via le Pont d\u2019Alleyras est le plus court (74,5 km), le plus \u00e9conomique, et ce m\u00eame en empruntant un r\u00e9seau routier indigne qui n\u2019a subi aucune am\u00e9lioration depuis plus d\u2019un demi si\u00e8cle. En voici la preuve :<br \/>\n&nbsp;<\/p>\n<p><img loading=\"lazy\" decoding=\"async\" class=\" aligncenter size-full wp-image-2239\" src=\"http:\/\/5.45.101.177\/haut-allier\/usagers-transportse\/wp-content\/uploads\/2017\/12\/maps-montagnac-rn88-saint-chely-a75.jpg\" alt=\"maps-montagnac-rn88-saint-chely-a75.jpg\" align=\"center\" width=\"1024\" height=\"600\" srcset=\"https:\/\/usagers-transports.haut-allier.eu\/wp-content\/uploads\/2017\/12\/maps-montagnac-rn88-saint-chely-a75.jpg 1024w, https:\/\/usagers-transports.haut-allier.eu\/wp-content\/uploads\/2017\/12\/maps-montagnac-rn88-saint-chely-a75-300x176.jpg 300w, https:\/\/usagers-transports.haut-allier.eu\/wp-content\/uploads\/2017\/12\/maps-montagnac-rn88-saint-chely-a75-768x450.jpg 768w\" sizes=\"auto, (max-width: 1024px) 100vw, 1024px\" \/><br \/>\n<img loading=\"lazy\" decoding=\"async\" class=\" aligncenter size-full wp-image-2240\" src=\"http:\/\/5.45.101.177\/haut-allier\/usagers-transportse\/wp-content\/uploads\/2017\/12\/maps-montagnac-rn88-saint-chely-a76-legende.jpg\" alt=\"maps-montagnac-rn88-saint-chely-a76-legende.jpg\" align=\"center\" width=\"718\" height=\"301\" srcset=\"https:\/\/usagers-transports.haut-allier.eu\/wp-content\/uploads\/2017\/12\/maps-montagnac-rn88-saint-chely-a76-legende.jpg 718w, https:\/\/usagers-transports.haut-allier.eu\/wp-content\/uploads\/2017\/12\/maps-montagnac-rn88-saint-chely-a76-legende-300x126.jpg 300w\" sizes=\"auto, (max-width: 718px) 100vw, 718px\" \/><\/p>\n<p>&nbsp;<br \/>\nPour ce calcul nous avons pris pour origine et arriv\u00e9e du trajet les deux hameaux les plus proches des embranchements routiers : Montagnac pour la RN88 et La Chaumette pour l&rsquo;\u00e9changeur 34 de l&rsquo;A75. Le r\u00e9sultat est sans appel : le trac\u00e9 1 est le plus court en temps et kilom\u00e8tres, le plus \u00e9conomique. Et pourtant il est inexistant et effac\u00e9 pour qui roule sur la RN88 en Haute-Loire.<br \/>\n&nbsp;<\/p>\n<p>&#8211; En troisi\u00e8me par la non r\u00e9sorption des al\u00e9as, comme l&rsquo;\u00e9boulement en sortie du Pont d&rsquo;Alleyras vers Saint-Pr\u00e9jet d&rsquo;Allier depuis un an ou la circulation est r\u00e9duite \u00e0 une voie unique.<br \/>\n&nbsp;<\/p>\n<p><strong>Des cons\u00e9quences \u00e9conomiques dramatiques<\/strong><br \/>\n&nbsp;<br \/>\nLe r\u00e9sultat direct est une fr\u00e9quentation routi\u00e8re tr\u00e8s faible, avec tout ce qui en est induit : une activit\u00e9 \u00e9conomique et touristique que tous les acteurs reconnaissent proche du n\u00e9ant dans une zone \u00e0 \u00e9norme potentiel.<br \/>\n&nbsp;<\/p>\n<p><strong>Le d\u00e9partement s&rsquo;en lave les mains.<\/strong><br \/>\n&nbsp;<br \/>\nInterrog\u00e9 en mai 2016 par le collectif sur l&rsquo;effacement routier qu&rsquo;il a mis en place le d\u00e9partement de Haute-Loire nous a r\u00e9pondu que non il ne ferait rien. Voici <a href=\"http:\/\/usagers-transports.haut-allier.eu\/?deplacements-routiers-alleyras-et,299\">l&rsquo;article et la r\u00e9ponse<\/a>. On en conclue que contrairement aux d\u00e9partements voisins, comme la Loz\u00e8re par exemple, la Haute-Loire se contrefiche de l&rsquo;\u00e9galit\u00e9 de traitement des territoires qui en ont le plus besoin, et <strong>persiste dans son fonctionnement f\u00e9odal<\/strong>.<\/p>\n","protected":false},"excerpt":{"rendered":"<p>Premier fautif parce que c&rsquo;est cette collectivit\u00e9 et son service des routes qui d\u00e9cide de la politique des<\/p>\n","protected":false},"author":1,"featured_media":2238,"comment_status":"open","ping_status":"open","sticky":false,"template":"","format":"standard","meta":{"footnotes":""},"categories":[9],"tags":[],"class_list":["post-415","post","type-post","status-publish","format-standard","has-post-thumbnail","hentry","category-en-auto"],"_links":{"self":[{"href":"https:\/\/usagers-transports.haut-allier.eu\/index.php\/wp-json\/wp\/v2\/posts\/415","targetHints":{"allow":["GET"]}}],"collection":[{"href":"https:\/\/usagers-transports.haut-allier.eu\/index.php\/wp-json\/wp\/v2\/posts"}],"about":[{"href":"https:\/\/usagers-transports.haut-allier.eu\/index.php\/wp-json\/wp\/v2\/types\/post"}],"author":[{"embeddable":true,"href":"https:\/\/usagers-transports.haut-allier.eu\/index.php\/wp-json\/wp\/v2\/users\/1"}],"replies":[{"embeddable":true,"href":"https:\/\/usagers-transports.haut-allier.eu\/index.php\/wp-json\/wp\/v2\/comments?post=415"}],"version-history":[{"count":0,"href":"https:\/\/usagers-transports.haut-allier.eu\/index.php\/wp-json\/wp\/v2\/posts\/415\/revisions"}],"wp:featuredmedia":[{"embeddable":true,"href":"https:\/\/usagers-transports.haut-allier.eu\/index.php\/wp-json\/wp\/v2\/media\/2238"}],"wp:attachment":[{"href":"https:\/\/usagers-transports.haut-allier.eu\/index.php\/wp-json\/wp\/v2\/media?parent=415"}],"wp:term":[{"taxonomy":"category","embeddable":true,"href":"https:\/\/usagers-transports.haut-allier.eu\/index.php\/wp-json\/wp\/v2\/categories?post=415"},{"taxonomy":"post_tag","embeddable":true,"href":"https:\/\/usagers-transports.haut-allier.eu\/index.php\/wp-json\/wp\/v2\/tags?post=415"}],"curies":[{"name":"wp","href":"https:\/\/api.w.org\/{rel}","templated":true}]}}