{"id":416,"date":"2017-12-07T16:26:23","date_gmt":"2017-12-07T15:26:23","guid":{"rendered":"http:\/\/5.45.101.177\/haut-allier\/usagers-transportse\/index.php\/2017\/12\/07\/oui-sncf-le-nouveau-fiasco-site-de416\/"},"modified":"2017-12-07T16:26:23","modified_gmt":"2017-12-07T15:26:23","slug":"oui-sncf-le-nouveau-fiasco-site-de416","status":"publish","type":"post","link":"https:\/\/usagers-transports.haut-allier.eu\/index.php\/2017\/12\/07\/oui-sncf-le-nouveau-fiasco-site-de416\/","title":{"rendered":"OUI SNCF ! Le nouveau fiasco-site de r\u00e9servation"},"content":{"rendered":"<p>Le site de r\u00e9servation en ligne obligatoire de la SNCF change de nom aujourd&rsquo;hui : de voyages-sncf.com il devient <a href=\"http:\/\/oui-sncf.com\"><strong>oui-sncf.com<\/strong><\/a>, le strictement m\u00eame site, ou plut\u00f4t la m\u00eame bouse, mais en plus lente et non s\u00e9curis\u00e9e.<br \/>\n&nbsp;<br \/>\n<em>Le nouveau site n&rsquo;est m\u00eame pas s\u00e9curis\u00e9 !<\/em><br \/>\n&nbsp;<br \/>\n<img loading=\"lazy\" decoding=\"async\" class=\" aligncenter size-full wp-image-2242\" src=\"http:\/\/5.45.101.177\/haut-allier\/usagers-transportse\/wp-content\/uploads\/2017\/12\/oui-sncf-pas-securise.jpg\" alt=\"oui-sncf-pas-securise.jpg\" align=\"center\" width=\"161\" height=\"34\" \/><br \/>\n&nbsp;<br \/>\nComme le disaient les commentateurs dans les journaux du matin : <em>\u00e7a va supprimer les retards ?<\/em> Ca risque pas ! Et surtout pas les suppressions de trains pour \u00ab\u00a0probl\u00e8me de mat\u00e9riel\u00a0\u00bb et autres mauvaises excuses.<br \/>\n&nbsp;<br \/>\n<strong>Suppressions en derni\u00e8re minute et dysfonctionnements de retour !<\/strong><br \/>\n&nbsp;<br \/>\nHormis le fait que sur la ligne du train C\u00e9venol, Clermont-Ferrand N\u00eemes <strong>des TER et Intercit\u00e9s sont SUPPRIMES sans avis de plus en plus fr\u00e9quemment<\/strong>, comme ce jeudi matin le TER de Clermont \u00e0 6h47 ou l&rsquo;Intercit\u00e9s C\u00e9venol dimanche 3 d\u00e9cembre, hormis ces caguades qui deviennent habituelles, retour <a href=\"http:\/\/usagers-transports.haut-allier.eu\/?galeres-sncf-suite-a-alleyras-le,026\"><strong>6 ans en arri\u00e8re<\/strong> <\/a> avec ce que nous d\u00e9noncions en 2011 : <strong>voici le billet et le trajet qui nous est propos\u00e9 lorsqu&rsquo;on demande un billet direct Alleyras Marseille :<\/strong><br \/>\n&nbsp;<br \/>\n<img loading=\"lazy\" decoding=\"async\" class=\" aligncenter size-full wp-image-2243\" src=\"http:\/\/5.45.101.177\/haut-allier\/usagers-transportse\/wp-content\/uploads\/2017\/12\/joxi_screenshot_1512656729924.png\" alt=\"joxi_screenshot_1512656729924.png\" align=\"center\" width=\"336\" height=\"399\" srcset=\"https:\/\/usagers-transports.haut-allier.eu\/wp-content\/uploads\/2017\/12\/joxi_screenshot_1512656729924.png 336w, https:\/\/usagers-transports.haut-allier.eu\/wp-content\/uploads\/2017\/12\/joxi_screenshot_1512656729924-253x300.png 253w\" sizes=\"auto, (max-width: 336px) 100vw, 336px\" \/><br \/>\n&nbsp;<br \/>\n<em>On fait presque le tour de France !<\/em><br \/>\n&nbsp;<br \/>\n<img loading=\"lazy\" decoding=\"async\" class=\" aligncenter size-full wp-image-2244\" src=\"http:\/\/5.45.101.177\/haut-allier\/usagers-transportse\/wp-content\/uploads\/2017\/12\/joxi_screenshot_1512656343209.png\" alt=\"joxi_screenshot_1512656343209.png\" align=\"center\" width=\"588\" height=\"329\" srcset=\"https:\/\/usagers-transports.haut-allier.eu\/wp-content\/uploads\/2017\/12\/joxi_screenshot_1512656343209.png 588w, https:\/\/usagers-transports.haut-allier.eu\/wp-content\/uploads\/2017\/12\/joxi_screenshot_1512656343209-300x168.png 300w\" sizes=\"auto, (max-width: 588px) 100vw, 588px\" \/><br \/>\n&nbsp;<br \/>\n<img loading=\"lazy\" decoding=\"async\" class=\" aligncenter size-full wp-image-2245\" src=\"http:\/\/5.45.101.177\/haut-allier\/usagers-transportse\/wp-content\/uploads\/2017\/12\/joxi_screenshot_1512656122598.png\" alt=\"joxi_screenshot_1512656122598.png\" align=\"center\" width=\"653\" height=\"289\" srcset=\"https:\/\/usagers-transports.haut-allier.eu\/wp-content\/uploads\/2017\/12\/joxi_screenshot_1512656122598.png 653w, https:\/\/usagers-transports.haut-allier.eu\/wp-content\/uploads\/2017\/12\/joxi_screenshot_1512656122598-300x133.png 300w\" sizes=\"auto, (max-width: 653px) 100vw, 653px\" \/><br \/>\n&nbsp;<br \/>\n<strong>La honte : un billet Alleyras Marseille propos\u00e9 \u00e0 90 euros en passant par&#8230; Vichy ! Un trajet de 8 heures&#8230; Une broutille. <\/strong><br \/>\n&nbsp;<br \/>\nQue des voleurs \u00e0 Oui SNCF. Oui mais en pr\u00e9cisant de quelle sorte de DIRECT on veut parler \u00e7a pourrait peut-\u00eatre s&rsquo;arranger ? C&rsquo;est exact, les talentueux informaticiens de la SNCF ont besoin de pr\u00e9cisions et d&rsquo;amour, le direct pour eux, c&rsquo;est faire une grosse boucle, ils veulent nous garder, nous prendre en otage, un petit allongement du trajet du double de kilom\u00e8tres. Alors en cochant \u00ab\u00a0modifier le trajet\u00a0\u00bb pr\u00e9cisons donc que le direct entre Alleyras et Marseille pour nous \u00e7a passe \u00e0 <strong>Langogne<\/strong> :<br \/>\n&nbsp;<br \/>\n<img loading=\"lazy\" decoding=\"async\" class=\" aligncenter size-full wp-image-2246\" src=\"http:\/\/5.45.101.177\/haut-allier\/usagers-transportse\/wp-content\/uploads\/2017\/12\/joxi_screenshot_1512656285766.png\" alt=\"joxi_screenshot_1512656285766.png\" align=\"center\" width=\"941\" height=\"308\" srcset=\"https:\/\/usagers-transports.haut-allier.eu\/wp-content\/uploads\/2017\/12\/joxi_screenshot_1512656285766.png 941w, https:\/\/usagers-transports.haut-allier.eu\/wp-content\/uploads\/2017\/12\/joxi_screenshot_1512656285766-300x98.png 300w, https:\/\/usagers-transports.haut-allier.eu\/wp-content\/uploads\/2017\/12\/joxi_screenshot_1512656285766-768x251.png 768w\" sizes=\"auto, (max-width: 941px) 100vw, 941px\" \/><br \/>\n&nbsp;<br \/>\n<em>Bingo le vrai trajet direct \u00e0 40 euros appara\u00eet. Il \u00e9tait bien cach\u00e9 il est vrai.<\/em><br \/>\n&nbsp;<br \/>\n<img loading=\"lazy\" decoding=\"async\" class=\" aligncenter size-full wp-image-2247\" src=\"http:\/\/5.45.101.177\/haut-allier\/usagers-transportse\/wp-content\/uploads\/2017\/12\/joxi_screenshot_1512656217137.png\" alt=\"joxi_screenshot_1512656217137.png\" align=\"center\" width=\"627\" height=\"230\" srcset=\"https:\/\/usagers-transports.haut-allier.eu\/wp-content\/uploads\/2017\/12\/joxi_screenshot_1512656217137.png 627w, https:\/\/usagers-transports.haut-allier.eu\/wp-content\/uploads\/2017\/12\/joxi_screenshot_1512656217137-300x110.png 300w\" sizes=\"auto, (max-width: 627px) 100vw, 627px\" \/><br \/>\n&nbsp;<br \/>\n<em>Voil\u00e0 la gueule du vrai trajet direct (dur\u00e9e la moiti\u00e9, 4 heures) :<\/em><br \/>\n&nbsp;<br \/>\n<img loading=\"lazy\" decoding=\"async\" class=\" aligncenter size-full wp-image-2248\" src=\"http:\/\/5.45.101.177\/haut-allier\/usagers-transportse\/wp-content\/uploads\/2017\/12\/joxi_screenshot_1512656654779.png\" alt=\"joxi_screenshot_1512656654779.png\" align=\"center\" width=\"401\" height=\"410\" srcset=\"https:\/\/usagers-transports.haut-allier.eu\/wp-content\/uploads\/2017\/12\/joxi_screenshot_1512656654779.png 401w, https:\/\/usagers-transports.haut-allier.eu\/wp-content\/uploads\/2017\/12\/joxi_screenshot_1512656654779-293x300.png 293w\" sizes=\"auto, (max-width: 401px) 100vw, 401px\" \/><br \/>\n&nbsp;<br \/>\nLes deux trac\u00e9s avec l&rsquo;aide du site allemand de la <a href=\"https:\/\/www.bahn.com\/fr\/view\/index.shtml\"><strong>Deusche Bahn<\/strong><\/a>, oui c&rsquo;est pas fran\u00e7ais comme nom. Oui OUI SNCF a supprim\u00e9 ses cartes de trajet ainsi que TER SNCF au cas o\u00f9 on voudrait voir o\u00f9 on nous emm\u00e8ne.<br \/>\n&nbsp;<br \/>\nImaginez la m\u00e9m\u00e9 du Cantal&#8230; ou de la Haute-Loire qui veut prendre un billet. Et pas que la m\u00e9m\u00e9, les jeunes \u00e9tudiants et lyc\u00e9ens qui n&rsquo;ont pas trop le choix aussi, et en d\u00e9finitive tous les usagers ! <\/p>\n<p>&nbsp;<br \/>\n<strong>Des ajouts, chat bot etc. pour emmerder l&rsquo;usager<\/strong><br \/>\n&nbsp;<br \/>\nIls font mumuse avec nos nerfs \u00e0 la SNCF, non contents de proposer un mauvais service, de mauvais trajets, des billets trop chers et des voyages trop longs, ils alourdissent la fluidit\u00e9 ( ! ) de leur site avec des gadgets dont on se fiche et qui viennent interrompre la recherche sans qu&rsquo;on le demande :<br \/>\n&nbsp;<br \/>\n<img loading=\"lazy\" decoding=\"async\" class=\" aligncenter size-full wp-image-2249\" src=\"http:\/\/5.45.101.177\/haut-allier\/usagers-transportse\/wp-content\/uploads\/2017\/12\/joxi_screenshot_1512657464768.png\" alt=\"joxi_screenshot_1512657464768.png\" align=\"center\" width=\"823\" height=\"406\" srcset=\"https:\/\/usagers-transports.haut-allier.eu\/wp-content\/uploads\/2017\/12\/joxi_screenshot_1512657464768.png 823w, https:\/\/usagers-transports.haut-allier.eu\/wp-content\/uploads\/2017\/12\/joxi_screenshot_1512657464768-300x148.png 300w, https:\/\/usagers-transports.haut-allier.eu\/wp-content\/uploads\/2017\/12\/joxi_screenshot_1512657464768-768x379.png 768w\" sizes=\"auto, (max-width: 823px) 100vw, 823px\" \/><br \/>\n&nbsp;<br \/>\n<em>Comment on fait partir cet \u00e9cran ? On sait pas, et si vous allez en arri\u00e8re toute votre recherche a disparu. <\/em><br \/>\n&nbsp;<br \/>\n<strong>Et puis toujours le c\u00e9l\u00e8bre \u00ab\u00a0L&rsquo;heure de d\u00e9part est d\u00e9pass\u00e9e\u00a0\u00bb<\/strong><br \/>\n&nbsp;<br \/>\nOui SNCF ne tol\u00e8re toujours pas qu&rsquo;on demande un horaire de d\u00e9part d&rsquo;un train avant l&rsquo;heure en cours. Le pass\u00e9 c&rsquo;est du pass\u00e9. Peu importe si l&rsquo;heure de d\u00e9part vous est utile pour x ou y raisons. Et donc si vous habitez \u00e0 c\u00f4t\u00e9 de la gare, s&rsquo;il est 7h05 que vous savez que votre train de 7h04 a 20 minutes de retard, et que vous demandez l&rsquo;affichage du trajet, vous aurez droit au scandaleux \u00ab\u00a0L&rsquo;heure de d\u00e9part est d\u00e9pass\u00e9e\u00a0\u00bb. Une nouvelle fa\u00e7on pour les talentueux informaticiens de la soci\u00e9t\u00e9 dite ferroviaire de vous dire : on vous emmerdera jusqu&rsquo;au bout.<br \/>\n&nbsp;<br \/>\n<img loading=\"lazy\" decoding=\"async\" class=\" aligncenter size-full wp-image-2250\" src=\"http:\/\/5.45.101.177\/haut-allier\/usagers-transportse\/wp-content\/uploads\/2017\/12\/oui-sncf-depasse.jpg\" alt=\"oui-sncf-depasse.jpg\" align=\"center\" width=\"599\" height=\"172\" srcset=\"https:\/\/usagers-transports.haut-allier.eu\/wp-content\/uploads\/2017\/12\/oui-sncf-depasse.jpg 599w, https:\/\/usagers-transports.haut-allier.eu\/wp-content\/uploads\/2017\/12\/oui-sncf-depasse-300x86.jpg 300w\" sizes=\"auto, (max-width: 599px) 100vw, 599px\" \/><br \/>\n&nbsp;<br \/>\nEt on ne vous parle m\u00eame pas des agressions publicitaires, il y a bien longtemps que nous avons \u00e9quip\u00e9 tous nos navigateurs de l&rsquo;indispensable plugin anti publicit\u00e9 <a href=\"https:\/\/addons.mozilla.org\/fr\/firefox\/addon\/ublock-origin\/\"><strong>uBlock<\/strong><\/a> AdBlock Plus. C&rsquo;est un calmant.<br \/>\n&nbsp;<br \/>\n<strong>BREF, LE SITE OUI SNCF, UNE BOUSE SCINTILLANTE. PIPO DEMISSION ! <\/strong><\/p>\n","protected":false},"excerpt":{"rendered":"<p>Le site de r\u00e9servation en ligne obligatoire de la SNCF change de nom aujourd&rsquo;hui : de voyages-sncf.com il<\/p>\n","protected":false},"author":1,"featured_media":2241,"comment_status":"open","ping_status":"open","sticky":false,"template":"","format":"standard","meta":{"footnotes":""},"categories":[3],"tags":[],"class_list":["post-416","post","type-post","status-publish","format-standard","has-post-thumbnail","hentry","category-en-train"],"_links":{"self":[{"href":"https:\/\/usagers-transports.haut-allier.eu\/index.php\/wp-json\/wp\/v2\/posts\/416","targetHints":{"allow":["GET"]}}],"collection":[{"href":"https:\/\/usagers-transports.haut-allier.eu\/index.php\/wp-json\/wp\/v2\/posts"}],"about":[{"href":"https:\/\/usagers-transports.haut-allier.eu\/index.php\/wp-json\/wp\/v2\/types\/post"}],"author":[{"embeddable":true,"href":"https:\/\/usagers-transports.haut-allier.eu\/index.php\/wp-json\/wp\/v2\/users\/1"}],"replies":[{"embeddable":true,"href":"https:\/\/usagers-transports.haut-allier.eu\/index.php\/wp-json\/wp\/v2\/comments?post=416"}],"version-history":[{"count":0,"href":"https:\/\/usagers-transports.haut-allier.eu\/index.php\/wp-json\/wp\/v2\/posts\/416\/revisions"}],"wp:featuredmedia":[{"embeddable":true,"href":"https:\/\/usagers-transports.haut-allier.eu\/index.php\/wp-json\/wp\/v2\/media\/2241"}],"wp:attachment":[{"href":"https:\/\/usagers-transports.haut-allier.eu\/index.php\/wp-json\/wp\/v2\/media?parent=416"}],"wp:term":[{"taxonomy":"category","embeddable":true,"href":"https:\/\/usagers-transports.haut-allier.eu\/index.php\/wp-json\/wp\/v2\/categories?post=416"},{"taxonomy":"post_tag","embeddable":true,"href":"https:\/\/usagers-transports.haut-allier.eu\/index.php\/wp-json\/wp\/v2\/tags?post=416"}],"curies":[{"name":"wp","href":"https:\/\/api.w.org\/{rel}","templated":true}]}}